{"id":3580,"date":"2021-06-18T10:09:49","date_gmt":"2021-06-18T08:09:49","guid":{"rendered":"http:\/\/agora.xtec.cat\/ceiplacreutorrefarrera\/?p=3580"},"modified":"2021-06-18T10:09:49","modified_gmt":"2021-06-18T08:09:49","slug":"els-musics-de-bremen","status":"publish","type":"post","link":"https:\/\/agora.xtec.cat\/ceiplacreutorrefarrera\/portada\/els-musics-de-bremen\/","title":{"rendered":"ELS M\u00daSICS DE BREMEN"},"content":{"rendered":"<p>&nbsp;<\/p>\n<p><a href=\"https:\/\/drive.google.com\/drive\/folders\/10ctD7RVdc51joc8AFq_vcvrPa4_SEjdG?usp=sharing\" target=\"_blank\" rel=\"noopener noreferrer\"><img decoding=\"async\" src=\"http:\/\/3.bp.blogspot.com\/-u8kgmOB23h0\/TtKLNVXuymI\/AAAAAAAAAEE\/aPDTxmfssPM\/s320\/bremen1.jpg\" alt=\"ELS M\u00daSICS DE BREMEN - Contes infantils_lleng\u00fcesI_grup9\" \/><\/a><\/p>\n<p><span style=\"font-weight: 400;\">Aquest curs els i les alumnes de 6\u00e8 fem un taller d\u2019Art anomenat: POSEM-HI M\u00daSICA! Que consisteix en explicar un conte als nens i nenes d\u2019Educaci\u00f3 Infantil.<\/span><\/p>\n<p><span style=\"font-weight: 400;\">Els diferents grups d\u2019aquest nivell han creat versions ben diferents del conte cl\u00e0ssic ELS M\u00daSICS DE BREMEN tot adaptant tant el gui\u00f3 com els personatges.<\/span><\/p>\n<p><span style=\"font-weight: 400;\">En aquest taller els i les alumnes\u00a0 han pogut fer de m\u00fasics, de t\u00e8cnics de so, d\u2019actors i d\u2019actrius&#8230; entre d\u2019altres.<\/span><\/p>\n<p><span style=\"font-weight: 400;\">Ens ha portat molta feina, ja que hem fusionat art, m\u00fasica, dansa&#8230; per\u00f2 tamb\u00e9 ens ho hem passat d\u2019all\u00f2 m\u00e9s b\u00e9.<\/span><\/p>\n<p><span style=\"font-weight: 400;\">Esperem que us agradin!!<\/span><\/p>\n","protected":false},"excerpt":{"rendered":"<p>&nbsp; Aquest curs els i les alumnes de 6\u00e8 fem un taller d\u2019Art anomenat: POSEM-HI M\u00daSICA! Que consisteix en explicar un conte als nens i nenes d\u2019Educaci\u00f3 Infantil. Els diferents grups d\u2019aquest nivell han creat versions ben diferents del conte cl\u00e0ssic ELS M\u00daSICS DE BREMEN tot adaptant tant el gui\u00f3 com els personatges. En aquest [&hellip;]<\/p>\n","protected":false},"author":19,"featured_media":3581,"comment_status":"open","ping_status":"closed","sticky":false,"template":"","format":"standard","meta":{"_bbp_topic_count":0,"_bbp_reply_count":0,"_bbp_total_topic_count":0,"_bbp_total_reply_count":0,"_bbp_voice_count":0,"_bbp_anonymous_reply_count":0,"_bbp_topic_count_hidden":0,"_bbp_reply_count_hidden":0,"_bbp_forum_subforum_count":0,"site-sidebar-layout":"default","site-content-layout":"","ast-site-content-layout":"","site-content-style":"default","site-sidebar-style":"default","ast-global-header-display":"","ast-banner-title-visibility":"","ast-main-header-display":"","ast-hfb-above-header-display":"","ast-hfb-below-header-display":"","ast-hfb-mobile-header-display":"","site-post-title":"","ast-breadcrumbs-content":"","ast-featured-img":"","footer-sml-layout":"","theme-transparent-header-meta":"","adv-header-id-meta":"","stick-header-meta":"","header-above-stick-meta":"","header-main-stick-meta":"","header-below-stick-meta":"","astra-migrate-meta-layouts":"default","ast-page-background-enabled":"default","ast-page-background-meta":{"desktop":{"background-color":"var(--ast-global-color-4)","background-image":"","background-repeat":"repeat","background-position":"center center","background-size":"auto","background-attachment":"scroll","background-type":"","background-media":"","overlay-type":"","overlay-color":"","overlay-opacity":"","overlay-gradient":""},"tablet":{"background-color":"","background-image":"","background-repeat":"repeat","background-position":"center center","background-size":"auto","background-attachment":"scroll","background-type":"","background-media":"","overlay-type":"","overlay-color":"","overlay-opacity":"","overlay-gradient":""},"mobile":{"background-color":"","background-image":"","background-repeat":"repeat","background-position":"center center","background-size":"auto","background-attachment":"scroll","background-type":"","background-media":"","overlay-type":"","overlay-color":"","overlay-opacity":"","overlay-gradient":""}},"ast-content-background-meta":{"desktop":{"background-color":"var(--ast-global-color-5)","background-image":"","background-repeat":"repeat","background-position":"center center","background-size":"auto","background-attachment":"scroll","background-type":"","background-media":"","overlay-type":"","overlay-color":"","overlay-opacity":"","overlay-gradient":""},"tablet":{"background-color":"var(--ast-global-color-5)","background-image":"","background-repeat":"repeat","background-position":"center center","background-size":"auto","background-attachment":"scroll","background-type":"","background-media":"","overlay-type":"","overlay-color":"","overlay-opacity":"","overlay-gradient":""},"mobile":{"background-color":"var(--ast-global-color-5)","background-image":"","background-repeat":"repeat","background-position":"center center","background-size":"auto","background-attachment":"scroll","background-type":"","background-media":"","overlay-type":"","overlay-color":"","overlay-opacity":"","overlay-gradient":""}},"footnotes":""},"categories":[15,4],"tags":[51,66],"class_list":["post-3580","post","type-post","status-publish","format-standard","has-post-thumbnail","hentry","category-6e","category-portada","tag-6e","tag-art"],"post_mailing_queue_ids":[],"_links":{"self":[{"href":"https:\/\/agora.xtec.cat\/ceiplacreutorrefarrera\/wp-json\/wp\/v2\/posts\/3580","targetHints":{"allow":["GET"]}}],"collection":[{"href":"https:\/\/agora.xtec.cat\/ceiplacreutorrefarrera\/wp-json\/wp\/v2\/posts"}],"about":[{"href":"https:\/\/agora.xtec.cat\/ceiplacreutorrefarrera\/wp-json\/wp\/v2\/types\/post"}],"author":[{"embeddable":true,"href":"https:\/\/agora.xtec.cat\/ceiplacreutorrefarrera\/wp-json\/wp\/v2\/users\/19"}],"replies":[{"embeddable":true,"href":"https:\/\/agora.xtec.cat\/ceiplacreutorrefarrera\/wp-json\/wp\/v2\/comments?post=3580"}],"version-history":[{"count":2,"href":"https:\/\/agora.xtec.cat\/ceiplacreutorrefarrera\/wp-json\/wp\/v2\/posts\/3580\/revisions"}],"predecessor-version":[{"id":3583,"href":"https:\/\/agora.xtec.cat\/ceiplacreutorrefarrera\/wp-json\/wp\/v2\/posts\/3580\/revisions\/3583"}],"wp:featuredmedia":[{"embeddable":true,"href":"https:\/\/agora.xtec.cat\/ceiplacreutorrefarrera\/wp-json\/wp\/v2\/media\/3581"}],"wp:attachment":[{"href":"https:\/\/agora.xtec.cat\/ceiplacreutorrefarrera\/wp-json\/wp\/v2\/media?parent=3580"}],"wp:term":[{"taxonomy":"category","embeddable":true,"href":"https:\/\/agora.xtec.cat\/ceiplacreutorrefarrera\/wp-json\/wp\/v2\/categories?post=3580"},{"taxonomy":"post_tag","embeddable":true,"href":"https:\/\/agora.xtec.cat\/ceiplacreutorrefarrera\/wp-json\/wp\/v2\/tags?post=3580"}],"curies":[{"name":"wp","href":"https:\/\/api.w.org\/{rel}","templated":true}]}}