{"id":3563,"date":"2021-06-13T10:18:53","date_gmt":"2021-06-13T08:18:53","guid":{"rendered":"http:\/\/agora.xtec.cat\/ceiplacreutorrefarrera\/?p=3563"},"modified":"2021-06-13T10:18:53","modified_gmt":"2021-06-13T08:18:53","slug":"article-escoltam-maig-juny","status":"publish","type":"post","link":"https:\/\/agora.xtec.cat\/ceiplacreutorrefarrera\/general\/article-escoltam-maig-juny\/","title":{"rendered":"ARTICLE ESCOLTA&#8217;M MAIG-JUNY"},"content":{"rendered":"<p>Volgudes fam\u00edlies, un any m\u00e9s arribem al darrer article del curs. Aquest ha estat un curs ben especial en qu\u00e8 la pand\u00e8mia ha marcat, i molt, les nostres vides. Des de l\u2019escola i l\u2019espai Escolta\u2019m us volem donar les gr\u00e0cies perqu\u00e8, tot i saber que aquest virus ens est\u00e0 deixant unes seq\u00fceles, algunes visibles i d\u2019altres que es porten en silenci, entre tots ens n\u2019estem sortint for\u00e7a b\u00e9.<\/p>\n<p>Som una comunitat educativa forta\u00a0 en la que cadascun dels seus membres s\u00f3n essencials, des del m\u00e9s petit dels nostres infants, fins a la padrina m\u00e9s gran que cada dia acompanya la seva neta a l\u2019escola. \u00c9s per aix\u00f2 que l\u2019\u00faltim article va dirigit a totes les fam\u00edlies, sense excepci\u00f3, que fan possible que es dugui a terme el nostre projecte educatiu.<\/p>\n<h4>Desitjar-vos un bon estiu i molta salut i for\u00e7a!<\/h4>\n<p><a href=\"https:\/\/agora.xtec.cat\/ceiplacreutorrefarrera\/wp-content\/uploads\/usu389\/2021\/06\/IMATGE-ARTICLE-8.jpg\"><img loading=\"lazy\" decoding=\"async\" class=\"alignnone wp-image-3564\" src=\"https:\/\/agora.xtec.cat\/ceiplacreutorrefarrera\/wp-content\/uploads\/usu389\/2021\/06\/IMATGE-ARTICLE-8.jpg\" alt=\"\" width=\"438\" height=\"235\" srcset=\"https:\/\/agora.xtec.cat\/ceiplacreutorrefarrera\/wp-content\/uploads\/usu389\/2021\/06\/IMATGE-ARTICLE-8.jpg 696w, https:\/\/agora.xtec.cat\/ceiplacreutorrefarrera\/wp-content\/uploads\/usu389\/2021\/06\/IMATGE-ARTICLE-8-300x161.jpg 300w\" sizes=\"auto, (max-width: 438px) 100vw, 438px\" \/><\/a><\/p>\n<p><a href=\"https:\/\/drive.google.com\/file\/d\/1H6ytIMpieXsByXbrN8zZUB-G3kADKw-V\/view?usp=sharing\">FAM\u00cdLIES, EN PLURAL!<\/a><\/p>\n","protected":false},"excerpt":{"rendered":"<p>Volgudes fam\u00edlies, un any m\u00e9s arribem al darrer article del curs. Aquest ha estat un curs ben especial en qu\u00e8 la pand\u00e8mia ha marcat, i molt, les nostres vides. Des de l\u2019escola i l\u2019espai Escolta\u2019m us volem donar les gr\u00e0cies perqu\u00e8, tot i saber que aquest virus ens est\u00e0 deixant unes seq\u00fceles, algunes visibles i [&hellip;]<\/p>\n","protected":false},"author":17,"featured_media":3564,"comment_status":"open","ping_status":"closed","sticky":false,"template":"","format":"standard","meta":{"_bbp_topic_count":0,"_bbp_reply_count":0,"_bbp_total_topic_count":0,"_bbp_total_reply_count":0,"_bbp_voice_count":0,"_bbp_anonymous_reply_count":0,"_bbp_topic_count_hidden":0,"_bbp_reply_count_hidden":0,"_bbp_forum_subforum_count":0,"site-sidebar-layout":"default","site-content-layout":"","ast-site-content-layout":"","site-content-style":"default","site-sidebar-style":"default","ast-global-header-display":"","ast-banner-title-visibility":"","ast-main-header-display":"","ast-hfb-above-header-display":"","ast-hfb-below-header-display":"","ast-hfb-mobile-header-display":"","site-post-title":"","ast-breadcrumbs-content":"","ast-featured-img":"","footer-sml-layout":"","theme-transparent-header-meta":"","adv-header-id-meta":"","stick-header-meta":"","header-above-stick-meta":"","header-main-stick-meta":"","header-below-stick-meta":"","astra-migrate-meta-layouts":"default","ast-page-background-enabled":"default","ast-page-background-meta":{"desktop":{"background-color":"var(--ast-global-color-4)","background-image":"","background-repeat":"repeat","background-position":"center center","background-size":"auto","background-attachment":"scroll","background-type":"","background-media":"","overlay-type":"","overlay-color":"","overlay-opacity":"","overlay-gradient":""},"tablet":{"background-color":"","background-image":"","background-repeat":"repeat","background-position":"center center","background-size":"auto","background-attachment":"scroll","background-type":"","background-media":"","overlay-type":"","overlay-color":"","overlay-opacity":"","overlay-gradient":""},"mobile":{"background-color":"","background-image":"","background-repeat":"repeat","background-position":"center center","background-size":"auto","background-attachment":"scroll","background-type":"","background-media":"","overlay-type":"","overlay-color":"","overlay-opacity":"","overlay-gradient":""}},"ast-content-background-meta":{"desktop":{"background-color":"var(--ast-global-color-5)","background-image":"","background-repeat":"repeat","background-position":"center center","background-size":"auto","background-attachment":"scroll","background-type":"","background-media":"","overlay-type":"","overlay-color":"","overlay-opacity":"","overlay-gradient":""},"tablet":{"background-color":"var(--ast-global-color-5)","background-image":"","background-repeat":"repeat","background-position":"center center","background-size":"auto","background-attachment":"scroll","background-type":"","background-media":"","overlay-type":"","overlay-color":"","overlay-opacity":"","overlay-gradient":""},"mobile":{"background-color":"var(--ast-global-color-5)","background-image":"","background-repeat":"repeat","background-position":"center center","background-size":"auto","background-attachment":"scroll","background-type":"","background-media":"","overlay-type":"","overlay-color":"","overlay-opacity":"","overlay-gradient":""}},"footnotes":""},"categories":[40,1,4,149],"tags":[180,150],"class_list":["post-3563","post","type-post","status-publish","format-standard","has-post-thumbnail","hentry","category-activitats-de-centre","category-general","category-portada","category-escolta","tag-articles","tag-escoltam"],"post_mailing_queue_ids":[],"_links":{"self":[{"href":"https:\/\/agora.xtec.cat\/ceiplacreutorrefarrera\/wp-json\/wp\/v2\/posts\/3563","targetHints":{"allow":["GET"]}}],"collection":[{"href":"https:\/\/agora.xtec.cat\/ceiplacreutorrefarrera\/wp-json\/wp\/v2\/posts"}],"about":[{"href":"https:\/\/agora.xtec.cat\/ceiplacreutorrefarrera\/wp-json\/wp\/v2\/types\/post"}],"author":[{"embeddable":true,"href":"https:\/\/agora.xtec.cat\/ceiplacreutorrefarrera\/wp-json\/wp\/v2\/users\/17"}],"replies":[{"embeddable":true,"href":"https:\/\/agora.xtec.cat\/ceiplacreutorrefarrera\/wp-json\/wp\/v2\/comments?post=3563"}],"version-history":[{"count":1,"href":"https:\/\/agora.xtec.cat\/ceiplacreutorrefarrera\/wp-json\/wp\/v2\/posts\/3563\/revisions"}],"predecessor-version":[{"id":3565,"href":"https:\/\/agora.xtec.cat\/ceiplacreutorrefarrera\/wp-json\/wp\/v2\/posts\/3563\/revisions\/3565"}],"wp:featuredmedia":[{"embeddable":true,"href":"https:\/\/agora.xtec.cat\/ceiplacreutorrefarrera\/wp-json\/wp\/v2\/media\/3564"}],"wp:attachment":[{"href":"https:\/\/agora.xtec.cat\/ceiplacreutorrefarrera\/wp-json\/wp\/v2\/media?parent=3563"}],"wp:term":[{"taxonomy":"category","embeddable":true,"href":"https:\/\/agora.xtec.cat\/ceiplacreutorrefarrera\/wp-json\/wp\/v2\/categories?post=3563"},{"taxonomy":"post_tag","embeddable":true,"href":"https:\/\/agora.xtec.cat\/ceiplacreutorrefarrera\/wp-json\/wp\/v2\/tags?post=3563"}],"curies":[{"name":"wp","href":"https:\/\/api.w.org\/{rel}","templated":true}]}}