{"id":3549,"date":"2021-06-18T14:17:44","date_gmt":"2021-06-18T12:17:44","guid":{"rendered":"http:\/\/agora.xtec.cat\/ceiplacreutorrefarrera\/?p=3549"},"modified":"2022-02-10T13:48:07","modified_gmt":"2022-02-10T12:48:07","slug":"setmana-cultural-a-cicle-superior-les-olimpiades","status":"publish","type":"post","link":"https:\/\/agora.xtec.cat\/ceiplacreutorrefarrera\/portada\/setmana-cultural-a-cicle-superior-les-olimpiades\/","title":{"rendered":"SETMANA CULTURAL A CICLE SUPERIOR: LES OLIMP\u00cdADES"},"content":{"rendered":"<p>SETMANA CULTURAL A CICLE SUPERIOR. ELS JOCS OL\u00cdMPICS.<\/p>\n<p><span style=\"font-weight: 400\">OLIMP\u00cdADES A L&#8217;ESCOLA\u00a0<\/span><\/p>\n<p><span style=\"font-weight: 400\">Aquest any, com quasi tots, se celebra la setmana cultural, i el tema d\u2019aquest any ha estat &#8220;Els Jocs Ol\u00edmpics&#8221;. A cada classe ha tocat treballar un esport diferent: tir a l\u2019arc, hockey herba, futbol, hockey gel, pentatl\u00f3, pirag\u00fcisme, triatl\u00f3 &#8230; A les diferents classes\u00a0 s\u2019han fet xerrades sobre els jocs ol\u00edmpics per a que els alumnes s\u00e0piguen m\u00e9s sobre les olimp\u00edades i sobre el seu origen. A sis\u00e8 s\u2019han fet presentacions sobre l\u2019esport i a cinqu\u00e8 treballs sobre les olimp\u00edades, jocs de pistes, jocs interactius, reptes, visionats de v\u00eddeos, recerca i disseny d&#8217;una mascota. La Marta d&#8217; educaci\u00f3 f\u00edsica ens ha fet un tastet dels Jocs paral\u00edmpics i tamb\u00e9 ens han vingut a fer una xerrada sobre el Tir a l&#8217;arc, un senyor, l&#8217; Arturo, amb molta experi\u00e8ncia.<\/span><\/p>\n<p>Si cliqueu sobre la imatge tindreu una bona colla de fotos per a veure qu\u00e8 hem fet.<\/p>\n<p><a href=\"https:\/\/drive.google.com\/drive\/folders\/1krpia88BOcyiOTmQHaoyw3VcvrTVliLM?usp=sharing\" target=\"_blank\" rel=\"noopener noreferrer\"><img loading=\"lazy\" decoding=\"async\" class=\"alignnone size-full wp-image-3586\" src=\"https:\/\/agora.xtec.cat\/ceiplacreutorrefarrera\/wp-content\/uploads\/usu389\/2021\/06\/baixa-1.jpg\" alt=\"\" width=\"310\" height=\"163\" srcset=\"https:\/\/agora.xtec.cat\/ceiplacreutorrefarrera\/wp-content\/uploads\/usu389\/2021\/06\/baixa-1.jpg 310w, https:\/\/agora.xtec.cat\/ceiplacreutorrefarrera\/wp-content\/uploads\/usu389\/2021\/06\/baixa-1-300x158.jpg 300w\" sizes=\"auto, (max-width: 310px) 100vw, 310px\" \/><\/a><\/p>\n<p>&nbsp;<\/p>\n","protected":false},"excerpt":{"rendered":"<p>SETMANA CULTURAL A CICLE SUPERIOR. ELS JOCS OL\u00cdMPICS. OLIMP\u00cdADES A L&#8217;ESCOLA\u00a0 Aquest any, com quasi tots, se celebra la setmana cultural, i el tema d\u2019aquest any ha estat &#8220;Els Jocs Ol\u00edmpics&#8221;. A cada classe ha tocat treballar un esport diferent: tir a l\u2019arc, hockey herba, futbol, hockey gel, pentatl\u00f3, pirag\u00fcisme, triatl\u00f3 &#8230; A les diferents [&hellip;]<\/p>\n","protected":false},"author":10,"featured_media":3550,"comment_status":"open","ping_status":"closed","sticky":false,"template":"","format":"standard","meta":{"_bbp_topic_count":0,"_bbp_reply_count":0,"_bbp_total_topic_count":0,"_bbp_total_reply_count":0,"_bbp_voice_count":0,"_bbp_anonymous_reply_count":0,"_bbp_topic_count_hidden":0,"_bbp_reply_count_hidden":0,"_bbp_forum_subforum_count":0,"site-sidebar-layout":"default","site-content-layout":"","ast-site-content-layout":"","site-content-style":"default","site-sidebar-style":"default","ast-global-header-display":"","ast-banner-title-visibility":"","ast-main-header-display":"","ast-hfb-above-header-display":"","ast-hfb-below-header-display":"","ast-hfb-mobile-header-display":"","site-post-title":"","ast-breadcrumbs-content":"","ast-featured-img":"","footer-sml-layout":"","theme-transparent-header-meta":"","adv-header-id-meta":"","stick-header-meta":"","header-above-stick-meta":"","header-main-stick-meta":"","header-below-stick-meta":"","astra-migrate-meta-layouts":"default","ast-page-background-enabled":"default","ast-page-background-meta":{"desktop":{"background-color":"var(--ast-global-color-4)","background-image":"","background-repeat":"repeat","background-position":"center center","background-size":"auto","background-attachment":"scroll","background-type":"","background-media":"","overlay-type":"","overlay-color":"","overlay-opacity":"","overlay-gradient":""},"tablet":{"background-color":"","background-image":"","background-repeat":"repeat","background-position":"center center","background-size":"auto","background-attachment":"scroll","background-type":"","background-media":"","overlay-type":"","overlay-color":"","overlay-opacity":"","overlay-gradient":""},"mobile":{"background-color":"","background-image":"","background-repeat":"repeat","background-position":"center center","background-size":"auto","background-attachment":"scroll","background-type":"","background-media":"","overlay-type":"","overlay-color":"","overlay-opacity":"","overlay-gradient":""}},"ast-content-background-meta":{"desktop":{"background-color":"var(--ast-global-color-5)","background-image":"","background-repeat":"repeat","background-position":"center center","background-size":"auto","background-attachment":"scroll","background-type":"","background-media":"","overlay-type":"","overlay-color":"","overlay-opacity":"","overlay-gradient":""},"tablet":{"background-color":"var(--ast-global-color-5)","background-image":"","background-repeat":"repeat","background-position":"center center","background-size":"auto","background-attachment":"scroll","background-type":"","background-media":"","overlay-type":"","overlay-color":"","overlay-opacity":"","overlay-gradient":""},"mobile":{"background-color":"var(--ast-global-color-5)","background-image":"","background-repeat":"repeat","background-position":"center center","background-size":"auto","background-attachment":"scroll","background-type":"","background-media":"","overlay-type":"","overlay-color":"","overlay-opacity":"","overlay-gradient":""}},"footnotes":""},"categories":[14,15,40,41,4,5,44],"tags":[209,58,51,177,57],"class_list":["post-3549","post","type-post","status-publish","format-standard","has-post-thumbnail","hentry","category-5e","category-6e","category-activitats-de-centre","category-festes-i-celebracions","category-portada","category-primaria","category-projectes","tag-portesobertes","tag-5e","tag-6e","tag-activitats","tag-xerrades"],"post_mailing_queue_ids":[],"_links":{"self":[{"href":"https:\/\/agora.xtec.cat\/ceiplacreutorrefarrera\/wp-json\/wp\/v2\/posts\/3549","targetHints":{"allow":["GET"]}}],"collection":[{"href":"https:\/\/agora.xtec.cat\/ceiplacreutorrefarrera\/wp-json\/wp\/v2\/posts"}],"about":[{"href":"https:\/\/agora.xtec.cat\/ceiplacreutorrefarrera\/wp-json\/wp\/v2\/types\/post"}],"author":[{"embeddable":true,"href":"https:\/\/agora.xtec.cat\/ceiplacreutorrefarrera\/wp-json\/wp\/v2\/users\/10"}],"replies":[{"embeddable":true,"href":"https:\/\/agora.xtec.cat\/ceiplacreutorrefarrera\/wp-json\/wp\/v2\/comments?post=3549"}],"version-history":[{"count":3,"href":"https:\/\/agora.xtec.cat\/ceiplacreutorrefarrera\/wp-json\/wp\/v2\/posts\/3549\/revisions"}],"predecessor-version":[{"id":3594,"href":"https:\/\/agora.xtec.cat\/ceiplacreutorrefarrera\/wp-json\/wp\/v2\/posts\/3549\/revisions\/3594"}],"wp:featuredmedia":[{"embeddable":true,"href":"https:\/\/agora.xtec.cat\/ceiplacreutorrefarrera\/wp-json\/wp\/v2\/media\/3550"}],"wp:attachment":[{"href":"https:\/\/agora.xtec.cat\/ceiplacreutorrefarrera\/wp-json\/wp\/v2\/media?parent=3549"}],"wp:term":[{"taxonomy":"category","embeddable":true,"href":"https:\/\/agora.xtec.cat\/ceiplacreutorrefarrera\/wp-json\/wp\/v2\/categories?post=3549"},{"taxonomy":"post_tag","embeddable":true,"href":"https:\/\/agora.xtec.cat\/ceiplacreutorrefarrera\/wp-json\/wp\/v2\/tags?post=3549"}],"curies":[{"name":"wp","href":"https:\/\/api.w.org\/{rel}","templated":true}]}}