{"id":3447,"date":"2021-05-05T17:23:06","date_gmt":"2021-05-05T15:23:06","guid":{"rendered":"http:\/\/agora.xtec.cat\/ceiplacreutorrefarrera\/?p=3447"},"modified":"2022-02-10T13:50:34","modified_gmt":"2022-02-10T12:50:34","slug":"observacio-i-disseccio-dun-cor-de-xai","status":"publish","type":"post","link":"https:\/\/agora.xtec.cat\/ceiplacreutorrefarrera\/general\/observacio-i-disseccio-dun-cor-de-xai\/","title":{"rendered":"OBSERVACI\u00d3 I DISSECCI\u00d3 D&#8217;UN COR DE XAI (5\u00e8)"},"content":{"rendered":"<p>Continuant amb el projecte <em><strong>EL COS HUM\u00c0, UNA M\u00c0QUINA PERFECTA (COM HO FA EL NOSTRE COS PER MOURE&#8217;S)<\/strong><\/em>, avui, els alumnes de 5\u00e8 hem fet l&#8217;observaci\u00f3 d&#8217;un cor de xai, que \u00e9s molt semblant al de l&#8217;\u00e9sser hum\u00e0. Art\u00e8ries, venes, v\u00e0lvules&#8230; Recordem que som mam\u00edfers. M\u00e9s d&#8217;un i una no ho veien massa clar, per\u00f2 al final, tots han pogut observar de ben a prop, manipular i experimentar amb el m\u00fascul (o un dels m\u00fasculs) m\u00e9s fort del cos. I tamb\u00e9 hem observat un cor de conill, amb els pulmons i la tr\u00e0quea (tamb\u00e9 dit <em>freixura).\u00a0<\/em><\/p>\n<p>I si cliqueu sobre la imatge podreu veure les fotos d&#8217;aquesta tarda tan profitosa.<\/p>\n<p><em><a href=\"https:\/\/drive.google.com\/drive\/folders\/1uQagzxIwjtHA4Zw98Dj7n8YxFCi3U6sk?usp=sharing\" target=\"_blank\" rel=\"noopener noreferrer\"><img loading=\"lazy\" decoding=\"async\" class=\"size-full wp-image-3450 alignleft\" src=\"https:\/\/agora.xtec.cat\/ceiplacreutorrefarrera\/wp-content\/uploads\/usu389\/2021\/05\/baixa-1.jpg\" alt=\"\" width=\"310\" height=\"163\" srcset=\"https:\/\/agora.xtec.cat\/ceiplacreutorrefarrera\/wp-content\/uploads\/usu389\/2021\/05\/baixa-1.jpg 310w, https:\/\/agora.xtec.cat\/ceiplacreutorrefarrera\/wp-content\/uploads\/usu389\/2021\/05\/baixa-1-300x158.jpg 300w\" sizes=\"auto, (max-width: 310px) 100vw, 310px\" \/><\/a><\/em><\/p>\n","protected":false},"excerpt":{"rendered":"<p>Continuant amb el projecte EL COS HUM\u00c0, UNA M\u00c0QUINA PERFECTA (COM HO FA EL NOSTRE COS PER MOURE&#8217;S), avui, els alumnes de 5\u00e8 hem fet l&#8217;observaci\u00f3 d&#8217;un cor de xai, que \u00e9s molt semblant al de l&#8217;\u00e9sser hum\u00e0. Art\u00e8ries, venes, v\u00e0lvules&#8230; Recordem que som mam\u00edfers. M\u00e9s d&#8217;un i una no ho veien massa clar, per\u00f2 [&hellip;]<\/p>\n","protected":false},"author":10,"featured_media":3449,"comment_status":"open","ping_status":"closed","sticky":false,"template":"","format":"standard","meta":{"_bbp_topic_count":0,"_bbp_reply_count":0,"_bbp_total_topic_count":0,"_bbp_total_reply_count":0,"_bbp_voice_count":0,"_bbp_anonymous_reply_count":0,"_bbp_topic_count_hidden":0,"_bbp_reply_count_hidden":0,"_bbp_forum_subforum_count":0,"site-sidebar-layout":"default","site-content-layout":"","ast-site-content-layout":"","site-content-style":"default","site-sidebar-style":"default","ast-global-header-display":"","ast-banner-title-visibility":"","ast-main-header-display":"","ast-hfb-above-header-display":"","ast-hfb-below-header-display":"","ast-hfb-mobile-header-display":"","site-post-title":"","ast-breadcrumbs-content":"","ast-featured-img":"","footer-sml-layout":"","theme-transparent-header-meta":"","adv-header-id-meta":"","stick-header-meta":"","header-above-stick-meta":"","header-main-stick-meta":"","header-below-stick-meta":"","astra-migrate-meta-layouts":"default","ast-page-background-enabled":"default","ast-page-background-meta":{"desktop":{"background-color":"var(--ast-global-color-4)","background-image":"","background-repeat":"repeat","background-position":"center center","background-size":"auto","background-attachment":"scroll","background-type":"","background-media":"","overlay-type":"","overlay-color":"","overlay-opacity":"","overlay-gradient":""},"tablet":{"background-color":"","background-image":"","background-repeat":"repeat","background-position":"center center","background-size":"auto","background-attachment":"scroll","background-type":"","background-media":"","overlay-type":"","overlay-color":"","overlay-opacity":"","overlay-gradient":""},"mobile":{"background-color":"","background-image":"","background-repeat":"repeat","background-position":"center center","background-size":"auto","background-attachment":"scroll","background-type":"","background-media":"","overlay-type":"","overlay-color":"","overlay-opacity":"","overlay-gradient":""}},"ast-content-background-meta":{"desktop":{"background-color":"var(--ast-global-color-5)","background-image":"","background-repeat":"repeat","background-position":"center center","background-size":"auto","background-attachment":"scroll","background-type":"","background-media":"","overlay-type":"","overlay-color":"","overlay-opacity":"","overlay-gradient":""},"tablet":{"background-color":"var(--ast-global-color-5)","background-image":"","background-repeat":"repeat","background-position":"center center","background-size":"auto","background-attachment":"scroll","background-type":"","background-media":"","overlay-type":"","overlay-color":"","overlay-opacity":"","overlay-gradient":""},"mobile":{"background-color":"var(--ast-global-color-5)","background-image":"","background-repeat":"repeat","background-position":"center center","background-size":"auto","background-attachment":"scroll","background-type":"","background-media":"","overlay-type":"","overlay-color":"","overlay-opacity":"","overlay-gradient":""}},"footnotes":""},"categories":[14,1,4,5],"tags":[209,58,52,53],"class_list":["post-3447","post","type-post","status-publish","format-standard","has-post-thumbnail","hentry","category-5e","category-general","category-portada","category-primaria","tag-portesobertes","tag-5e","tag-experiments","tag-medi"],"post_mailing_queue_ids":[],"_links":{"self":[{"href":"https:\/\/agora.xtec.cat\/ceiplacreutorrefarrera\/wp-json\/wp\/v2\/posts\/3447","targetHints":{"allow":["GET"]}}],"collection":[{"href":"https:\/\/agora.xtec.cat\/ceiplacreutorrefarrera\/wp-json\/wp\/v2\/posts"}],"about":[{"href":"https:\/\/agora.xtec.cat\/ceiplacreutorrefarrera\/wp-json\/wp\/v2\/types\/post"}],"author":[{"embeddable":true,"href":"https:\/\/agora.xtec.cat\/ceiplacreutorrefarrera\/wp-json\/wp\/v2\/users\/10"}],"replies":[{"embeddable":true,"href":"https:\/\/agora.xtec.cat\/ceiplacreutorrefarrera\/wp-json\/wp\/v2\/comments?post=3447"}],"version-history":[{"count":3,"href":"https:\/\/agora.xtec.cat\/ceiplacreutorrefarrera\/wp-json\/wp\/v2\/posts\/3447\/revisions"}],"predecessor-version":[{"id":3452,"href":"https:\/\/agora.xtec.cat\/ceiplacreutorrefarrera\/wp-json\/wp\/v2\/posts\/3447\/revisions\/3452"}],"wp:featuredmedia":[{"embeddable":true,"href":"https:\/\/agora.xtec.cat\/ceiplacreutorrefarrera\/wp-json\/wp\/v2\/media\/3449"}],"wp:attachment":[{"href":"https:\/\/agora.xtec.cat\/ceiplacreutorrefarrera\/wp-json\/wp\/v2\/media?parent=3447"}],"wp:term":[{"taxonomy":"category","embeddable":true,"href":"https:\/\/agora.xtec.cat\/ceiplacreutorrefarrera\/wp-json\/wp\/v2\/categories?post=3447"},{"taxonomy":"post_tag","embeddable":true,"href":"https:\/\/agora.xtec.cat\/ceiplacreutorrefarrera\/wp-json\/wp\/v2\/tags?post=3447"}],"curies":[{"name":"wp","href":"https:\/\/api.w.org\/{rel}","templated":true}]}}