{"id":3443,"date":"2021-05-02T21:37:47","date_gmt":"2021-05-02T19:37:47","guid":{"rendered":"http:\/\/agora.xtec.cat\/ceiplacreutorrefarrera\/?p=3443"},"modified":"2021-05-02T21:37:47","modified_gmt":"2021-05-02T19:37:47","slug":"article-escoltam-abril-3","status":"publish","type":"post","link":"https:\/\/agora.xtec.cat\/ceiplacreutorrefarrera\/portada\/article-escoltam-abril-3\/","title":{"rendered":"ARTICLE ESCOLTA&#8217;M ABRIL"},"content":{"rendered":"<p><img loading=\"lazy\" decoding=\"async\" class=\"alignright\" src=\"https:\/\/agora.xtec.cat\/ceiplacreutorrefarrera\/wp-content\/uploads\/usu389\/2021\/05\/116-control-parental.jpg_1944503459.jpg\" width=\"256\" height=\"171\" \/><\/p>\n<p><b>L\u2019any 2017 el 98% dels nois i noies catalans d&#8217;entre 10 i 15 anys feien servir internet i m\u00e9s del 65% tenien m\u00f2bil, segons dades de l&#8217;<\/b><a href=\"http:\/\/www.idescat.cat\/pub\/?id=ticll16&amp;n=1.2.2\"><b>Institut d&#8217;Estad\u00edstica de Catalunya (Idescat)<\/b><\/a><b>.\u00a0<\/b><\/p>\n<p><span style=\"font-weight: 400\">De ben segur que actualment aquestes xifres s\u2019han disparat i s\u00f3n cada<\/span><span style=\"font-weight: 400\">\u00a0vegada m<\/span><span style=\"font-family: inherit;font-size: 1em\">\u00e9s e<\/span><span style=\"font-family: inherit;font-size: 1em\">ls nens i nenes menors de 10 anys que accedeixe<\/span><span style=\"font-family: inherit;font-size: 1em\">n a les xarxes de manera m\u00e9s o menys lliure. Des de l\u2019Escolta\u2019m us volem oferir la possibilitat de reflexionar sobre aquest fet amb un article de la UOC (Universitat Oberta de Catalunya) d\u2019aquell any que ens ha semblat for\u00e7a actual i tamb\u00e9 us volem donar un recurs que la Generalitat ens ofereix a trav\u00e9s del Mossos d\u2019Esquadra per dotar-nos d\u2019eines que ens permetin acompanyar d\u2019una manera m\u00e9s segura els nostres fills i filles.<\/span><\/p>\n<p>Cliqueu en el seg\u00fcent enlla\u00e7 per llegir l&#8217;article complert:<\/p>\n<p><a href=\"https:\/\/drive.google.com\/file\/d\/11We61B5aeOtpuA3AqzjKkzaDbndMvv20\/view?usp=sharing\"><b>8 de cada 10 pares no alerten els seus fills dels perills d\u2019internet<\/b><\/a><\/p>\n","protected":false},"excerpt":{"rendered":"<p>L\u2019any 2017 el 98% dels nois i noies catalans d&#8217;entre 10 i 15 anys feien servir internet i m\u00e9s del 65% tenien m\u00f2bil, segons dades de l&#8217;Institut d&#8217;Estad\u00edstica de Catalunya (Idescat).\u00a0 De ben segur que actualment aquestes xifres s\u2019han disparat i s\u00f3n cada\u00a0vegada m\u00e9s els nens i nenes menors de 10 anys que accedeixen a [&hellip;]<\/p>\n","protected":false},"author":17,"featured_media":3444,"comment_status":"open","ping_status":"closed","sticky":false,"template":"","format":"standard","meta":{"_bbp_topic_count":0,"_bbp_reply_count":0,"_bbp_total_topic_count":0,"_bbp_total_reply_count":0,"_bbp_voice_count":0,"_bbp_anonymous_reply_count":0,"_bbp_topic_count_hidden":0,"_bbp_reply_count_hidden":0,"_bbp_forum_subforum_count":0,"site-sidebar-layout":"default","site-content-layout":"","ast-site-content-layout":"","site-content-style":"default","site-sidebar-style":"default","ast-global-header-display":"","ast-banner-title-visibility":"","ast-main-header-display":"","ast-hfb-above-header-display":"","ast-hfb-below-header-display":"","ast-hfb-mobile-header-display":"","site-post-title":"","ast-breadcrumbs-content":"","ast-featured-img":"","footer-sml-layout":"","theme-transparent-header-meta":"","adv-header-id-meta":"","stick-header-meta":"","header-above-stick-meta":"","header-main-stick-meta":"","header-below-stick-meta":"","astra-migrate-meta-layouts":"default","ast-page-background-enabled":"default","ast-page-background-meta":{"desktop":{"background-color":"var(--ast-global-color-4)","background-image":"","background-repeat":"repeat","background-position":"center center","background-size":"auto","background-attachment":"scroll","background-type":"","background-media":"","overlay-type":"","overlay-color":"","overlay-opacity":"","overlay-gradient":""},"tablet":{"background-color":"","background-image":"","background-repeat":"repeat","background-position":"center center","background-size":"auto","background-attachment":"scroll","background-type":"","background-media":"","overlay-type":"","overlay-color":"","overlay-opacity":"","overlay-gradient":""},"mobile":{"background-color":"","background-image":"","background-repeat":"repeat","background-position":"center center","background-size":"auto","background-attachment":"scroll","background-type":"","background-media":"","overlay-type":"","overlay-color":"","overlay-opacity":"","overlay-gradient":""}},"ast-content-background-meta":{"desktop":{"background-color":"var(--ast-global-color-5)","background-image":"","background-repeat":"repeat","background-position":"center center","background-size":"auto","background-attachment":"scroll","background-type":"","background-media":"","overlay-type":"","overlay-color":"","overlay-opacity":"","overlay-gradient":""},"tablet":{"background-color":"var(--ast-global-color-5)","background-image":"","background-repeat":"repeat","background-position":"center center","background-size":"auto","background-attachment":"scroll","background-type":"","background-media":"","overlay-type":"","overlay-color":"","overlay-opacity":"","overlay-gradient":""},"mobile":{"background-color":"var(--ast-global-color-5)","background-image":"","background-repeat":"repeat","background-position":"center center","background-size":"auto","background-attachment":"scroll","background-type":"","background-media":"","overlay-type":"","overlay-color":"","overlay-opacity":"","overlay-gradient":""}},"footnotes":""},"categories":[40,4,149],"tags":[180,150],"class_list":["post-3443","post","type-post","status-publish","format-standard","has-post-thumbnail","hentry","category-activitats-de-centre","category-portada","category-escolta","tag-articles","tag-escoltam"],"post_mailing_queue_ids":[],"_links":{"self":[{"href":"https:\/\/agora.xtec.cat\/ceiplacreutorrefarrera\/wp-json\/wp\/v2\/posts\/3443","targetHints":{"allow":["GET"]}}],"collection":[{"href":"https:\/\/agora.xtec.cat\/ceiplacreutorrefarrera\/wp-json\/wp\/v2\/posts"}],"about":[{"href":"https:\/\/agora.xtec.cat\/ceiplacreutorrefarrera\/wp-json\/wp\/v2\/types\/post"}],"author":[{"embeddable":true,"href":"https:\/\/agora.xtec.cat\/ceiplacreutorrefarrera\/wp-json\/wp\/v2\/users\/17"}],"replies":[{"embeddable":true,"href":"https:\/\/agora.xtec.cat\/ceiplacreutorrefarrera\/wp-json\/wp\/v2\/comments?post=3443"}],"version-history":[{"count":1,"href":"https:\/\/agora.xtec.cat\/ceiplacreutorrefarrera\/wp-json\/wp\/v2\/posts\/3443\/revisions"}],"predecessor-version":[{"id":3445,"href":"https:\/\/agora.xtec.cat\/ceiplacreutorrefarrera\/wp-json\/wp\/v2\/posts\/3443\/revisions\/3445"}],"wp:featuredmedia":[{"embeddable":true,"href":"https:\/\/agora.xtec.cat\/ceiplacreutorrefarrera\/wp-json\/wp\/v2\/media\/3444"}],"wp:attachment":[{"href":"https:\/\/agora.xtec.cat\/ceiplacreutorrefarrera\/wp-json\/wp\/v2\/media?parent=3443"}],"wp:term":[{"taxonomy":"category","embeddable":true,"href":"https:\/\/agora.xtec.cat\/ceiplacreutorrefarrera\/wp-json\/wp\/v2\/categories?post=3443"},{"taxonomy":"post_tag","embeddable":true,"href":"https:\/\/agora.xtec.cat\/ceiplacreutorrefarrera\/wp-json\/wp\/v2\/tags?post=3443"}],"curies":[{"name":"wp","href":"https:\/\/api.w.org\/{rel}","templated":true}]}}