{"id":3415,"date":"2021-04-25T10:52:51","date_gmt":"2021-04-25T08:52:51","guid":{"rendered":"http:\/\/agora.xtec.cat\/ceiplacreutorrefarrera\/?p=3415"},"modified":"2021-04-25T10:52:51","modified_gmt":"2021-04-25T08:52:51","slug":"sortida-grafitis-segon","status":"publish","type":"post","link":"https:\/\/agora.xtec.cat\/ceiplacreutorrefarrera\/portada\/sortida-grafitis-segon\/","title":{"rendered":"SORTIDA GRAFITIS &#8211; SEGON"},"content":{"rendered":"<p>El dia 22 d&#8217;abril, dins de les activitats de la Setmana de Sant Jordi a l&#8217;escola, els alumnes de segon vam fer una sortida per veure alguns dels grafitis del poble. Com el curs passat, des de l&#8217;\u00e0rea d&#8217;art, aprofitem els murals i grafitis que ens ofereix el nostre entorn m\u00e9s proper per gaudir d&#8217;un altre tipus d&#8217;art, l&#8217;art urb\u00e0, i iniciar i desenvolupar diferents t\u00e8cniques art\u00edstiques. Aquesta ha sigut la nostra primera sortida en aquest curs tan especial i est\u00e0vem s\u00faper il\u00b7lusionats. Vam donar un bon tomb pel poble i ens vam aturar a observar ben atentament els grafitis &#8220;Abulia&#8221; de Lily Brick, &#8220;Lo gatet gegant&#8221; d&#8217;Oriol Arum\u00ed, &#8220;Fruits de temporada&#8221; de Swen-art i &#8220;Empodera&#8221; de Bara-Taller. En aquest \u00faltim ens vam aturar m\u00e9s temps per observar les paraules que hi sortien i parlar del seu significat, i vam aprofitar que l&#8217;espai ens ho permetia per dibuixar-lo a la nostra manera. Ens van quedar uns &#8220;grafitis&#8221; molt macos\u00a0 que acabarem a la classe d&#8217;art donant-los-hi color.<\/p>\n<p>Per veure com va anar la sortida cliqueu a la imatge:<\/p>\n<p><a href=\"https:\/\/drive.google.com\/drive\/folders\/1YvgSxKR2Q9QReAg0DORe9XKo4joWq4zv?usp=sharing\"><img loading=\"lazy\" decoding=\"async\" class=\"alignnone wp-image-3416 size-full\" src=\"https:\/\/agora.xtec.cat\/ceiplacreutorrefarrera\/wp-content\/uploads\/usu389\/2021\/04\/EMPODERA.png\" alt=\"\" width=\"275\" height=\"183\" \/><\/a><\/p>\n<p>&nbsp;<\/p>\n","protected":false},"excerpt":{"rendered":"<p>El dia 22 d&#8217;abril, dins de les activitats de la Setmana de Sant Jordi a l&#8217;escola, els alumnes de segon vam fer una sortida per veure alguns dels grafitis del poble. Com el curs passat, des de l&#8217;\u00e0rea d&#8217;art, aprofitem els murals i grafitis que ens ofereix el nostre entorn m\u00e9s proper per gaudir d&#8217;un [&hellip;]<\/p>\n","protected":false},"author":17,"featured_media":3416,"comment_status":"open","ping_status":"closed","sticky":false,"template":"","format":"standard","meta":{"_bbp_topic_count":0,"_bbp_reply_count":0,"_bbp_total_topic_count":0,"_bbp_total_reply_count":0,"_bbp_voice_count":0,"_bbp_anonymous_reply_count":0,"_bbp_topic_count_hidden":0,"_bbp_reply_count_hidden":0,"_bbp_forum_subforum_count":0,"site-sidebar-layout":"default","site-content-layout":"","ast-site-content-layout":"","site-content-style":"default","site-sidebar-style":"default","ast-global-header-display":"","ast-banner-title-visibility":"","ast-main-header-display":"","ast-hfb-above-header-display":"","ast-hfb-below-header-display":"","ast-hfb-mobile-header-display":"","site-post-title":"","ast-breadcrumbs-content":"","ast-featured-img":"","footer-sml-layout":"","theme-transparent-header-meta":"","adv-header-id-meta":"","stick-header-meta":"","header-above-stick-meta":"","header-main-stick-meta":"","header-below-stick-meta":"","astra-migrate-meta-layouts":"default","ast-page-background-enabled":"default","ast-page-background-meta":{"desktop":{"background-color":"var(--ast-global-color-4)","background-image":"","background-repeat":"repeat","background-position":"center center","background-size":"auto","background-attachment":"scroll","background-type":"","background-media":"","overlay-type":"","overlay-color":"","overlay-opacity":"","overlay-gradient":""},"tablet":{"background-color":"","background-image":"","background-repeat":"repeat","background-position":"center center","background-size":"auto","background-attachment":"scroll","background-type":"","background-media":"","overlay-type":"","overlay-color":"","overlay-opacity":"","overlay-gradient":""},"mobile":{"background-color":"","background-image":"","background-repeat":"repeat","background-position":"center center","background-size":"auto","background-attachment":"scroll","background-type":"","background-media":"","overlay-type":"","overlay-color":"","overlay-opacity":"","overlay-gradient":""}},"ast-content-background-meta":{"desktop":{"background-color":"var(--ast-global-color-5)","background-image":"","background-repeat":"repeat","background-position":"center center","background-size":"auto","background-attachment":"scroll","background-type":"","background-media":"","overlay-type":"","overlay-color":"","overlay-opacity":"","overlay-gradient":""},"tablet":{"background-color":"var(--ast-global-color-5)","background-image":"","background-repeat":"repeat","background-position":"center center","background-size":"auto","background-attachment":"scroll","background-type":"","background-media":"","overlay-type":"","overlay-color":"","overlay-opacity":"","overlay-gradient":""},"mobile":{"background-color":"var(--ast-global-color-5)","background-image":"","background-repeat":"repeat","background-position":"center center","background-size":"auto","background-attachment":"scroll","background-type":"","background-media":"","overlay-type":"","overlay-color":"","overlay-opacity":"","overlay-gradient":""}},"footnotes":""},"categories":[11,4,5],"tags":[199,179,196],"class_list":["post-3415","post","type-post","status-publish","format-standard","has-post-thumbnail","hentry","category-2n","category-portada","category-primaria","tag-grafiti","tag-segon","tag-sortida"],"post_mailing_queue_ids":[],"_links":{"self":[{"href":"https:\/\/agora.xtec.cat\/ceiplacreutorrefarrera\/wp-json\/wp\/v2\/posts\/3415","targetHints":{"allow":["GET"]}}],"collection":[{"href":"https:\/\/agora.xtec.cat\/ceiplacreutorrefarrera\/wp-json\/wp\/v2\/posts"}],"about":[{"href":"https:\/\/agora.xtec.cat\/ceiplacreutorrefarrera\/wp-json\/wp\/v2\/types\/post"}],"author":[{"embeddable":true,"href":"https:\/\/agora.xtec.cat\/ceiplacreutorrefarrera\/wp-json\/wp\/v2\/users\/17"}],"replies":[{"embeddable":true,"href":"https:\/\/agora.xtec.cat\/ceiplacreutorrefarrera\/wp-json\/wp\/v2\/comments?post=3415"}],"version-history":[{"count":2,"href":"https:\/\/agora.xtec.cat\/ceiplacreutorrefarrera\/wp-json\/wp\/v2\/posts\/3415\/revisions"}],"predecessor-version":[{"id":3418,"href":"https:\/\/agora.xtec.cat\/ceiplacreutorrefarrera\/wp-json\/wp\/v2\/posts\/3415\/revisions\/3418"}],"wp:featuredmedia":[{"embeddable":true,"href":"https:\/\/agora.xtec.cat\/ceiplacreutorrefarrera\/wp-json\/wp\/v2\/media\/3416"}],"wp:attachment":[{"href":"https:\/\/agora.xtec.cat\/ceiplacreutorrefarrera\/wp-json\/wp\/v2\/media?parent=3415"}],"wp:term":[{"taxonomy":"category","embeddable":true,"href":"https:\/\/agora.xtec.cat\/ceiplacreutorrefarrera\/wp-json\/wp\/v2\/categories?post=3415"},{"taxonomy":"post_tag","embeddable":true,"href":"https:\/\/agora.xtec.cat\/ceiplacreutorrefarrera\/wp-json\/wp\/v2\/tags?post=3415"}],"curies":[{"name":"wp","href":"https:\/\/api.w.org\/{rel}","templated":true}]}}