{"id":3387,"date":"2021-04-23T12:15:28","date_gmt":"2021-04-23T10:15:28","guid":{"rendered":"http:\/\/agora.xtec.cat\/ceiplacreutorrefarrera\/?p=3387"},"modified":"2021-04-23T12:24:00","modified_gmt":"2021-04-23T10:24:00","slug":"sortida-a-veure-les-cigonyes-del-poble","status":"publish","type":"post","link":"https:\/\/agora.xtec.cat\/ceiplacreutorrefarrera\/general\/sortida-a-veure-les-cigonyes-del-poble\/","title":{"rendered":"SORTIDA A  VEURE LES CIGONYES DEL POBLE!!!"},"content":{"rendered":"<p><span style=\"font-weight: 400\">El dijous 15 i el divendres 16 d\u2019abril la colla dels CONILLS i de les PIRULETES i els XUPA-XUPS, hem anat d\u2019excursi\u00f3 pel nostre poble. Ten\u00edem un prop\u00f2sit, enriquir el llistat d\u2019aus que pr\u00e8viament hav\u00edem elaborat a l\u2019aula.<\/span><\/p>\n<p><span style=\"font-weight: 400\">Hem preparat prism\u00e0tics per poder observar d\u2019a prop les aus que ens hem trobat al llarg de la sortida\u00a0 i en arribar a l\u2019esgl\u00e8sia ens hem trobat una gran sorpresa: un niu amb una CIGONYA.<\/span><\/p>\n<p><span style=\"font-weight: 400\">En un inici no sab\u00edem de quin animal es tractava, per\u00f2 un avi de Torrefarrera, el Sr. Pepe, ens ha anomenat com es deia i alguna de les seves peculiaritats.<\/span><\/p>\n<p><span style=\"font-weight: 400\">El mat\u00ed ha estat complert i per finalizar la sortida, hem fet una aturada l\u00fadica al parc del costat de l\u2019escola.<\/span><\/p>\n<p><span style=\"font-weight: 400\">Us deixem les imatges!!!<\/span><\/p>\n<p><a href=\"https:\/\/drive.google.com\/drive\/folders\/1MuQq7M_NvGHf7OgckdQwtrw9IQDe2vM6?usp=sharing\" target=\"_blank\" rel=\"noopener noreferrer\"><img loading=\"lazy\" decoding=\"async\" class=\"wp-image-3388 aligncenter\" src=\"https:\/\/agora.xtec.cat\/ceiplacreutorrefarrera\/wp-content\/uploads\/usu389\/2021\/04\/IMG_5685-300x225.jpg\" alt=\"\" width=\"152\" height=\"203\" \/><\/a><\/p>\n<p>&nbsp;<\/p>\n","protected":false},"excerpt":{"rendered":"<p>El dijous 15 i el divendres 16 d\u2019abril la colla dels CONILLS i de les PIRULETES i els XUPA-XUPS, hem anat d\u2019excursi\u00f3 pel nostre poble. Ten\u00edem un prop\u00f2sit, enriquir el llistat d\u2019aus que pr\u00e8viament hav\u00edem elaborat a l\u2019aula. Hem preparat prism\u00e0tics per poder observar d\u2019a prop les aus que ens hem trobat al llarg de [&hellip;]<\/p>\n","protected":false},"author":7,"featured_media":3388,"comment_status":"open","ping_status":"closed","sticky":false,"template":"","format":"standard","meta":{"_bbp_topic_count":0,"_bbp_reply_count":0,"_bbp_total_topic_count":0,"_bbp_total_reply_count":0,"_bbp_voice_count":0,"_bbp_anonymous_reply_count":0,"_bbp_topic_count_hidden":0,"_bbp_reply_count_hidden":0,"_bbp_forum_subforum_count":0,"site-sidebar-layout":"default","site-content-layout":"","ast-site-content-layout":"","site-content-style":"default","site-sidebar-style":"default","ast-global-header-display":"","ast-banner-title-visibility":"","ast-main-header-display":"","ast-hfb-above-header-display":"","ast-hfb-below-header-display":"","ast-hfb-mobile-header-display":"","site-post-title":"","ast-breadcrumbs-content":"","ast-featured-img":"","footer-sml-layout":"","theme-transparent-header-meta":"","adv-header-id-meta":"","stick-header-meta":"","header-above-stick-meta":"","header-main-stick-meta":"","header-below-stick-meta":"","astra-migrate-meta-layouts":"default","ast-page-background-enabled":"default","ast-page-background-meta":{"desktop":{"background-color":"var(--ast-global-color-4)","background-image":"","background-repeat":"repeat","background-position":"center center","background-size":"auto","background-attachment":"scroll","background-type":"","background-media":"","overlay-type":"","overlay-color":"","overlay-opacity":"","overlay-gradient":""},"tablet":{"background-color":"","background-image":"","background-repeat":"repeat","background-position":"center center","background-size":"auto","background-attachment":"scroll","background-type":"","background-media":"","overlay-type":"","overlay-color":"","overlay-opacity":"","overlay-gradient":""},"mobile":{"background-color":"","background-image":"","background-repeat":"repeat","background-position":"center center","background-size":"auto","background-attachment":"scroll","background-type":"","background-media":"","overlay-type":"","overlay-color":"","overlay-opacity":"","overlay-gradient":""}},"ast-content-background-meta":{"desktop":{"background-color":"var(--ast-global-color-5)","background-image":"","background-repeat":"repeat","background-position":"center center","background-size":"auto","background-attachment":"scroll","background-type":"","background-media":"","overlay-type":"","overlay-color":"","overlay-opacity":"","overlay-gradient":""},"tablet":{"background-color":"var(--ast-global-color-5)","background-image":"","background-repeat":"repeat","background-position":"center center","background-size":"auto","background-attachment":"scroll","background-type":"","background-media":"","overlay-type":"","overlay-color":"","overlay-opacity":"","overlay-gradient":""},"mobile":{"background-color":"var(--ast-global-color-5)","background-image":"","background-repeat":"repeat","background-position":"center center","background-size":"auto","background-attachment":"scroll","background-type":"","background-media":"","overlay-type":"","overlay-color":"","overlay-opacity":"","overlay-gradient":""}},"footnotes":""},"categories":[1,3,2,4],"tags":[119,75,16],"class_list":["post-3387","post","type-post","status-publish","format-standard","has-post-thumbnail","hentry","category-general","category-i3","category-infantil","category-portada","tag-infantil","tag-p3","tag-sortides"],"post_mailing_queue_ids":[],"_links":{"self":[{"href":"https:\/\/agora.xtec.cat\/ceiplacreutorrefarrera\/wp-json\/wp\/v2\/posts\/3387","targetHints":{"allow":["GET"]}}],"collection":[{"href":"https:\/\/agora.xtec.cat\/ceiplacreutorrefarrera\/wp-json\/wp\/v2\/posts"}],"about":[{"href":"https:\/\/agora.xtec.cat\/ceiplacreutorrefarrera\/wp-json\/wp\/v2\/types\/post"}],"author":[{"embeddable":true,"href":"https:\/\/agora.xtec.cat\/ceiplacreutorrefarrera\/wp-json\/wp\/v2\/users\/7"}],"replies":[{"embeddable":true,"href":"https:\/\/agora.xtec.cat\/ceiplacreutorrefarrera\/wp-json\/wp\/v2\/comments?post=3387"}],"version-history":[{"count":3,"href":"https:\/\/agora.xtec.cat\/ceiplacreutorrefarrera\/wp-json\/wp\/v2\/posts\/3387\/revisions"}],"predecessor-version":[{"id":3396,"href":"https:\/\/agora.xtec.cat\/ceiplacreutorrefarrera\/wp-json\/wp\/v2\/posts\/3387\/revisions\/3396"}],"wp:featuredmedia":[{"embeddable":true,"href":"https:\/\/agora.xtec.cat\/ceiplacreutorrefarrera\/wp-json\/wp\/v2\/media\/3388"}],"wp:attachment":[{"href":"https:\/\/agora.xtec.cat\/ceiplacreutorrefarrera\/wp-json\/wp\/v2\/media?parent=3387"}],"wp:term":[{"taxonomy":"category","embeddable":true,"href":"https:\/\/agora.xtec.cat\/ceiplacreutorrefarrera\/wp-json\/wp\/v2\/categories?post=3387"},{"taxonomy":"post_tag","embeddable":true,"href":"https:\/\/agora.xtec.cat\/ceiplacreutorrefarrera\/wp-json\/wp\/v2\/tags?post=3387"}],"curies":[{"name":"wp","href":"https:\/\/api.w.org\/{rel}","templated":true}]}}