{"id":3185,"date":"2021-01-29T16:33:18","date_gmt":"2021-01-29T15:33:18","guid":{"rendered":"http:\/\/agora.xtec.cat\/ceiplacreutorrefarrera\/?p=3185"},"modified":"2021-01-29T16:34:39","modified_gmt":"2021-01-29T15:34:39","slug":"proves-timss-2019","status":"publish","type":"post","link":"https:\/\/agora.xtec.cat\/ceiplacreutorrefarrera\/general\/proves-timss-2019\/","title":{"rendered":"Proves TIMSS 2019 &#8211; L&#8217;\u00e8xit del nostre alumnat"},"content":{"rendered":"<p>Durant el <strong>curs 2018\/2019<\/strong> l&#8217;alumnat de<strong> 4t<\/strong> de la nostra escola va ser seleccionat per a participar en l&#8217;Estudi Internacional de Tend\u00e8ncies en Matem\u00e0tiques i Ci\u00e8ncies (TIMSS 2019).<\/p>\n<p>En aquest mes de gener de 2021, l&#8217;escola ha rebut els resultats d&#8217;aquesta avaluaci\u00f3 en la qual es fa una comparativa del propi centre (Escola La Creu) respecte a la mitjana de centres participants de Catalunya, d&#8217;Espanya, de la Uni\u00f3 Europea i tamb\u00e9 de la OCDE.<\/p>\n<p>En aquest sentit us volem comunicar que ens sentim molt orgullosos de comunicar-vos que els resultats del nostre centre han estat molt satisfactoris. En concret,<\/p>\n<ul>\n<li>La puntuaci\u00f3 mitjana global del centre en <strong>Matem\u00e0tiques ha estat de 518 punts<\/strong>, front als 494 de la mitjana de Catalunya, els 502 de la mitjana d&#8217;Espanya, i 513, de la mitjana de la UE. Aix\u00ed, nom\u00e9s tenim per davant, la mitjana dels pa\u00efsos que conformen l&#8217;OCDE, DE 527. Aquests percentatges conserven la mateixa relaci\u00f3 segons dominis de continguts (nombres, mesures i geometria, dades, coneixement, aplicaci\u00f3 i raonament).<\/li>\n<li>Pel que fa a les <strong>ci\u00e8ncies<\/strong>, la mitjana global del centre <strong>ha estat de 513 punts<\/strong>, front als 504 de Catalunya i 511 d&#8217;Espanya. Aqu\u00ed, la UE ens avan\u00e7a puntuant 514 i tamb\u00e9 la OCDE amb un 526. Pel que fa al domini de continguts de ci\u00e8ncies (ci\u00e8ncies de la vida, ci\u00e8ncies f\u00edsiques, ci\u00e8ncies de la Terra, coneixement, aplicaci\u00f3 i raonament), com a centre val a dir que destaquem en el domini &#8220;coneixement&#8221; amb el que superem la mitjana de tots els pa\u00efsos amb els que es fa la comparativa.<\/li>\n<\/ul>\n<p>&nbsp;<\/p>\n","protected":false},"excerpt":{"rendered":"<p>Durant el curs 2018\/2019 l&#8217;alumnat de 4t de la nostra escola va ser seleccionat per a participar en l&#8217;Estudi Internacional de Tend\u00e8ncies en Matem\u00e0tiques i Ci\u00e8ncies (TIMSS 2019). En aquest mes de gener de 2021, l&#8217;escola ha rebut els resultats d&#8217;aquesta avaluaci\u00f3 en la qual es fa una comparativa del propi centre (Escola La Creu) [&hellip;]<\/p>\n","protected":false},"author":1,"featured_media":3186,"comment_status":"open","ping_status":"closed","sticky":false,"template":"","format":"standard","meta":{"_bbp_topic_count":0,"_bbp_reply_count":0,"_bbp_total_topic_count":0,"_bbp_total_reply_count":0,"_bbp_voice_count":0,"_bbp_anonymous_reply_count":0,"_bbp_topic_count_hidden":0,"_bbp_reply_count_hidden":0,"_bbp_forum_subforum_count":0,"site-sidebar-layout":"default","site-content-layout":"","ast-site-content-layout":"","site-content-style":"default","site-sidebar-style":"default","ast-global-header-display":"","ast-banner-title-visibility":"","ast-main-header-display":"","ast-hfb-above-header-display":"","ast-hfb-below-header-display":"","ast-hfb-mobile-header-display":"","site-post-title":"","ast-breadcrumbs-content":"","ast-featured-img":"","footer-sml-layout":"","theme-transparent-header-meta":"","adv-header-id-meta":"","stick-header-meta":"","header-above-stick-meta":"","header-main-stick-meta":"","header-below-stick-meta":"","astra-migrate-meta-layouts":"default","ast-page-background-enabled":"default","ast-page-background-meta":{"desktop":{"background-color":"var(--ast-global-color-4)","background-image":"","background-repeat":"repeat","background-position":"center center","background-size":"auto","background-attachment":"scroll","background-type":"","background-media":"","overlay-type":"","overlay-color":"","overlay-opacity":"","overlay-gradient":""},"tablet":{"background-color":"","background-image":"","background-repeat":"repeat","background-position":"center center","background-size":"auto","background-attachment":"scroll","background-type":"","background-media":"","overlay-type":"","overlay-color":"","overlay-opacity":"","overlay-gradient":""},"mobile":{"background-color":"","background-image":"","background-repeat":"repeat","background-position":"center center","background-size":"auto","background-attachment":"scroll","background-type":"","background-media":"","overlay-type":"","overlay-color":"","overlay-opacity":"","overlay-gradient":""}},"ast-content-background-meta":{"desktop":{"background-color":"var(--ast-global-color-5)","background-image":"","background-repeat":"repeat","background-position":"center center","background-size":"auto","background-attachment":"scroll","background-type":"","background-media":"","overlay-type":"","overlay-color":"","overlay-opacity":"","overlay-gradient":""},"tablet":{"background-color":"var(--ast-global-color-5)","background-image":"","background-repeat":"repeat","background-position":"center center","background-size":"auto","background-attachment":"scroll","background-type":"","background-media":"","overlay-type":"","overlay-color":"","overlay-opacity":"","overlay-gradient":""},"mobile":{"background-color":"var(--ast-global-color-5)","background-image":"","background-repeat":"repeat","background-position":"center center","background-size":"auto","background-attachment":"scroll","background-type":"","background-media":"","overlay-type":"","overlay-color":"","overlay-opacity":"","overlay-gradient":""}},"footnotes":""},"categories":[1,4],"tags":[],"class_list":["post-3185","post","type-post","status-publish","format-standard","has-post-thumbnail","hentry","category-general","category-portada"],"post_mailing_queue_ids":[],"_links":{"self":[{"href":"https:\/\/agora.xtec.cat\/ceiplacreutorrefarrera\/wp-json\/wp\/v2\/posts\/3185","targetHints":{"allow":["GET"]}}],"collection":[{"href":"https:\/\/agora.xtec.cat\/ceiplacreutorrefarrera\/wp-json\/wp\/v2\/posts"}],"about":[{"href":"https:\/\/agora.xtec.cat\/ceiplacreutorrefarrera\/wp-json\/wp\/v2\/types\/post"}],"author":[{"embeddable":true,"href":"https:\/\/agora.xtec.cat\/ceiplacreutorrefarrera\/wp-json\/wp\/v2\/users\/1"}],"replies":[{"embeddable":true,"href":"https:\/\/agora.xtec.cat\/ceiplacreutorrefarrera\/wp-json\/wp\/v2\/comments?post=3185"}],"version-history":[{"count":2,"href":"https:\/\/agora.xtec.cat\/ceiplacreutorrefarrera\/wp-json\/wp\/v2\/posts\/3185\/revisions"}],"predecessor-version":[{"id":3188,"href":"https:\/\/agora.xtec.cat\/ceiplacreutorrefarrera\/wp-json\/wp\/v2\/posts\/3185\/revisions\/3188"}],"wp:featuredmedia":[{"embeddable":true,"href":"https:\/\/agora.xtec.cat\/ceiplacreutorrefarrera\/wp-json\/wp\/v2\/media\/3186"}],"wp:attachment":[{"href":"https:\/\/agora.xtec.cat\/ceiplacreutorrefarrera\/wp-json\/wp\/v2\/media?parent=3185"}],"wp:term":[{"taxonomy":"category","embeddable":true,"href":"https:\/\/agora.xtec.cat\/ceiplacreutorrefarrera\/wp-json\/wp\/v2\/categories?post=3185"},{"taxonomy":"post_tag","embeddable":true,"href":"https:\/\/agora.xtec.cat\/ceiplacreutorrefarrera\/wp-json\/wp\/v2\/tags?post=3185"}],"curies":[{"name":"wp","href":"https:\/\/api.w.org\/{rel}","templated":true}]}}