{"id":3144,"date":"2020-12-18T16:59:10","date_gmt":"2020-12-18T15:59:10","guid":{"rendered":"http:\/\/agora.xtec.cat\/ceiplacreutorrefarrera\/?p=3144"},"modified":"2020-12-18T19:26:01","modified_gmt":"2020-12-18T18:26:01","slug":"festival-de-nadal-2020","status":"publish","type":"post","link":"https:\/\/agora.xtec.cat\/ceiplacreutorrefarrera\/general\/festival-de-nadal-2020\/","title":{"rendered":"FESTIVAL DE NADAL 2020"},"content":{"rendered":"<p><strong>Aqu\u00ed teniu els enlla\u00e7os a les actuacions:<\/strong><\/p>\n<ul>\n<li><a href=\"https:\/\/drive.google.com\/file\/d\/1s3-NUBxzecmtfFXA_DaNalIZQwaEyLUK\/view?usp=sharing\">Alumnes de P3A:&#8221;A Betlem va n\u00e9ixer un dia&#8221;<\/a><\/li>\n<li><a href=\"https:\/\/drive.google.com\/file\/d\/1M99Pmd1--LCJJRnbtHSUYOf9s_9trEwy\/view?usp=sharing\">Alumnes de P3B: &#8220;Ja ve Nadal&#8221;<\/a><\/li>\n<li><a href=\"https:\/\/drive.google.com\/file\/d\/1IExwkzIyaC2wkxPFl3P6s3n57jL0AMbn\/view?usp=sharing\">Alumnes de P4A: &#8220;No desperteu els homes de neu&#8221;<\/a><\/li>\n<li><a href=\"https:\/\/drive.google.com\/file\/d\/1O-pJ5J3NWFQTEnP_QXc79iUiucsaXEPQ\/view?usp=sharing\">Alumnes de P4B: &#8220;Farem cagar el ti\u00f3&#8221;<\/a><\/li>\n<li><a href=\"https:\/\/drive.google.com\/file\/d\/1sApdCefZI5ceyCzTuw3ra-c54oboxi6e\/view?usp=sharing\">Alumnes de P5A: &#8220;Primer ve Nada, despr\u00e9s els Reis&#8221;<\/a><\/li>\n<li><a href=\"https:\/\/drive.google.com\/file\/d\/1Uev_3eYN7_q1S76RUysba2xVMcASN-SK\/view?usp=sharing\">Alumnes de P5B: &#8220;He fet un ninot de neu&#8221;<\/a><\/li>\n<li><a href=\"https:\/\/drive.google.com\/file\/d\/1LrkrZUEN1p-Zi4Vy1DFCvLNT6Bav1WYT\/view?usp=sharing\">Alumnes de 1rA: &#8220;Un regal pel Pare Noel&#8221;<\/a><\/li>\n<li><a href=\"https:\/\/drive.google.com\/file\/d\/1vmBTFX8H4Yc5q4q9BpZZXpDoQCjYpQ6t\/view?usp=sharing\">Alumnes de 1rB: &#8220;El ren de Nadal&#8221;<\/a><\/li>\n<li><a href=\"https:\/\/drive.google.com\/file\/d\/1T2j-2PxcWmK1_A8ianQHcvHygLe5E0UB\/view?usp=sharing\">Alumnes de 2nA <\/a><a href=\"https:\/\/drive.google.com\/file\/d\/1T2j-2PxcWmK1_A8ianQHcvHygLe5E0UB\/view?usp=sharing\">: &#8220;Poema: Nadal blanc&#8221; i escenificaci\u00f3 &#8220;El Trencanous&#8221;<\/a><\/li>\n<li><a href=\"https:\/\/drive.google.com\/file\/d\/17oOWdKcCj6GMhfrRkUR25Npq4mS6cizk\/view?usp=sharing\" target=\"_blank\" rel=\"noopener noreferrer\">Alumnes de 2nB : &#8220;Poema: Nadal blanc&#8221; i escenificaci\u00f3 &#8220;El Trencanous&#8221;<\/a><\/li>\n<li><a href=\"https:\/\/drive.google.com\/file\/d\/10q4nj0aGGH9rk-3B8KmPXJpiy4tYS0Mc\/view?usp=sharing\">Alumnes de 3rA i 3rB: &#8220;S&#8217;acosta el Nadal&#8221;<\/a><\/li>\n<li><a href=\"https:\/\/drive.google.com\/file\/d\/1wBNYv4ZnwAZaLcTjETfKtIp-DLQ2xPUw\/view?usp=sharing\">Alumnes de 4tA: Nadala amb percussi\u00f3 corporal: &#8220;AlI want for Christmas is you&#8221;<\/a><\/li>\n<li><a href=\"https:\/\/drive.google.com\/file\/d\/1TLA_22jVlU4_EvDOkQsC1zJf5ug89pOL\/view?usp=sharing\">Alumnes de 4tB: Nadala amb percussi\u00f3 corporal: &#8220;Jingle Bells Rock&#8221;<\/a><\/li>\n<li><a href=\"https:\/\/drive.google.com\/file\/d\/1L-6cxZ7HgfHEbiTSFNgMOgNdjUDfhPOw\/view?usp=sharing\">Alumnes de 4tC: Nadala amb percussi\u00f3 corporal: &#8220;Rockin&#8217; around the Christmas tree&#8221;<\/a><\/li>\n<li><a href=\"https:\/\/drive.google.com\/file\/d\/1oZCRnqW6ABzd-vdlGNW5C8__USjMtpZ8\/view?usp=sharing\">Alumnes de 5\u00e8A, 5\u00e8B i 5\u00e8C: &#8220;Winter Merry Christmas&#8221;<\/a><\/li>\n<li><a href=\"https:\/\/drive.google.com\/file\/d\/1pXp4KN49fxnM56HWQMMerlDbBC0oEUe9\/view?usp=sharing\">Alumnes de 6\u00e8A, 6\u00e8B, 6\u00e8C i 6\u00e8D: &#8220;Serem m\u00e9s forts&#8221;<\/a><\/li>\n<\/ul>\n","protected":false},"excerpt":{"rendered":"<p>Aqu\u00ed teniu els enlla\u00e7os a les actuacions: Alumnes de P3A:&#8221;A Betlem va n\u00e9ixer un dia&#8221; Alumnes de P3B: &#8220;Ja ve Nadal&#8221; Alumnes de P4A: &#8220;No desperteu els homes de neu&#8221; Alumnes de P4B: &#8220;Farem cagar el ti\u00f3&#8221; Alumnes de P5A: &#8220;Primer ve Nada, despr\u00e9s els Reis&#8221; Alumnes de P5B: &#8220;He fet un ninot de neu&#8221; [&hellip;]<\/p>\n","protected":false},"author":7,"featured_media":3159,"comment_status":"open","ping_status":"closed","sticky":false,"template":"","format":"standard","meta":{"_bbp_topic_count":0,"_bbp_reply_count":0,"_bbp_total_topic_count":0,"_bbp_total_reply_count":0,"_bbp_voice_count":0,"_bbp_anonymous_reply_count":0,"_bbp_topic_count_hidden":0,"_bbp_reply_count_hidden":0,"_bbp_forum_subforum_count":0,"site-sidebar-layout":"default","site-content-layout":"","ast-site-content-layout":"","site-content-style":"default","site-sidebar-style":"default","ast-global-header-display":"","ast-banner-title-visibility":"","ast-main-header-display":"","ast-hfb-above-header-display":"","ast-hfb-below-header-display":"","ast-hfb-mobile-header-display":"","site-post-title":"","ast-breadcrumbs-content":"","ast-featured-img":"","footer-sml-layout":"","theme-transparent-header-meta":"","adv-header-id-meta":"","stick-header-meta":"","header-above-stick-meta":"","header-main-stick-meta":"","header-below-stick-meta":"","astra-migrate-meta-layouts":"default","ast-page-background-enabled":"default","ast-page-background-meta":{"desktop":{"background-color":"var(--ast-global-color-4)","background-image":"","background-repeat":"repeat","background-position":"center center","background-size":"auto","background-attachment":"scroll","background-type":"","background-media":"","overlay-type":"","overlay-color":"","overlay-opacity":"","overlay-gradient":""},"tablet":{"background-color":"","background-image":"","background-repeat":"repeat","background-position":"center center","background-size":"auto","background-attachment":"scroll","background-type":"","background-media":"","overlay-type":"","overlay-color":"","overlay-opacity":"","overlay-gradient":""},"mobile":{"background-color":"","background-image":"","background-repeat":"repeat","background-position":"center center","background-size":"auto","background-attachment":"scroll","background-type":"","background-media":"","overlay-type":"","overlay-color":"","overlay-opacity":"","overlay-gradient":""}},"ast-content-background-meta":{"desktop":{"background-color":"var(--ast-global-color-5)","background-image":"","background-repeat":"repeat","background-position":"center center","background-size":"auto","background-attachment":"scroll","background-type":"","background-media":"","overlay-type":"","overlay-color":"","overlay-opacity":"","overlay-gradient":""},"tablet":{"background-color":"var(--ast-global-color-5)","background-image":"","background-repeat":"repeat","background-position":"center center","background-size":"auto","background-attachment":"scroll","background-type":"","background-media":"","overlay-type":"","overlay-color":"","overlay-opacity":"","overlay-gradient":""},"mobile":{"background-color":"var(--ast-global-color-5)","background-image":"","background-repeat":"repeat","background-position":"center center","background-size":"auto","background-attachment":"scroll","background-type":"","background-media":"","overlay-type":"","overlay-color":"","overlay-opacity":"","overlay-gradient":""}},"footnotes":""},"categories":[1,2,4,5],"tags":[86],"class_list":["post-3144","post","type-post","status-publish","format-standard","has-post-thumbnail","hentry","category-general","category-infantil","category-portada","category-primaria","tag-festival"],"post_mailing_queue_ids":[],"_links":{"self":[{"href":"https:\/\/agora.xtec.cat\/ceiplacreutorrefarrera\/wp-json\/wp\/v2\/posts\/3144","targetHints":{"allow":["GET"]}}],"collection":[{"href":"https:\/\/agora.xtec.cat\/ceiplacreutorrefarrera\/wp-json\/wp\/v2\/posts"}],"about":[{"href":"https:\/\/agora.xtec.cat\/ceiplacreutorrefarrera\/wp-json\/wp\/v2\/types\/post"}],"author":[{"embeddable":true,"href":"https:\/\/agora.xtec.cat\/ceiplacreutorrefarrera\/wp-json\/wp\/v2\/users\/7"}],"replies":[{"embeddable":true,"href":"https:\/\/agora.xtec.cat\/ceiplacreutorrefarrera\/wp-json\/wp\/v2\/comments?post=3144"}],"version-history":[{"count":5,"href":"https:\/\/agora.xtec.cat\/ceiplacreutorrefarrera\/wp-json\/wp\/v2\/posts\/3144\/revisions"}],"predecessor-version":[{"id":3170,"href":"https:\/\/agora.xtec.cat\/ceiplacreutorrefarrera\/wp-json\/wp\/v2\/posts\/3144\/revisions\/3170"}],"wp:featuredmedia":[{"embeddable":true,"href":"https:\/\/agora.xtec.cat\/ceiplacreutorrefarrera\/wp-json\/wp\/v2\/media\/3159"}],"wp:attachment":[{"href":"https:\/\/agora.xtec.cat\/ceiplacreutorrefarrera\/wp-json\/wp\/v2\/media?parent=3144"}],"wp:term":[{"taxonomy":"category","embeddable":true,"href":"https:\/\/agora.xtec.cat\/ceiplacreutorrefarrera\/wp-json\/wp\/v2\/categories?post=3144"},{"taxonomy":"post_tag","embeddable":true,"href":"https:\/\/agora.xtec.cat\/ceiplacreutorrefarrera\/wp-json\/wp\/v2\/tags?post=3144"}],"curies":[{"name":"wp","href":"https:\/\/api.w.org\/{rel}","templated":true}]}}