{"id":2935,"date":"2020-05-08T13:07:28","date_gmt":"2020-05-08T11:07:28","guid":{"rendered":"http:\/\/agora.xtec.cat\/ceiplacreutorrefarrera\/?p=2935"},"modified":"2020-05-14T12:48:55","modified_gmt":"2020-05-14T10:48:55","slug":"preinscripcio-2020-2021","status":"publish","type":"post","link":"https:\/\/agora.xtec.cat\/ceiplacreutorrefarrera\/portada\/preinscripcio-2020-2021\/","title":{"rendered":"PREINSCRIPCI\u00d3 2020\/2021"},"content":{"rendered":"<p><sub>El Decret 75\/2007, de 27 de mar\u00e7, pel qual s\u2019estableix el procediment d\u2019admissi\u00f3 de\u00a0<\/sub><sub>l\u2019alumnat als centres en els ensenyaments sufragats amb fons p\u00fablics i la Resoluci\u00f3\u00a0<\/sub><sub>EDU\/576\/2020, de 28 de febrer, per la qual s\u2019aproven les normes de preinscripci\u00f3 i\u00a0<\/sub><sub>matr\u00edcula d\u2019alumnes als centres del Servei d\u2019Educaci\u00f3 de Catalunya i altres centres\u00a0<\/sub><sub>educatius, en els diversos ensenyaments sostinguts amb fons p\u00fablics, per al curs\u00a0<\/sub><sub>2020-2021, preveuen que alguns tr\u00e0mits del proc\u00e9s de preinscripci\u00f3 i matr\u00edcula es\u00a0<\/sub><sub>puguin fer presencialment.<\/sub><\/p>\n<p><sub>En el context social actual, degut a l\u2019emerg\u00e8ncia sanit\u00e0ria ocasionada per la COVID19, cal reduir al m\u00e0xim els tr\u00e0mits presencials, substituint-los per actuacions\u00a0<\/sub><sub>telem\u00e0tiques i, quan aix\u00f2 no sigui possible, cal prendre les mesures preventives\u00a0<\/sub><sub>necess\u00e0ries, seguint les indicacions de les autoritats sanit\u00e0ries, per garantir la salut\u00a0<\/sub><sub>de les persones.<\/sub><\/p>\n<h3>Quan?<\/h3>\n<blockquote>\n<ol>\n<li><strong>Del 13 al 22 de maig:<\/strong>\u00a0<em>Per\u00edode de preinscripci\u00f3 telem\u00e0tica (OPCI\u00d3 PREFERENT)<\/em><\/li>\n<li><strong>Del 19 al 22 de maig:<\/strong>\u00a0<em>Per\u00edode de preinscripci\u00f3 presencial (mitjan\u00e7ant cita pr\u00e8via i a trav\u00e9s de l\u2019eina corporativa. ..(Portal de Centres)<\/em><\/li>\n<\/ol>\n<\/blockquote>\n<h4>Com?<\/h4>\n<blockquote>\n<ol>\n<li>Per a la\u00a0<strong>preinscripci\u00f3 telem\u00e0tica:<\/strong>\u00a0<strong>Sol\u00b7licitud amb suport inform\u00e0tic<\/strong>\u00a0<a href=\"http:\/\/ensenyament.gencat.cat\/ca\/tramits\/tramits-temes\/20483_preinscripcio_escolar?moda=1\">(Cliqueu a l&#8217;enlla\u00e7 i aneu a l&#8217;apartat &#8220;per internet&#8221; i despr\u00e9s al bot\u00f3 &#8220;ves-hi&#8221; al costat de l&#8217;opci\u00f3 sol\u00b7licitud amb suport informatic) <\/a>\u00a0i enviament del r<strong>esguard de la sol\u00b7licitud<\/strong>\u00a0i la\u00a0<strong>documentaci\u00f3 necess\u00e0ria, escanejada<\/strong>\u00a0o fotografiada, mitjan\u00e7ant un correu a l\u2019adre\u00e7a del nostre centre, si ha estat triat en primera opci\u00f3:\u00a0<a href=\"mailto:c5004711@xtec.cat\"><strong>c5004711@xtec.cat<\/strong><\/a><\/li>\n<\/ol>\n<p>La sol\u00b7licitud de preinscripci\u00f3 es considera formalitzada amb l\u2019enviament del correu electr\u00f2nic, amb el resguard i la documentaci\u00f3 acreditativa adjunta. Les fam\u00edlies rebreu\u00a0 resposta al correu indicant que s\u2019ha rebut la vostra sol\u00b7licitud.<\/p><\/blockquote>\n<blockquote><p>2. Per a la\u00a0<strong>preinscripci\u00f3 presencial<\/strong>\u00a0(nom\u00e9s en casos excepcionals, quan la primera opci\u00f3 no sigui possible): Cal demanar\u00a0<strong>cita pr\u00e8via<\/strong>\u00a0a trav\u00e9s de (<a href=\"https:\/\/aplicacions.gestioeducativa.gencat.cat\/pls\/apex\/f?p=CITA_PREVIA:4::::4:P4_TIPUS_CALENDARI,P4_DOMINI:01_Oblig,25004711\">Cliqueu aquest enlla\u00e7<\/a>) o b\u00e9 trucant al centre, al tel\u00e8fon\u00a0<strong>973 750 250<\/strong> a partir del dia 13 i en horari de mat\u00ed de 10 a 12h.<\/p>\n<p>Els\u00a0<strong>horaris<\/strong>\u00a0establerts al centre per a l\u2019entrega de la documentaci\u00f3 s\u00f3n els dies 19 al 22 (ambd\u00f3s inclosos) de 9 a 13h.<\/p><\/blockquote>\n<h4>Puc visitar l\u2019escola?<\/h4>\n<blockquote><p>Cal tenir present que amb l\u2019obertura del centre per al tr\u00e0mit de preinscripci\u00f3 nom\u00e9s\u00a0est\u00e0 prevista la utilitzaci\u00f3 dels espais imprescindibles per al treball administratiu. Per tant,\u00a0<strong>no ser\u00e0 possible realitzar visites als centres<\/strong>. En aquesta p\u00e0gina web, per\u00f2, podreu trobar tota la informaci\u00f3 necess\u00e0ria que us pot ser d\u2019inter\u00e8s. Podeu<strong><a href=\"https:\/\/agora.xtec.cat\/ceiplacreutorrefarrera\/wp-admin\/post.php?post=64&amp;action=edit\">\u00a0clicar aqu\u00ed<\/a><\/strong>\u00a0per fer un cop d\u2019ull a tota aquesta informaci\u00f3. En l\u2019enlla\u00e7 hi podreu trobar el nostre\u00a0<strong>Projecte Educatiu<\/strong>, la nostra\u00a0<strong>carta de comprom\u00eds<\/strong>\u00a0i altres informacions d\u2019inter\u00e8s. Podeu tamb\u00e9, fer un cop d\u2019ull al\u00a0<strong><a href=\"https:\/\/es.calameo.com\/read\/006176083a136cface11b?authid=RdtXO57LI8b6\">d\u00edptic de la nostra escola.<\/a><\/strong><\/p><\/blockquote>\n<h4>Quina \u00e9s la documentaci\u00f3 necess\u00e0ria que cal presentar juntament amb el resguard de la sol\u00b7licitud?<\/h4>\n<blockquote><p>A continuaci\u00f3 us enumerem els documents que caldran adjuntar a la sol\u00b7licitud de preinscripci\u00f3 que, en el cas de presentar-se telem\u00e0ticament es podr\u00e0 presentar escanejada o fotografiada a trav\u00e9s del correu electr\u00f2nic, i, en el cas d\u2019acollir-se a l\u2019opci\u00f3 presencial, caldr\u00e0 dur-la fotocopiada (juntament amb el document de la sol\u00b7licitud omplert pr\u00e8viament a casa. Si hi ha algun espai que s\u2019ha deixat en blanc i s\u2019ha d\u2019omplir al moment, cal que dugueu el bol\u00edgraf de casa). La documentaci\u00f3 \u00e9s:<\/p><\/blockquote>\n<ul>\n<li>Fotoc\u00f2pia del NIF, NIE o Passaport del pare, la mare i, si en disposa, de l\u2019alumne\/a.<\/li>\n<li>Fotoc\u00f2pia del llibre de fam\u00edlia (totes les p\u00e0gines, pare, mare i tots els fills de la unitat familiar).<\/li>\n<li>Fotoc\u00f2pia del carnet de vacunes.<\/li>\n<li>Fotoc\u00f2pia de la targeta sanit\u00e0ria de l\u2019alumne\/a.<\/li>\n<li>Certificat de conviv\u00e8ncia al municipi (Cal sol\u00b7licitar-la a l\u2019Ajuntament, al tel\u00e8fon 973 750 001)<\/li>\n<\/ul>\n<h4>Quines mesures he de tenir en compte si he de venir a l\u2019escola?<\/h4>\n<blockquote><p>L\u2019escola vetllar\u00e0 per dur a terme els protocols de seguretat per a la prevenci\u00f3 de la malaltia COVID-19 mitjan\u00e7ant instruccions espec\u00edfiques del Departament quant a senyalitzaci\u00f3 de la dist\u00e0ncia m\u00ednima de 2m de separaci\u00f3, gel hidroalcoh\u00f2lic a l\u2019entrada i pantalles de protecci\u00f3. L\u2019escola per\u00f2, no disposar\u00e0 de mascaretes ni guants, i per aquest motiu, demanem que les porteu de casa. No heu d\u2019acudir al centre les persones de grups d\u2019especial vulnerabilitat o en per\u00edode de confinament, o si presenteu s\u00edmptomes; en aquest cas, podeu autoritzar per escrit a una altra persona a portar la sol\u00b7licitud i la documentaci\u00f3.<\/p><\/blockquote>\n<h4>Quina \u00e9s la quota anual per a les despeses de material escolar? I la quota per als socis de l\u2019AMPA?<\/h4>\n<blockquote><p>L\u2019escola t\u00e9 fixada una quota anual de 70\u20ac per a\u00a0<a href=\"http:\/\/agora.xtec.cat\/ceiplacreutorrefarrera\/serveis\/menjador-escolar\/\">material escolar<\/a>\u00a0necessari per a tot el curs. Aquesta quota, per\u00f2, \u00e9s redu\u00efda a 60\u20ac per als socis de l\u2019AMPA. Tota la informaci\u00f3 referent a la quota de l\u2019AMPA, les activitats extraescolars, servei de menjador i acollida matinal i de tarda (entre d\u2019altres) les teniu a la seva p\u00e0gina web:<a href=\"http:\/\/www.ampatorrefarrera.com\/\">\u00a0http:\/\/www.ampatorrefarrera.com\/<\/a><\/p><\/blockquote>\n<h4>On puc trobar m\u00e9s informaci\u00f3?<\/h4>\n<blockquote><p>Per a m\u00e9s informaci\u00f3 sobre el proc\u00e9s de preinscripci\u00f3 podeu consultar el web<a href=\"http:\/\/queestudiar.gencat.cat\/ca\/\">\u00a0\u201cEstudiar a Catalunya\u201d.<\/a><\/p><\/blockquote>\n","protected":false},"excerpt":{"rendered":"<p>El Decret 75\/2007, de 27 de mar\u00e7, pel qual s\u2019estableix el procediment d\u2019admissi\u00f3 de\u00a0l\u2019alumnat als centres en els ensenyaments sufragats amb fons p\u00fablics i la Resoluci\u00f3\u00a0EDU\/576\/2020, de 28 de febrer, per la qual s\u2019aproven les normes de preinscripci\u00f3 i\u00a0matr\u00edcula d\u2019alumnes als centres del Servei d\u2019Educaci\u00f3 de Catalunya i altres centres\u00a0educatius, en els diversos ensenyaments sostinguts [&hellip;]<\/p>\n","protected":false},"author":1,"featured_media":2902,"comment_status":"open","ping_status":"closed","sticky":false,"template":"","format":"standard","meta":{"_bbp_topic_count":0,"_bbp_reply_count":0,"_bbp_total_topic_count":0,"_bbp_total_reply_count":0,"_bbp_voice_count":0,"_bbp_anonymous_reply_count":0,"_bbp_topic_count_hidden":0,"_bbp_reply_count_hidden":0,"_bbp_forum_subforum_count":0,"site-sidebar-layout":"default","site-content-layout":"","ast-site-content-layout":"","site-content-style":"default","site-sidebar-style":"default","ast-global-header-display":"","ast-banner-title-visibility":"","ast-main-header-display":"","ast-hfb-above-header-display":"","ast-hfb-below-header-display":"","ast-hfb-mobile-header-display":"","site-post-title":"","ast-breadcrumbs-content":"","ast-featured-img":"","footer-sml-layout":"","theme-transparent-header-meta":"","adv-header-id-meta":"","stick-header-meta":"","header-above-stick-meta":"","header-main-stick-meta":"","header-below-stick-meta":"","astra-migrate-meta-layouts":"default","ast-page-background-enabled":"default","ast-page-background-meta":{"desktop":{"background-color":"var(--ast-global-color-4)","background-image":"","background-repeat":"repeat","background-position":"center center","background-size":"auto","background-attachment":"scroll","background-type":"","background-media":"","overlay-type":"","overlay-color":"","overlay-opacity":"","overlay-gradient":""},"tablet":{"background-color":"","background-image":"","background-repeat":"repeat","background-position":"center center","background-size":"auto","background-attachment":"scroll","background-type":"","background-media":"","overlay-type":"","overlay-color":"","overlay-opacity":"","overlay-gradient":""},"mobile":{"background-color":"","background-image":"","background-repeat":"repeat","background-position":"center center","background-size":"auto","background-attachment":"scroll","background-type":"","background-media":"","overlay-type":"","overlay-color":"","overlay-opacity":"","overlay-gradient":""}},"ast-content-background-meta":{"desktop":{"background-color":"var(--ast-global-color-5)","background-image":"","background-repeat":"repeat","background-position":"center center","background-size":"auto","background-attachment":"scroll","background-type":"","background-media":"","overlay-type":"","overlay-color":"","overlay-opacity":"","overlay-gradient":""},"tablet":{"background-color":"var(--ast-global-color-5)","background-image":"","background-repeat":"repeat","background-position":"center center","background-size":"auto","background-attachment":"scroll","background-type":"","background-media":"","overlay-type":"","overlay-color":"","overlay-opacity":"","overlay-gradient":""},"mobile":{"background-color":"var(--ast-global-color-5)","background-image":"","background-repeat":"repeat","background-position":"center center","background-size":"auto","background-attachment":"scroll","background-type":"","background-media":"","overlay-type":"","overlay-color":"","overlay-opacity":"","overlay-gradient":""}},"footnotes":""},"categories":[4],"tags":[],"class_list":["post-2935","post","type-post","status-publish","format-standard","has-post-thumbnail","hentry","category-portada"],"post_mailing_queue_ids":[],"_links":{"self":[{"href":"https:\/\/agora.xtec.cat\/ceiplacreutorrefarrera\/wp-json\/wp\/v2\/posts\/2935","targetHints":{"allow":["GET"]}}],"collection":[{"href":"https:\/\/agora.xtec.cat\/ceiplacreutorrefarrera\/wp-json\/wp\/v2\/posts"}],"about":[{"href":"https:\/\/agora.xtec.cat\/ceiplacreutorrefarrera\/wp-json\/wp\/v2\/types\/post"}],"author":[{"embeddable":true,"href":"https:\/\/agora.xtec.cat\/ceiplacreutorrefarrera\/wp-json\/wp\/v2\/users\/1"}],"replies":[{"embeddable":true,"href":"https:\/\/agora.xtec.cat\/ceiplacreutorrefarrera\/wp-json\/wp\/v2\/comments?post=2935"}],"version-history":[{"count":3,"href":"https:\/\/agora.xtec.cat\/ceiplacreutorrefarrera\/wp-json\/wp\/v2\/posts\/2935\/revisions"}],"predecessor-version":[{"id":2973,"href":"https:\/\/agora.xtec.cat\/ceiplacreutorrefarrera\/wp-json\/wp\/v2\/posts\/2935\/revisions\/2973"}],"wp:featuredmedia":[{"embeddable":true,"href":"https:\/\/agora.xtec.cat\/ceiplacreutorrefarrera\/wp-json\/wp\/v2\/media\/2902"}],"wp:attachment":[{"href":"https:\/\/agora.xtec.cat\/ceiplacreutorrefarrera\/wp-json\/wp\/v2\/media?parent=2935"}],"wp:term":[{"taxonomy":"category","embeddable":true,"href":"https:\/\/agora.xtec.cat\/ceiplacreutorrefarrera\/wp-json\/wp\/v2\/categories?post=2935"},{"taxonomy":"post_tag","embeddable":true,"href":"https:\/\/agora.xtec.cat\/ceiplacreutorrefarrera\/wp-json\/wp\/v2\/tags?post=2935"}],"curies":[{"name":"wp","href":"https:\/\/api.w.org\/{rel}","templated":true}]}}