{"id":2849,"date":"2020-03-23T17:41:01","date_gmt":"2020-03-23T16:41:01","guid":{"rendered":"http:\/\/agora.xtec.cat\/ceiplacreutorrefarrera\/?p=2849"},"modified":"2020-03-23T18:01:58","modified_gmt":"2020-03-23T17:01:58","slug":"tancament-de-centre-pel-covid19-informacions-dinteres","status":"publish","type":"post","link":"https:\/\/agora.xtec.cat\/ceiplacreutorrefarrera\/general\/tancament-de-centre-pel-covid19-informacions-dinteres\/","title":{"rendered":"TANCAMENT DE CENTRE PEL COVID19 &#8211; Informacions d&#8217;inter\u00e8s"},"content":{"rendered":"<p><a href=\"https:\/\/agora.xtec.cat\/ceiplacreutorrefarrera\/wp-content\/uploads\/usu389\/2020\/03\/DEP-EDUCACI\u00d3.png\"><img loading=\"lazy\" decoding=\"async\" class=\"aligncenter  wp-image-2857\" src=\"https:\/\/agora.xtec.cat\/ceiplacreutorrefarrera\/wp-content\/uploads\/usu389\/2020\/03\/DEP-EDUCACI\u00d3.png\" alt=\"\" width=\"245\" height=\"91\" srcset=\"https:\/\/agora.xtec.cat\/ceiplacreutorrefarrera\/wp-content\/uploads\/usu389\/2020\/03\/DEP-EDUCACI\u00d3.png 369w, https:\/\/agora.xtec.cat\/ceiplacreutorrefarrera\/wp-content\/uploads\/usu389\/2020\/03\/DEP-EDUCACI\u00d3-300x111.png 300w\" sizes=\"auto, (max-width: 245px) 100vw, 245px\" \/><\/a><\/p>\n<hr \/>\n<h3 style=\"text-align: left;\"><span style=\"text-decoration: underline;\">Publicaci\u00f3 a 17\/03\/2020<\/span> &#8211;<em> <a href=\"https:\/\/agora.xtec.cat\/ceiplacreutorrefarrera\/wp-content\/uploads\/usu389\/2020\/03\/Orientacions-alumant_-prim\u00e0ria.pdf\">Orientacions del Departament d&#8217;Educaci\u00f3 per als centres educatius sobre activitats per als alumnes de prim\u00e0ria a causa del tancament pel coronavirus.<\/a><\/em><\/h3>\n<hr \/>\n<div style=\"text-align: center;\">\n<h3 style=\"text-align: left;\"><span style=\"text-decoration: underline;\">Publicaci\u00f3 a 16\/03\/2020 <\/span>&#8211; <em><a href=\"https:\/\/agora.xtec.cat\/ceiplacreutorrefarrera\/wp-content\/uploads\/usu389\/2020\/03\/Missatge-de-lescola.pdf\">Missatge de l&#8217;escola a les fam\u00edlies en relaci\u00f3 al tancament del centre<\/a><\/em><\/h3>\n<\/div>\n<div style=\"text-align: center;\">\n<hr \/>\n<h3 style=\"text-align: left;\">JORNADA PORTES OBERTES 2020 \/ 2021<\/h3>\n<p style=\"text-align: justify;\"><sup>Davant la situaci\u00f3 extraordin\u00e0ria que estem vivint, <strong>ens veiem obligats a suprimir la jornada de portes obertes prevista per al proper dia 20 de mar\u00e7<\/strong>. En aquests moments no podem facilitar m\u00e9s informaci\u00f3 pel que fa al per\u00edode de preinscripci\u00f3 i la possibilitat de dur a terme o no aquesta jornada en una propera data. Podeu consultar, en format digital, el d\u00edptic que hav\u00edem preparat. Us mantindrem informats. Moltes gr\u00e0cies.<\/sup><\/p>\n<div style=\"margin: 4px 0px 8px;\">\n<div style=\"text-align: center;\">\n<p><iframe loading=\"lazy\" src=\"\/\/v.calameo.com\/?bkcode=006176083a136cface11b&amp;AuthID=RdtXO57LI8b6\" width=\"300\" height=\"194\" frameborder=\"0\"><\/iframe><\/p>\n<div style=\"margin: 4px 0px 8px;\"><\/div>\n<\/div>\n<hr \/>\n<\/div>\n<\/div>\n","protected":false},"excerpt":{"rendered":"<p>Publicaci\u00f3 a 17\/03\/2020 &#8211; Orientacions del Departament d&#8217;Educaci\u00f3 per als centres educatius sobre activitats per als alumnes de prim\u00e0ria a causa del tancament pel coronavirus. Publicaci\u00f3 a 16\/03\/2020 &#8211; Missatge de l&#8217;escola a les fam\u00edlies en relaci\u00f3 al tancament del centre JORNADA PORTES OBERTES 2020 \/ 2021 Davant la situaci\u00f3 extraordin\u00e0ria que estem vivint, ens [&hellip;]<\/p>\n","protected":false},"author":1,"featured_media":2857,"comment_status":"open","ping_status":"closed","sticky":false,"template":"","format":"standard","meta":{"_bbp_topic_count":0,"_bbp_reply_count":0,"_bbp_total_topic_count":0,"_bbp_total_reply_count":0,"_bbp_voice_count":0,"_bbp_anonymous_reply_count":0,"_bbp_topic_count_hidden":0,"_bbp_reply_count_hidden":0,"_bbp_forum_subforum_count":0,"site-sidebar-layout":"default","site-content-layout":"","ast-site-content-layout":"","site-content-style":"default","site-sidebar-style":"default","ast-global-header-display":"","ast-banner-title-visibility":"","ast-main-header-display":"","ast-hfb-above-header-display":"","ast-hfb-below-header-display":"","ast-hfb-mobile-header-display":"","site-post-title":"","ast-breadcrumbs-content":"","ast-featured-img":"","footer-sml-layout":"","theme-transparent-header-meta":"","adv-header-id-meta":"","stick-header-meta":"","header-above-stick-meta":"","header-main-stick-meta":"","header-below-stick-meta":"","astra-migrate-meta-layouts":"default","ast-page-background-enabled":"default","ast-page-background-meta":{"desktop":{"background-color":"var(--ast-global-color-4)","background-image":"","background-repeat":"repeat","background-position":"center center","background-size":"auto","background-attachment":"scroll","background-type":"","background-media":"","overlay-type":"","overlay-color":"","overlay-opacity":"","overlay-gradient":""},"tablet":{"background-color":"","background-image":"","background-repeat":"repeat","background-position":"center center","background-size":"auto","background-attachment":"scroll","background-type":"","background-media":"","overlay-type":"","overlay-color":"","overlay-opacity":"","overlay-gradient":""},"mobile":{"background-color":"","background-image":"","background-repeat":"repeat","background-position":"center center","background-size":"auto","background-attachment":"scroll","background-type":"","background-media":"","overlay-type":"","overlay-color":"","overlay-opacity":"","overlay-gradient":""}},"ast-content-background-meta":{"desktop":{"background-color":"var(--ast-global-color-5)","background-image":"","background-repeat":"repeat","background-position":"center center","background-size":"auto","background-attachment":"scroll","background-type":"","background-media":"","overlay-type":"","overlay-color":"","overlay-opacity":"","overlay-gradient":""},"tablet":{"background-color":"var(--ast-global-color-5)","background-image":"","background-repeat":"repeat","background-position":"center center","background-size":"auto","background-attachment":"scroll","background-type":"","background-media":"","overlay-type":"","overlay-color":"","overlay-opacity":"","overlay-gradient":""},"mobile":{"background-color":"var(--ast-global-color-5)","background-image":"","background-repeat":"repeat","background-position":"center center","background-size":"auto","background-attachment":"scroll","background-type":"","background-media":"","overlay-type":"","overlay-color":"","overlay-opacity":"","overlay-gradient":""}},"footnotes":""},"categories":[1,4],"tags":[188,189],"class_list":["post-2849","post","type-post","status-publish","format-standard","has-post-thumbnail","hentry","category-general","category-portada","tag-joemquedoacasa","tag-totanirabe"],"post_mailing_queue_ids":[],"_links":{"self":[{"href":"https:\/\/agora.xtec.cat\/ceiplacreutorrefarrera\/wp-json\/wp\/v2\/posts\/2849","targetHints":{"allow":["GET"]}}],"collection":[{"href":"https:\/\/agora.xtec.cat\/ceiplacreutorrefarrera\/wp-json\/wp\/v2\/posts"}],"about":[{"href":"https:\/\/agora.xtec.cat\/ceiplacreutorrefarrera\/wp-json\/wp\/v2\/types\/post"}],"author":[{"embeddable":true,"href":"https:\/\/agora.xtec.cat\/ceiplacreutorrefarrera\/wp-json\/wp\/v2\/users\/1"}],"replies":[{"embeddable":true,"href":"https:\/\/agora.xtec.cat\/ceiplacreutorrefarrera\/wp-json\/wp\/v2\/comments?post=2849"}],"version-history":[{"count":3,"href":"https:\/\/agora.xtec.cat\/ceiplacreutorrefarrera\/wp-json\/wp\/v2\/posts\/2849\/revisions"}],"predecessor-version":[{"id":2861,"href":"https:\/\/agora.xtec.cat\/ceiplacreutorrefarrera\/wp-json\/wp\/v2\/posts\/2849\/revisions\/2861"}],"wp:featuredmedia":[{"embeddable":true,"href":"https:\/\/agora.xtec.cat\/ceiplacreutorrefarrera\/wp-json\/wp\/v2\/media\/2857"}],"wp:attachment":[{"href":"https:\/\/agora.xtec.cat\/ceiplacreutorrefarrera\/wp-json\/wp\/v2\/media?parent=2849"}],"wp:term":[{"taxonomy":"category","embeddable":true,"href":"https:\/\/agora.xtec.cat\/ceiplacreutorrefarrera\/wp-json\/wp\/v2\/categories?post=2849"},{"taxonomy":"post_tag","embeddable":true,"href":"https:\/\/agora.xtec.cat\/ceiplacreutorrefarrera\/wp-json\/wp\/v2\/tags?post=2849"}],"curies":[{"name":"wp","href":"https:\/\/api.w.org\/{rel}","templated":true}]}}