{"id":2708,"date":"2020-02-16T22:23:39","date_gmt":"2020-02-16T21:23:39","guid":{"rendered":"http:\/\/agora.xtec.cat\/ceiplacreutorrefarrera\/?p=2708"},"modified":"2020-02-22T09:54:13","modified_gmt":"2020-02-22T08:54:13","slug":"setmana-desqui","status":"publish","type":"post","link":"https:\/\/agora.xtec.cat\/ceiplacreutorrefarrera\/general\/setmana-desqui\/","title":{"rendered":"SETMANA D&#8217;ESQU\u00cd!!!"},"content":{"rendered":"<p style=\"text-align: center\"><a href=\"https:\/\/agora.xtec.cat\/ceiplacreutorrefarrera\/wp-content\/uploads\/usu389\/2020\/02\/1.jpg\"><img loading=\"lazy\" decoding=\"async\" class=\"alignnone size-medium wp-image-2709\" src=\"https:\/\/agora.xtec.cat\/ceiplacreutorrefarrera\/wp-content\/uploads\/usu389\/2020\/02\/1-300x134.jpg\" alt=\"\" width=\"300\" height=\"134\" srcset=\"https:\/\/agora.xtec.cat\/ceiplacreutorrefarrera\/wp-content\/uploads\/usu389\/2020\/02\/1-300x134.jpg 300w, https:\/\/agora.xtec.cat\/ceiplacreutorrefarrera\/wp-content\/uploads\/usu389\/2020\/02\/1.jpg 335w\" sizes=\"auto, (max-width: 300px) 100vw, 300px\" \/><\/a><\/p>\n<p>L&#8217;esquiada ja \u00e9s aqu\u00ed! Despr\u00e9s d&#8217;un viatge ben entretingut hem arribat a Sort. La fonda Can Josep ens ha rebut amb els bra\u00e7os oberts i les habitacions preparades! Ara soparem i a dormir &#8220;aviadet&#8221; per carregar piles per dem\u00e0! \ud83d\ude09<\/p>\n<p><a href=\"https:\/\/drive.google.com\/open?id=193aKruRIf1jD5Tb_sed6Pj094xepCoPL\" target=\"_blank\" rel=\"noopener noreferrer\">FOTOS DIUMENGE<\/a><\/p>\n<p>Avui hem fet els grups de nivell amb els monitors. Al mati hem gaudit d&#8217;un parell d&#8217;hores d&#8217;esqu\u00ed amb molt bon temps. Per la tarda els monitors i els mestres ens hem repartit els nens alguns han fet cinta i altres hem pujat al pic de l&#8217;Orri. Ja hem tastat la boira!!!<br \/>\nDem\u00e0 m\u00e9s&#8230;.<br \/>\n<a href=\"https:\/\/drive.google.com\/open?id=1nh-Avhlw2vVtTl72lr6oHhD9VBFIYA5l\" target=\"_blank\" rel=\"noopener noreferrer\">FOTOS I VIDEOS DE DILLUNS<\/a><\/p>\n<p>Segon dia a la neu! Estem passant uns dies espl\u00e8ndids, fa molt bon temps i estem millorant la t\u00e8cnica a tope. Avui hem practicat la cunya, el paral\u2022lel, els girs,&#8230;etc Una bona sessi\u00f3 de t\u00e8cnica per baixar amb m\u00e9s seguretat! Dem\u00e0 m\u00e9s!!!<\/p>\n<p><a href=\"https:\/\/drive.google.com\/open?id=1coCJZ7VhBUqCheP1IZ8BaOoibeDitucK\" target=\"_blank\" rel=\"noopener noreferrer\">FOTOS I VIDEOS DE DIMARTS<\/a><\/p>\n<p>Arribat a l&#8217;equador com era d&#8217;esperar, tots els grups d&#8217;esquiadors han agafat el telecadira. Cada vegada van agafant m\u00e9s t\u00e8cnica i confian\u00e7a. Ja quasi s\u00f3n professionals!!<\/p>\n<p><a href=\"https:\/\/drive.google.com\/open?id=1NvQzfeBt9V6A1dJH38rkZQdZp85qgojf\" target=\"_blank\" rel=\"noopener noreferrer\">FOTOS I VIDEOS DIMECRES<\/a><\/p>\n<p>L&#8217;esquiada ja arriba a la recta final i el cansament a les cames es comen\u00e7a a notar. Tot i aix\u00f2, les ganes de seguir progressant hi s\u00f3n presents i hem aprofitat molt el dia. Avui hem tornat a pujar tots al telecadira i fins i tot algun grup s.ha atrevit amb el bordercross&#8230; Quins cracks d&#8217;esquiadors que tenim a Torrefarrera! Aquesta nit la final de la Voz kids a Port Ain\u00e9 i la disco!<\/p>\n<p><a href=\"https:\/\/drive.google.com\/open?id=1cRpnjfxbJoGGmJ0fbkn_jtnjwgYl0b58\" target=\"_blank\" rel=\"noopener noreferrer\">FOTOS I VIDEOS DIJOUS<\/a><\/p>\n<p>La setmana ha arribat al final. Tots els nens i nenes han disfrutat de\u00a0 tots els moments. \u00a0Ara ja son uns esquiadors de primera.<\/p>\n<p>Esperem que us expliquin\u00a0 totes les experi\u00e8ncies !!!\u00a0 Fins la propera!!<\/p>\n<p><a href=\"https:\/\/drive.google.com\/open?id=1nlLk6L4AQDv4gzZZ4bJC_YNQzpzEwdUK\" target=\"_blank\" rel=\"noopener noreferrer\">FOTOS I VIDEOS DIVENDRES<\/a><\/p>\n<p>&nbsp;<\/p>\n","protected":false},"excerpt":{"rendered":"<p>L&#8217;esquiada ja \u00e9s aqu\u00ed! Despr\u00e9s d&#8217;un viatge ben entretingut hem arribat a Sort. La fonda Can Josep ens ha rebut amb els bra\u00e7os oberts i les habitacions preparades! Ara soparem i a dormir &#8220;aviadet&#8221; per carregar piles per dem\u00e0! \ud83d\ude09 FOTOS DIUMENGE Avui hem fet els grups de nivell amb els monitors. Al mati hem [&hellip;]<\/p>\n","protected":false},"author":7,"featured_media":2709,"comment_status":"open","ping_status":"closed","sticky":false,"template":"","format":"standard","meta":{"_bbp_topic_count":0,"_bbp_reply_count":0,"_bbp_total_topic_count":0,"_bbp_total_reply_count":0,"_bbp_voice_count":0,"_bbp_anonymous_reply_count":0,"_bbp_topic_count_hidden":0,"_bbp_reply_count_hidden":0,"_bbp_forum_subforum_count":0,"site-sidebar-layout":"default","site-content-layout":"","ast-site-content-layout":"","site-content-style":"default","site-sidebar-style":"default","ast-global-header-display":"","ast-banner-title-visibility":"","ast-main-header-display":"","ast-hfb-above-header-display":"","ast-hfb-below-header-display":"","ast-hfb-mobile-header-display":"","site-post-title":"","ast-breadcrumbs-content":"","ast-featured-img":"","footer-sml-layout":"","theme-transparent-header-meta":"","adv-header-id-meta":"","stick-header-meta":"","header-above-stick-meta":"","header-main-stick-meta":"","header-below-stick-meta":"","astra-migrate-meta-layouts":"default","ast-page-background-enabled":"default","ast-page-background-meta":{"desktop":{"background-color":"var(--ast-global-color-4)","background-image":"","background-repeat":"repeat","background-position":"center center","background-size":"auto","background-attachment":"scroll","background-type":"","background-media":"","overlay-type":"","overlay-color":"","overlay-opacity":"","overlay-gradient":""},"tablet":{"background-color":"","background-image":"","background-repeat":"repeat","background-position":"center center","background-size":"auto","background-attachment":"scroll","background-type":"","background-media":"","overlay-type":"","overlay-color":"","overlay-opacity":"","overlay-gradient":""},"mobile":{"background-color":"","background-image":"","background-repeat":"repeat","background-position":"center center","background-size":"auto","background-attachment":"scroll","background-type":"","background-media":"","overlay-type":"","overlay-color":"","overlay-opacity":"","overlay-gradient":""}},"ast-content-background-meta":{"desktop":{"background-color":"var(--ast-global-color-5)","background-image":"","background-repeat":"repeat","background-position":"center center","background-size":"auto","background-attachment":"scroll","background-type":"","background-media":"","overlay-type":"","overlay-color":"","overlay-opacity":"","overlay-gradient":""},"tablet":{"background-color":"var(--ast-global-color-5)","background-image":"","background-repeat":"repeat","background-position":"center center","background-size":"auto","background-attachment":"scroll","background-type":"","background-media":"","overlay-type":"","overlay-color":"","overlay-opacity":"","overlay-gradient":""},"mobile":{"background-color":"var(--ast-global-color-5)","background-image":"","background-repeat":"repeat","background-position":"center center","background-size":"auto","background-attachment":"scroll","background-type":"","background-media":"","overlay-type":"","overlay-color":"","overlay-opacity":"","overlay-gradient":""}},"footnotes":""},"categories":[14,15,1,4],"tags":[177,105,16],"class_list":["post-2708","post","type-post","status-publish","format-standard","has-post-thumbnail","hentry","category-5e","category-6e","category-general","category-portada","tag-activitats","tag-esqui","tag-sortides"],"post_mailing_queue_ids":[],"_links":{"self":[{"href":"https:\/\/agora.xtec.cat\/ceiplacreutorrefarrera\/wp-json\/wp\/v2\/posts\/2708","targetHints":{"allow":["GET"]}}],"collection":[{"href":"https:\/\/agora.xtec.cat\/ceiplacreutorrefarrera\/wp-json\/wp\/v2\/posts"}],"about":[{"href":"https:\/\/agora.xtec.cat\/ceiplacreutorrefarrera\/wp-json\/wp\/v2\/types\/post"}],"author":[{"embeddable":true,"href":"https:\/\/agora.xtec.cat\/ceiplacreutorrefarrera\/wp-json\/wp\/v2\/users\/7"}],"replies":[{"embeddable":true,"href":"https:\/\/agora.xtec.cat\/ceiplacreutorrefarrera\/wp-json\/wp\/v2\/comments?post=2708"}],"version-history":[{"count":3,"href":"https:\/\/agora.xtec.cat\/ceiplacreutorrefarrera\/wp-json\/wp\/v2\/posts\/2708\/revisions"}],"predecessor-version":[{"id":2733,"href":"https:\/\/agora.xtec.cat\/ceiplacreutorrefarrera\/wp-json\/wp\/v2\/posts\/2708\/revisions\/2733"}],"wp:featuredmedia":[{"embeddable":true,"href":"https:\/\/agora.xtec.cat\/ceiplacreutorrefarrera\/wp-json\/wp\/v2\/media\/2709"}],"wp:attachment":[{"href":"https:\/\/agora.xtec.cat\/ceiplacreutorrefarrera\/wp-json\/wp\/v2\/media?parent=2708"}],"wp:term":[{"taxonomy":"category","embeddable":true,"href":"https:\/\/agora.xtec.cat\/ceiplacreutorrefarrera\/wp-json\/wp\/v2\/categories?post=2708"},{"taxonomy":"post_tag","embeddable":true,"href":"https:\/\/agora.xtec.cat\/ceiplacreutorrefarrera\/wp-json\/wp\/v2\/tags?post=2708"}],"curies":[{"name":"wp","href":"https:\/\/api.w.org\/{rel}","templated":true}]}}