{"id":2683,"date":"2020-02-13T10:34:23","date_gmt":"2020-02-13T09:34:23","guid":{"rendered":"http:\/\/agora.xtec.cat\/ceiplacreutorrefarrera\/?p=2683"},"modified":"2020-11-18T21:40:16","modified_gmt":"2020-11-18T20:40:16","slug":"primer-i-el-cirerer-a-lhivern","status":"publish","type":"post","link":"https:\/\/agora.xtec.cat\/ceiplacreutorrefarrera\/portada\/primer-i-el-cirerer-a-lhivern\/","title":{"rendered":"PRIMER I EL CIRERER A L&#8217;HIVERN"},"content":{"rendered":"<p><a href=\"https:\/\/agora.xtec.cat\/ceiplacreutorrefarrera\/wp-content\/uploads\/usu389\/2020\/02\/00810788.jpg\"><img loading=\"lazy\" decoding=\"async\" class=\"alignnone size-full wp-image-2688\" src=\"https:\/\/agora.xtec.cat\/ceiplacreutorrefarrera\/wp-content\/uploads\/usu389\/2020\/02\/00810788.jpg\" alt=\"\" width=\"668\" height=\"448\" srcset=\"https:\/\/agora.xtec.cat\/ceiplacreutorrefarrera\/wp-content\/uploads\/usu389\/2020\/02\/00810788.jpg 668w, https:\/\/agora.xtec.cat\/ceiplacreutorrefarrera\/wp-content\/uploads\/usu389\/2020\/02\/00810788-300x201.jpg 300w\" sizes=\"auto, (max-width: 668px) 100vw, 668px\" \/><\/a><\/p>\n<p>Hola fam\u00edlies!<\/p>\n<p>Aquest dilluns vam tornar al Tros de la Montse a veure els canvis del cirerer durant l&#8217;hivern. Ja no t\u00e9 cap fulla! Aix\u00f2 \u00e9s perqu\u00e8 \u00e9s un arbre de fulla caduca. Tamb\u00e9 vam poder observar com era l&#8217;escor\u00e7a, el seu color i el seu tacte. Vam fer un petit treball en grup per esbrinar les seves caracter\u00edstiques. A m\u00e9s a m\u00e9s, vam veure les difer\u00e8ncies entre els arbres, els arbustos i l&#8217;herba.<\/p>\n<p>Vam aprendre taaaaantes coses que no tenim gaires fotos.<\/p>\n<p>Gr\u00e0cies a la Montse mentre uns grups treballaven els altres es van poder protegir del fred i la boira. El temps ens va enganyar ben enganyats.<\/p>\n<p>Cliqueu a l&#8217;enlla\u00e7!<\/p>\n<p><a href=\"https:\/\/drive.google.com\/drive\/folders\/1RMJt1veMnp8Z1s3WEYd1RxeXdEVz9G4Z?usp=sharing\">EL CIRERER A L&#8217;HIVERN<\/a><\/p>\n<p>&nbsp;<\/p>\n","protected":false},"excerpt":{"rendered":"<p>Hola fam\u00edlies! Aquest dilluns vam tornar al Tros de la Montse a veure els canvis del cirerer durant l&#8217;hivern. Ja no t\u00e9 cap fulla! Aix\u00f2 \u00e9s perqu\u00e8 \u00e9s un arbre de fulla caduca. Tamb\u00e9 vam poder observar com era l&#8217;escor\u00e7a, el seu color i el seu tacte. Vam fer un petit treball en grup per [&hellip;]<\/p>\n","protected":false},"author":17,"featured_media":2688,"comment_status":"open","ping_status":"closed","sticky":false,"template":"","format":"standard","meta":{"_bbp_topic_count":0,"_bbp_reply_count":0,"_bbp_total_topic_count":0,"_bbp_total_reply_count":0,"_bbp_voice_count":0,"_bbp_anonymous_reply_count":0,"_bbp_topic_count_hidden":0,"_bbp_reply_count_hidden":0,"_bbp_forum_subforum_count":0,"site-sidebar-layout":"default","site-content-layout":"","ast-site-content-layout":"","site-content-style":"default","site-sidebar-style":"default","ast-global-header-display":"","ast-banner-title-visibility":"","ast-main-header-display":"","ast-hfb-above-header-display":"","ast-hfb-below-header-display":"","ast-hfb-mobile-header-display":"","site-post-title":"","ast-breadcrumbs-content":"","ast-featured-img":"","footer-sml-layout":"","theme-transparent-header-meta":"","adv-header-id-meta":"","stick-header-meta":"","header-above-stick-meta":"","header-main-stick-meta":"","header-below-stick-meta":"","astra-migrate-meta-layouts":"default","ast-page-background-enabled":"default","ast-page-background-meta":{"desktop":{"background-color":"var(--ast-global-color-4)","background-image":"","background-repeat":"repeat","background-position":"center center","background-size":"auto","background-attachment":"scroll","background-type":"","background-media":"","overlay-type":"","overlay-color":"","overlay-opacity":"","overlay-gradient":""},"tablet":{"background-color":"","background-image":"","background-repeat":"repeat","background-position":"center center","background-size":"auto","background-attachment":"scroll","background-type":"","background-media":"","overlay-type":"","overlay-color":"","overlay-opacity":"","overlay-gradient":""},"mobile":{"background-color":"","background-image":"","background-repeat":"repeat","background-position":"center center","background-size":"auto","background-attachment":"scroll","background-type":"","background-media":"","overlay-type":"","overlay-color":"","overlay-opacity":"","overlay-gradient":""}},"ast-content-background-meta":{"desktop":{"background-color":"var(--ast-global-color-5)","background-image":"","background-repeat":"repeat","background-position":"center center","background-size":"auto","background-attachment":"scroll","background-type":"","background-media":"","overlay-type":"","overlay-color":"","overlay-opacity":"","overlay-gradient":""},"tablet":{"background-color":"var(--ast-global-color-5)","background-image":"","background-repeat":"repeat","background-position":"center center","background-size":"auto","background-attachment":"scroll","background-type":"","background-media":"","overlay-type":"","overlay-color":"","overlay-opacity":"","overlay-gradient":""},"mobile":{"background-color":"var(--ast-global-color-5)","background-image":"","background-repeat":"repeat","background-position":"center center","background-size":"auto","background-attachment":"scroll","background-type":"","background-media":"","overlay-type":"","overlay-color":"","overlay-opacity":"","overlay-gradient":""}},"footnotes":""},"categories":[10,4,5],"tags":[54,185,53],"class_list":["post-2683","post","type-post","status-publish","format-standard","has-post-thumbnail","hentry","category-1r","category-portada","category-primaria","tag-1r","tag-el-tros","tag-medi"],"post_mailing_queue_ids":[],"_links":{"self":[{"href":"https:\/\/agora.xtec.cat\/ceiplacreutorrefarrera\/wp-json\/wp\/v2\/posts\/2683","targetHints":{"allow":["GET"]}}],"collection":[{"href":"https:\/\/agora.xtec.cat\/ceiplacreutorrefarrera\/wp-json\/wp\/v2\/posts"}],"about":[{"href":"https:\/\/agora.xtec.cat\/ceiplacreutorrefarrera\/wp-json\/wp\/v2\/types\/post"}],"author":[{"embeddable":true,"href":"https:\/\/agora.xtec.cat\/ceiplacreutorrefarrera\/wp-json\/wp\/v2\/users\/17"}],"replies":[{"embeddable":true,"href":"https:\/\/agora.xtec.cat\/ceiplacreutorrefarrera\/wp-json\/wp\/v2\/comments?post=2683"}],"version-history":[{"count":3,"href":"https:\/\/agora.xtec.cat\/ceiplacreutorrefarrera\/wp-json\/wp\/v2\/posts\/2683\/revisions"}],"predecessor-version":[{"id":3116,"href":"https:\/\/agora.xtec.cat\/ceiplacreutorrefarrera\/wp-json\/wp\/v2\/posts\/2683\/revisions\/3116"}],"wp:featuredmedia":[{"embeddable":true,"href":"https:\/\/agora.xtec.cat\/ceiplacreutorrefarrera\/wp-json\/wp\/v2\/media\/2688"}],"wp:attachment":[{"href":"https:\/\/agora.xtec.cat\/ceiplacreutorrefarrera\/wp-json\/wp\/v2\/media?parent=2683"}],"wp:term":[{"taxonomy":"category","embeddable":true,"href":"https:\/\/agora.xtec.cat\/ceiplacreutorrefarrera\/wp-json\/wp\/v2\/categories?post=2683"},{"taxonomy":"post_tag","embeddable":true,"href":"https:\/\/agora.xtec.cat\/ceiplacreutorrefarrera\/wp-json\/wp\/v2\/tags?post=2683"}],"curies":[{"name":"wp","href":"https:\/\/api.w.org\/{rel}","templated":true}]}}