{"id":2634,"date":"2020-01-30T17:30:55","date_gmt":"2020-01-30T16:30:55","guid":{"rendered":"http:\/\/agora.xtec.cat\/ceiplacreutorrefarrera\/?p=2634"},"modified":"2020-01-30T23:56:50","modified_gmt":"2020-01-30T22:56:50","slug":"dia-de-la-pau-i-la-no-violencia","status":"publish","type":"post","link":"https:\/\/agora.xtec.cat\/ceiplacreutorrefarrera\/portada\/dia-de-la-pau-i-la-no-violencia\/","title":{"rendered":"DIA DE LA PAU I LA NO VIOL\u00c8NCIA"},"content":{"rendered":"<p style=\"text-align: left;\"><a href=\"https:\/\/drive.google.com\/open?id=1Yg5vQixQF8EiKOB-rUJKP7deOpMB9MAl\" target=\"_blank\" rel=\"noopener noreferrer\"><img loading=\"lazy\" decoding=\"async\" class=\"alignleft wp-image-2635 size-full\" src=\"https:\/\/agora.xtec.cat\/ceiplacreutorrefarrera\/wp-content\/uploads\/usu389\/2020\/01\/2.jpg\" alt=\"\" width=\"222\" height=\"210\" \/><\/a>Com cada any l&#8217;escola ha realitzat un seguit d&#8217;activitats durant tota la setmana sobre la pau i la no viol\u00e8ncia.<\/p>\n<p>Aquest curs sota el lema<\/p>\n<p style=\"text-align: center;\"><strong>&#8220;La pau al m\u00f3n comen\u00e7a a casa&#8221;<\/strong><\/p>\n<p>que \u00e9s una frase de la Mare Teresa de Calcuta.<\/p>\n<p>Durant les hores de lectura hem llegit lectures, hem visionat v\u00eddeos,\u00a0 hem parlat de temes de pau, hem fet escrits,&#8230; sempre relacionat amb la pau i la no viol\u00e8ncia.<\/p>\n<p>Tamb\u00e9 hem reflexionat sobre el significat del lema, hem parlat del respecte mutu, de saber dir les coses de manera que ning\u00fa es senti malament, hem parlat sobre maneres de solucionar conflictes,&#8230;<\/p>\n<p>I hem creat un mural amb els nostres desitjos, tots ells dins d&#8217;un cor, perqu\u00e8 volem de tot cor que els desitjos que hem creat siguin una realitat.<\/p>\n<p>Avui 30 de gener de 2o2o hem baixat al pati i l&#8217;alumnat de sis\u00e8 ha llegit el manifest per la pau, seguidament hem llegit tots els desitjos de l&#8217;escola per concloure cantant les can\u00e7ons Swing per la pau l\u2019alumnat d\u2019educaci\u00f3 infantil, cicle inicial i 3r i de\u00a04t a 6\u00e8 Heal the world de Michael Jackson preparades a les hores de m\u00fasica i angl\u00e8s.<\/p>\n<p>Teniu tot el recull a l&#8217;enlla\u00e7 de la imatge d&#8217;aquest escrit, esperem que la pau del m\u00f3n tamb\u00e9 comenci a les nostres cases.<\/p>\n<p><a href=\"https:\/\/drive.google.com\/open?id=1GayZP9cHxzwgXJP8AftsBdWBkKkSsyfF\" target=\"_blank\" rel=\"noopener noreferrer\">M\u00e9s imatges<\/a><\/p>\n","protected":false},"excerpt":{"rendered":"<p>Com cada any l&#8217;escola ha realitzat un seguit d&#8217;activitats durant tota la setmana sobre la pau i la no viol\u00e8ncia. Aquest curs sota el lema &#8220;La pau al m\u00f3n comen\u00e7a a casa&#8221; que \u00e9s una frase de la Mare Teresa de Calcuta. Durant les hores de lectura hem llegit lectures, hem visionat v\u00eddeos,\u00a0 hem parlat [&hellip;]<\/p>\n","protected":false},"author":1,"featured_media":2635,"comment_status":"open","ping_status":"closed","sticky":false,"template":"","format":"standard","meta":{"_bbp_topic_count":0,"_bbp_reply_count":0,"_bbp_total_topic_count":0,"_bbp_total_reply_count":0,"_bbp_voice_count":0,"_bbp_anonymous_reply_count":0,"_bbp_topic_count_hidden":0,"_bbp_reply_count_hidden":0,"_bbp_forum_subforum_count":0,"site-sidebar-layout":"default","site-content-layout":"","ast-site-content-layout":"","site-content-style":"default","site-sidebar-style":"default","ast-global-header-display":"","ast-banner-title-visibility":"","ast-main-header-display":"","ast-hfb-above-header-display":"","ast-hfb-below-header-display":"","ast-hfb-mobile-header-display":"","site-post-title":"","ast-breadcrumbs-content":"","ast-featured-img":"","footer-sml-layout":"","theme-transparent-header-meta":"","adv-header-id-meta":"","stick-header-meta":"","header-above-stick-meta":"","header-main-stick-meta":"","header-below-stick-meta":"","astra-migrate-meta-layouts":"default","ast-page-background-enabled":"default","ast-page-background-meta":{"desktop":{"background-color":"var(--ast-global-color-4)","background-image":"","background-repeat":"repeat","background-position":"center center","background-size":"auto","background-attachment":"scroll","background-type":"","background-media":"","overlay-type":"","overlay-color":"","overlay-opacity":"","overlay-gradient":""},"tablet":{"background-color":"","background-image":"","background-repeat":"repeat","background-position":"center center","background-size":"auto","background-attachment":"scroll","background-type":"","background-media":"","overlay-type":"","overlay-color":"","overlay-opacity":"","overlay-gradient":""},"mobile":{"background-color":"","background-image":"","background-repeat":"repeat","background-position":"center center","background-size":"auto","background-attachment":"scroll","background-type":"","background-media":"","overlay-type":"","overlay-color":"","overlay-opacity":"","overlay-gradient":""}},"ast-content-background-meta":{"desktop":{"background-color":"var(--ast-global-color-5)","background-image":"","background-repeat":"repeat","background-position":"center center","background-size":"auto","background-attachment":"scroll","background-type":"","background-media":"","overlay-type":"","overlay-color":"","overlay-opacity":"","overlay-gradient":""},"tablet":{"background-color":"var(--ast-global-color-5)","background-image":"","background-repeat":"repeat","background-position":"center center","background-size":"auto","background-attachment":"scroll","background-type":"","background-media":"","overlay-type":"","overlay-color":"","overlay-opacity":"","overlay-gradient":""},"mobile":{"background-color":"var(--ast-global-color-5)","background-image":"","background-repeat":"repeat","background-position":"center center","background-size":"auto","background-attachment":"scroll","background-type":"","background-media":"","overlay-type":"","overlay-color":"","overlay-opacity":"","overlay-gradient":""}},"footnotes":""},"categories":[40,41,4],"tags":[94],"class_list":["post-2634","post","type-post","status-publish","format-standard","has-post-thumbnail","hentry","category-activitats-de-centre","category-festes-i-celebracions","category-portada","tag-pau"],"post_mailing_queue_ids":[],"_links":{"self":[{"href":"https:\/\/agora.xtec.cat\/ceiplacreutorrefarrera\/wp-json\/wp\/v2\/posts\/2634","targetHints":{"allow":["GET"]}}],"collection":[{"href":"https:\/\/agora.xtec.cat\/ceiplacreutorrefarrera\/wp-json\/wp\/v2\/posts"}],"about":[{"href":"https:\/\/agora.xtec.cat\/ceiplacreutorrefarrera\/wp-json\/wp\/v2\/types\/post"}],"author":[{"embeddable":true,"href":"https:\/\/agora.xtec.cat\/ceiplacreutorrefarrera\/wp-json\/wp\/v2\/users\/1"}],"replies":[{"embeddable":true,"href":"https:\/\/agora.xtec.cat\/ceiplacreutorrefarrera\/wp-json\/wp\/v2\/comments?post=2634"}],"version-history":[{"count":4,"href":"https:\/\/agora.xtec.cat\/ceiplacreutorrefarrera\/wp-json\/wp\/v2\/posts\/2634\/revisions"}],"predecessor-version":[{"id":2656,"href":"https:\/\/agora.xtec.cat\/ceiplacreutorrefarrera\/wp-json\/wp\/v2\/posts\/2634\/revisions\/2656"}],"wp:featuredmedia":[{"embeddable":true,"href":"https:\/\/agora.xtec.cat\/ceiplacreutorrefarrera\/wp-json\/wp\/v2\/media\/2635"}],"wp:attachment":[{"href":"https:\/\/agora.xtec.cat\/ceiplacreutorrefarrera\/wp-json\/wp\/v2\/media?parent=2634"}],"wp:term":[{"taxonomy":"category","embeddable":true,"href":"https:\/\/agora.xtec.cat\/ceiplacreutorrefarrera\/wp-json\/wp\/v2\/categories?post=2634"},{"taxonomy":"post_tag","embeddable":true,"href":"https:\/\/agora.xtec.cat\/ceiplacreutorrefarrera\/wp-json\/wp\/v2\/tags?post=2634"}],"curies":[{"name":"wp","href":"https:\/\/api.w.org\/{rel}","templated":true}]}}