{"id":2575,"date":"2019-11-21T08:02:27","date_gmt":"2019-11-21T07:02:27","guid":{"rendered":"http:\/\/agora.xtec.cat\/ceiplacreutorrefarrera\/?p=2575"},"modified":"2019-11-21T08:02:27","modified_gmt":"2019-11-21T07:02:27","slug":"visita-a-lescola-del-cb-pardinyes-lliga-leb-plata","status":"publish","type":"post","link":"https:\/\/agora.xtec.cat\/ceiplacreutorrefarrera\/general\/visita-a-lescola-del-cb-pardinyes-lliga-leb-plata\/","title":{"rendered":"Visita a l&#8217;escola del CB Pardinyes (Lliga LEB Plata)"},"content":{"rendered":"<p>Aquest dimecres 20 de novembre ens ha visitat a l&#8217;escola el Ramon (membre del CB Pardinyes) i 3 jugadors de la plantilla del CB Pardinyes, com s\u00f3n el Marc Rub\u00edn, David McCulloch i el Gerard Rodr\u00edguez, que actualment jugen en la Lliga LEB Plata.<\/p>\n<p>Ens han fet una presentaci\u00f3 del seu club de b\u00e0squet i els alumnes de 3r i 4t han pogut fer preguntes sobre les seves experi\u00e8ncies esportives, aix\u00ed com l&#8217;alimentaci\u00f3 saludable que ha de tenir un bon esportista.<\/p>\n<p>Tot seguit, a la pista de b\u00e0squet del pati han organitzat un KO amb tres equips i hem pogut disfrutar d&#8217;aquest esport una estona.<\/p>\n<p>Finalment, els jugadors ens han firmat aut\u00f2grafs i ens hem pogut fotografiar amb ells.<\/p>\n<p>Volem agra\u00efr al CB Pardinyes, i en especial al Ramon, el Marc, el David i el Gerard, que hagin vingut a la nostra escola a mostrar-nos tot el que saben de b\u00e0squet i volem desitjar-vos molta SORT, SALUT I \u00c8XITS en aquesta temporada.<\/p>\n<p><a href=\"https:\/\/photos.app.goo.gl\/5jNqk1rYiG9xGKSt7\"><img loading=\"lazy\" decoding=\"async\" class=\"alignleft wp-image-2577 size-medium\" src=\"https:\/\/agora.xtec.cat\/ceiplacreutorrefarrera\/wp-content\/uploads\/usu389\/2019\/11\/CB-Pardinyes-300x300.jpg\" alt=\"\" width=\"300\" height=\"300\" srcset=\"https:\/\/agora.xtec.cat\/ceiplacreutorrefarrera\/wp-content\/uploads\/usu389\/2019\/11\/CB-Pardinyes-300x300.jpg 300w, https:\/\/agora.xtec.cat\/ceiplacreutorrefarrera\/wp-content\/uploads\/usu389\/2019\/11\/CB-Pardinyes-150x150.jpg 150w, https:\/\/agora.xtec.cat\/ceiplacreutorrefarrera\/wp-content\/uploads\/usu389\/2019\/11\/CB-Pardinyes.jpg 400w\" sizes=\"auto, (max-width: 300px) 100vw, 300px\" \/><\/a><\/p>\n","protected":false},"excerpt":{"rendered":"<p>Aquest dimecres 20 de novembre ens ha visitat a l&#8217;escola el Ramon (membre del CB Pardinyes) i 3 jugadors de la plantilla del CB Pardinyes, com s\u00f3n el Marc Rub\u00edn, David McCulloch i el Gerard Rodr\u00edguez, que actualment jugen en la Lliga LEB Plata. Ens han fet una presentaci\u00f3 del seu club de b\u00e0squet i [&hellip;]<\/p>\n","protected":false},"author":9,"featured_media":2576,"comment_status":"open","ping_status":"closed","sticky":false,"template":"","format":"standard","meta":{"_bbp_topic_count":0,"_bbp_reply_count":0,"_bbp_total_topic_count":0,"_bbp_total_reply_count":0,"_bbp_voice_count":0,"_bbp_anonymous_reply_count":0,"_bbp_topic_count_hidden":0,"_bbp_reply_count_hidden":0,"_bbp_forum_subforum_count":0,"site-sidebar-layout":"default","site-content-layout":"","ast-site-content-layout":"","site-content-style":"default","site-sidebar-style":"default","ast-global-header-display":"","ast-banner-title-visibility":"","ast-main-header-display":"","ast-hfb-above-header-display":"","ast-hfb-below-header-display":"","ast-hfb-mobile-header-display":"","site-post-title":"","ast-breadcrumbs-content":"","ast-featured-img":"","footer-sml-layout":"","theme-transparent-header-meta":"","adv-header-id-meta":"","stick-header-meta":"","header-above-stick-meta":"","header-main-stick-meta":"","header-below-stick-meta":"","astra-migrate-meta-layouts":"default","ast-page-background-enabled":"default","ast-page-background-meta":{"desktop":{"background-color":"var(--ast-global-color-4)","background-image":"","background-repeat":"repeat","background-position":"center center","background-size":"auto","background-attachment":"scroll","background-type":"","background-media":"","overlay-type":"","overlay-color":"","overlay-opacity":"","overlay-gradient":""},"tablet":{"background-color":"","background-image":"","background-repeat":"repeat","background-position":"center center","background-size":"auto","background-attachment":"scroll","background-type":"","background-media":"","overlay-type":"","overlay-color":"","overlay-opacity":"","overlay-gradient":""},"mobile":{"background-color":"","background-image":"","background-repeat":"repeat","background-position":"center center","background-size":"auto","background-attachment":"scroll","background-type":"","background-media":"","overlay-type":"","overlay-color":"","overlay-opacity":"","overlay-gradient":""}},"ast-content-background-meta":{"desktop":{"background-color":"var(--ast-global-color-5)","background-image":"","background-repeat":"repeat","background-position":"center center","background-size":"auto","background-attachment":"scroll","background-type":"","background-media":"","overlay-type":"","overlay-color":"","overlay-opacity":"","overlay-gradient":""},"tablet":{"background-color":"var(--ast-global-color-5)","background-image":"","background-repeat":"repeat","background-position":"center center","background-size":"auto","background-attachment":"scroll","background-type":"","background-media":"","overlay-type":"","overlay-color":"","overlay-opacity":"","overlay-gradient":""},"mobile":{"background-color":"var(--ast-global-color-5)","background-image":"","background-repeat":"repeat","background-position":"center center","background-size":"auto","background-attachment":"scroll","background-type":"","background-media":"","overlay-type":"","overlay-color":"","overlay-opacity":"","overlay-gradient":""}},"footnotes":""},"categories":[12,13,40,1,4,5],"tags":[],"class_list":["post-2575","post","type-post","status-publish","format-standard","has-post-thumbnail","hentry","category-3r","category-4t","category-activitats-de-centre","category-general","category-portada","category-primaria"],"post_mailing_queue_ids":[],"_links":{"self":[{"href":"https:\/\/agora.xtec.cat\/ceiplacreutorrefarrera\/wp-json\/wp\/v2\/posts\/2575","targetHints":{"allow":["GET"]}}],"collection":[{"href":"https:\/\/agora.xtec.cat\/ceiplacreutorrefarrera\/wp-json\/wp\/v2\/posts"}],"about":[{"href":"https:\/\/agora.xtec.cat\/ceiplacreutorrefarrera\/wp-json\/wp\/v2\/types\/post"}],"author":[{"embeddable":true,"href":"https:\/\/agora.xtec.cat\/ceiplacreutorrefarrera\/wp-json\/wp\/v2\/users\/9"}],"replies":[{"embeddable":true,"href":"https:\/\/agora.xtec.cat\/ceiplacreutorrefarrera\/wp-json\/wp\/v2\/comments?post=2575"}],"version-history":[{"count":1,"href":"https:\/\/agora.xtec.cat\/ceiplacreutorrefarrera\/wp-json\/wp\/v2\/posts\/2575\/revisions"}],"predecessor-version":[{"id":2578,"href":"https:\/\/agora.xtec.cat\/ceiplacreutorrefarrera\/wp-json\/wp\/v2\/posts\/2575\/revisions\/2578"}],"wp:featuredmedia":[{"embeddable":true,"href":"https:\/\/agora.xtec.cat\/ceiplacreutorrefarrera\/wp-json\/wp\/v2\/media\/2576"}],"wp:attachment":[{"href":"https:\/\/agora.xtec.cat\/ceiplacreutorrefarrera\/wp-json\/wp\/v2\/media?parent=2575"}],"wp:term":[{"taxonomy":"category","embeddable":true,"href":"https:\/\/agora.xtec.cat\/ceiplacreutorrefarrera\/wp-json\/wp\/v2\/categories?post=2575"},{"taxonomy":"post_tag","embeddable":true,"href":"https:\/\/agora.xtec.cat\/ceiplacreutorrefarrera\/wp-json\/wp\/v2\/tags?post=2575"}],"curies":[{"name":"wp","href":"https:\/\/api.w.org\/{rel}","templated":true}]}}