{"id":2521,"date":"2019-11-08T18:57:38","date_gmt":"2019-11-08T17:57:38","guid":{"rendered":"http:\/\/agora.xtec.cat\/ceiplacreutorrefarrera\/?p=2521"},"modified":"2021-02-11T08:12:41","modified_gmt":"2021-02-11T07:12:41","slug":"lany-del-cirerer-la-tardor","status":"publish","type":"post","link":"https:\/\/agora.xtec.cat\/ceiplacreutorrefarrera\/general\/lany-del-cirerer-la-tardor\/","title":{"rendered":"L&#8217;ANY DEL CIRERER &#8211; LA TARDOR"},"content":{"rendered":"<p><a href=\"https:\/\/agora.xtec.cat\/ceiplacreutorrefarrera\/wp-content\/uploads\/usu389\/2019\/11\/FOTO-CIRERER.jpg\"><img loading=\"lazy\" decoding=\"async\" class=\"alignnone wp-image-2523\" src=\"https:\/\/agora.xtec.cat\/ceiplacreutorrefarrera\/wp-content\/uploads\/usu389\/2019\/11\/FOTO-CIRERER.jpg\" alt=\"\" width=\"346\" height=\"245\" srcset=\"https:\/\/agora.xtec.cat\/ceiplacreutorrefarrera\/wp-content\/uploads\/usu389\/2019\/11\/FOTO-CIRERER.jpg 1023w, https:\/\/agora.xtec.cat\/ceiplacreutorrefarrera\/wp-content\/uploads\/usu389\/2019\/11\/FOTO-CIRERER-300x213.jpg 300w, https:\/\/agora.xtec.cat\/ceiplacreutorrefarrera\/wp-content\/uploads\/usu389\/2019\/11\/FOTO-CIRERER-768x544.jpg 768w\" sizes=\"auto, (max-width: 346px) 100vw, 346px\" \/><\/a><\/p>\n<div>Les nenes i els nens de primer hem fet una sortideta al tros de la Montse Fo i el Jordi. Caminant i observant, hem arribat amb moltes ganes de descobrir qu\u00e8 hi trobar\u00edem.<\/div>\n<div>Hem pogut observar alguns arbres dels que donen el seu fruit a la tardor: figuera, pins pinyoners, codonyer, ceps, oliveres,\u00a0 avellaners&#8230; . Hem fet una observaci\u00f3 m\u00e9s detinguda del cirerer: les fulles comencen a estar marronetes i taronges.<\/div>\n<div>Hem apr\u00e9s que hi ha arbres de fulla caduca, com el nostre protagonista, i altres de fulla perenne com el pi. Tamb\u00e9 hem observat les hortalisses que podem trobar a l&#8217;hort a la tardor: carabassons, carabasses, enciams de roure&#8230; i en acabat, a jugar una estoneta.<\/div>\n<div>Tot plegat ha estat possible gr\u00e0cies a la Montse i el Jordi. Molt\u00edssimes gr\u00e0cies!!<\/div>\n<div><\/div>\n<div>Aqu\u00ed teniu l&#8217;enlla\u00e7 amb les fotos de la nostra primera visita al tros.<\/div>\n<div><\/div>\n<div><a href=\"https:\/\/drive.google.com\/drive\/folders\/1OaiR2klEwLuM-GnWL3bj1DZurnV3dzg8?usp=sharing\">L&#8217;ANY DEL CIRERER &#8211; LA TARDOR<\/a><\/div>\n<div><\/div>\n","protected":false},"excerpt":{"rendered":"<p>Les nenes i els nens de primer hem fet una sortideta al tros de la Montse Fo i el Jordi. Caminant i observant, hem arribat amb moltes ganes de descobrir qu\u00e8 hi trobar\u00edem. Hem pogut observar alguns arbres dels que donen el seu fruit a la tardor: figuera, pins pinyoners, codonyer, ceps, oliveres,\u00a0 avellaners&#8230; . [&hellip;]<\/p>\n","protected":false},"author":17,"featured_media":2523,"comment_status":"open","ping_status":"closed","sticky":false,"template":"","format":"standard","meta":{"_bbp_topic_count":0,"_bbp_reply_count":0,"_bbp_total_topic_count":0,"_bbp_total_reply_count":0,"_bbp_voice_count":0,"_bbp_anonymous_reply_count":0,"_bbp_topic_count_hidden":0,"_bbp_reply_count_hidden":0,"_bbp_forum_subforum_count":0,"site-sidebar-layout":"default","site-content-layout":"","ast-site-content-layout":"","site-content-style":"default","site-sidebar-style":"default","ast-global-header-display":"","ast-banner-title-visibility":"","ast-main-header-display":"","ast-hfb-above-header-display":"","ast-hfb-below-header-display":"","ast-hfb-mobile-header-display":"","site-post-title":"","ast-breadcrumbs-content":"","ast-featured-img":"","footer-sml-layout":"","theme-transparent-header-meta":"","adv-header-id-meta":"","stick-header-meta":"","header-above-stick-meta":"","header-main-stick-meta":"","header-below-stick-meta":"","astra-migrate-meta-layouts":"default","ast-page-background-enabled":"default","ast-page-background-meta":{"desktop":{"background-color":"var(--ast-global-color-4)","background-image":"","background-repeat":"repeat","background-position":"center center","background-size":"auto","background-attachment":"scroll","background-type":"","background-media":"","overlay-type":"","overlay-color":"","overlay-opacity":"","overlay-gradient":""},"tablet":{"background-color":"","background-image":"","background-repeat":"repeat","background-position":"center center","background-size":"auto","background-attachment":"scroll","background-type":"","background-media":"","overlay-type":"","overlay-color":"","overlay-opacity":"","overlay-gradient":""},"mobile":{"background-color":"","background-image":"","background-repeat":"repeat","background-position":"center center","background-size":"auto","background-attachment":"scroll","background-type":"","background-media":"","overlay-type":"","overlay-color":"","overlay-opacity":"","overlay-gradient":""}},"ast-content-background-meta":{"desktop":{"background-color":"var(--ast-global-color-5)","background-image":"","background-repeat":"repeat","background-position":"center center","background-size":"auto","background-attachment":"scroll","background-type":"","background-media":"","overlay-type":"","overlay-color":"","overlay-opacity":"","overlay-gradient":""},"tablet":{"background-color":"var(--ast-global-color-5)","background-image":"","background-repeat":"repeat","background-position":"center center","background-size":"auto","background-attachment":"scroll","background-type":"","background-media":"","overlay-type":"","overlay-color":"","overlay-opacity":"","overlay-gradient":""},"mobile":{"background-color":"var(--ast-global-color-5)","background-image":"","background-repeat":"repeat","background-position":"center center","background-size":"auto","background-attachment":"scroll","background-type":"","background-media":"","overlay-type":"","overlay-color":"","overlay-opacity":"","overlay-gradient":""}},"footnotes":""},"categories":[10,1,4,5],"tags":[54,177,53,184],"class_list":["post-2521","post","type-post","status-publish","format-standard","has-post-thumbnail","hentry","category-1r","category-general","category-portada","category-primaria","tag-1r","tag-activitats","tag-medi","tag-tros-de-la-montse"],"post_mailing_queue_ids":[],"_links":{"self":[{"href":"https:\/\/agora.xtec.cat\/ceiplacreutorrefarrera\/wp-json\/wp\/v2\/posts\/2521","targetHints":{"allow":["GET"]}}],"collection":[{"href":"https:\/\/agora.xtec.cat\/ceiplacreutorrefarrera\/wp-json\/wp\/v2\/posts"}],"about":[{"href":"https:\/\/agora.xtec.cat\/ceiplacreutorrefarrera\/wp-json\/wp\/v2\/types\/post"}],"author":[{"embeddable":true,"href":"https:\/\/agora.xtec.cat\/ceiplacreutorrefarrera\/wp-json\/wp\/v2\/users\/17"}],"replies":[{"embeddable":true,"href":"https:\/\/agora.xtec.cat\/ceiplacreutorrefarrera\/wp-json\/wp\/v2\/comments?post=2521"}],"version-history":[{"count":3,"href":"https:\/\/agora.xtec.cat\/ceiplacreutorrefarrera\/wp-json\/wp\/v2\/posts\/2521\/revisions"}],"predecessor-version":[{"id":2526,"href":"https:\/\/agora.xtec.cat\/ceiplacreutorrefarrera\/wp-json\/wp\/v2\/posts\/2521\/revisions\/2526"}],"wp:featuredmedia":[{"embeddable":true,"href":"https:\/\/agora.xtec.cat\/ceiplacreutorrefarrera\/wp-json\/wp\/v2\/media\/2523"}],"wp:attachment":[{"href":"https:\/\/agora.xtec.cat\/ceiplacreutorrefarrera\/wp-json\/wp\/v2\/media?parent=2521"}],"wp:term":[{"taxonomy":"category","embeddable":true,"href":"https:\/\/agora.xtec.cat\/ceiplacreutorrefarrera\/wp-json\/wp\/v2\/categories?post=2521"},{"taxonomy":"post_tag","embeddable":true,"href":"https:\/\/agora.xtec.cat\/ceiplacreutorrefarrera\/wp-json\/wp\/v2\/tags?post=2521"}],"curies":[{"name":"wp","href":"https:\/\/api.w.org\/{rel}","templated":true}]}}