{"id":2502,"date":"2019-11-04T15:53:53","date_gmt":"2019-11-04T14:53:53","guid":{"rendered":"http:\/\/agora.xtec.cat\/ceiplacreutorrefarrera\/?p=2502"},"modified":"2019-11-04T15:53:53","modified_gmt":"2019-11-04T14:53:53","slug":"punt-eco-primer-29-doctubre","status":"publish","type":"post","link":"https:\/\/agora.xtec.cat\/ceiplacreutorrefarrera\/general\/punt-eco-primer-29-doctubre\/","title":{"rendered":"PUNT ECO Primer 29 d&#8217;octubre"},"content":{"rendered":"<p><a href=\"https:\/\/agora.xtec.cat\/ceiplacreutorrefarrera\/wp-content\/uploads\/usu389\/2019\/11\/logo.png\"><img loading=\"lazy\" decoding=\"async\" class=\"alignnone size-full wp-image-2505\" src=\"https:\/\/agora.xtec.cat\/ceiplacreutorrefarrera\/wp-content\/uploads\/usu389\/2019\/11\/logo.png\" alt=\"\" width=\"400\" height=\"87\" srcset=\"https:\/\/agora.xtec.cat\/ceiplacreutorrefarrera\/wp-content\/uploads\/usu389\/2019\/11\/logo.png 400w, https:\/\/agora.xtec.cat\/ceiplacreutorrefarrera\/wp-content\/uploads\/usu389\/2019\/11\/logo-300x65.png 300w\" sizes=\"auto, (max-width: 400px) 100vw, 400px\" \/><\/a><\/p>\n<p>L\u00b4\u00faltima setmana d&#8217;octubre, el dia 29, les nenes i els nens de primer vam anar d&#8217;excursi\u00f3 al PUNT ECO, a l&#8217;horta de Lleida. Vol\u00edem fer de pagesos per un dia i aprendre quines s\u00f3n les feines que han de fer els hortolans. Ens va agradar tant que estem s\u00faper il\u00b7lusionats amb la idea d&#8217;encarregar-nos de l&#8217;hort de l&#8217;escola.<\/p>\n<p>A continuaci\u00f3 teniu diferents enlla\u00e7os amb les fotos d&#8217;aquell dia.<\/p>\n<p><a href=\"https:\/\/drive.google.com\/drive\/folders\/1tgdtEqz4aYF4SEMUZnGFNYo0A0ESfoAY?usp=sharing\">PUNT ECO 1<\/a><\/p>\n<p><a href=\"https:\/\/drive.google.com\/drive\/folders\/1utHFWQaO_D7_chHcokATKBFWX3p172aa?usp=sharing\">PUNT ECO 2<\/a><\/p>\n<p><a href=\"https:\/\/drive.google.com\/drive\/folders\/18SZJxYVl4BTLRjBXZvrk1wPV4LHJxLqx?usp=sharing\">PUNT ECO 3<\/a><\/p>\n<p><a href=\"https:\/\/drive.google.com\/drive\/folders\/1b87KmyTFsyqZ5e0a4XT_RWLpdSpxGFj2?usp=sharing\">PUNT ECO 4<\/a><\/p>\n<p>&nbsp;<\/p>\n","protected":false},"excerpt":{"rendered":"<p>L\u00b4\u00faltima setmana d&#8217;octubre, el dia 29, les nenes i els nens de primer vam anar d&#8217;excursi\u00f3 al PUNT ECO, a l&#8217;horta de Lleida. Vol\u00edem fer de pagesos per un dia i aprendre quines s\u00f3n les feines que han de fer els hortolans. Ens va agradar tant que estem s\u00faper il\u00b7lusionats amb la idea d&#8217;encarregar-nos de [&hellip;]<\/p>\n","protected":false},"author":17,"featured_media":2505,"comment_status":"open","ping_status":"closed","sticky":false,"template":"","format":"standard","meta":{"_bbp_topic_count":0,"_bbp_reply_count":0,"_bbp_total_topic_count":0,"_bbp_total_reply_count":0,"_bbp_voice_count":0,"_bbp_anonymous_reply_count":0,"_bbp_topic_count_hidden":0,"_bbp_reply_count_hidden":0,"_bbp_forum_subforum_count":0,"site-sidebar-layout":"default","site-content-layout":"","ast-site-content-layout":"","site-content-style":"default","site-sidebar-style":"default","ast-global-header-display":"","ast-banner-title-visibility":"","ast-main-header-display":"","ast-hfb-above-header-display":"","ast-hfb-below-header-display":"","ast-hfb-mobile-header-display":"","site-post-title":"","ast-breadcrumbs-content":"","ast-featured-img":"","footer-sml-layout":"","theme-transparent-header-meta":"","adv-header-id-meta":"","stick-header-meta":"","header-above-stick-meta":"","header-main-stick-meta":"","header-below-stick-meta":"","astra-migrate-meta-layouts":"default","ast-page-background-enabled":"default","ast-page-background-meta":{"desktop":{"background-color":"var(--ast-global-color-4)","background-image":"","background-repeat":"repeat","background-position":"center center","background-size":"auto","background-attachment":"scroll","background-type":"","background-media":"","overlay-type":"","overlay-color":"","overlay-opacity":"","overlay-gradient":""},"tablet":{"background-color":"","background-image":"","background-repeat":"repeat","background-position":"center center","background-size":"auto","background-attachment":"scroll","background-type":"","background-media":"","overlay-type":"","overlay-color":"","overlay-opacity":"","overlay-gradient":""},"mobile":{"background-color":"","background-image":"","background-repeat":"repeat","background-position":"center center","background-size":"auto","background-attachment":"scroll","background-type":"","background-media":"","overlay-type":"","overlay-color":"","overlay-opacity":"","overlay-gradient":""}},"ast-content-background-meta":{"desktop":{"background-color":"var(--ast-global-color-5)","background-image":"","background-repeat":"repeat","background-position":"center center","background-size":"auto","background-attachment":"scroll","background-type":"","background-media":"","overlay-type":"","overlay-color":"","overlay-opacity":"","overlay-gradient":""},"tablet":{"background-color":"var(--ast-global-color-5)","background-image":"","background-repeat":"repeat","background-position":"center center","background-size":"auto","background-attachment":"scroll","background-type":"","background-media":"","overlay-type":"","overlay-color":"","overlay-opacity":"","overlay-gradient":""},"mobile":{"background-color":"var(--ast-global-color-5)","background-image":"","background-repeat":"repeat","background-position":"center center","background-size":"auto","background-attachment":"scroll","background-type":"","background-media":"","overlay-type":"","overlay-color":"","overlay-opacity":"","overlay-gradient":""}},"footnotes":""},"categories":[10,1,4,5],"tags":[54,55,16],"class_list":["post-2502","post","type-post","status-publish","format-standard","has-post-thumbnail","hentry","category-1r","category-general","category-portada","category-primaria","tag-1r","tag-hort","tag-sortides"],"post_mailing_queue_ids":[],"_links":{"self":[{"href":"https:\/\/agora.xtec.cat\/ceiplacreutorrefarrera\/wp-json\/wp\/v2\/posts\/2502","targetHints":{"allow":["GET"]}}],"collection":[{"href":"https:\/\/agora.xtec.cat\/ceiplacreutorrefarrera\/wp-json\/wp\/v2\/posts"}],"about":[{"href":"https:\/\/agora.xtec.cat\/ceiplacreutorrefarrera\/wp-json\/wp\/v2\/types\/post"}],"author":[{"embeddable":true,"href":"https:\/\/agora.xtec.cat\/ceiplacreutorrefarrera\/wp-json\/wp\/v2\/users\/17"}],"replies":[{"embeddable":true,"href":"https:\/\/agora.xtec.cat\/ceiplacreutorrefarrera\/wp-json\/wp\/v2\/comments?post=2502"}],"version-history":[{"count":2,"href":"https:\/\/agora.xtec.cat\/ceiplacreutorrefarrera\/wp-json\/wp\/v2\/posts\/2502\/revisions"}],"predecessor-version":[{"id":2514,"href":"https:\/\/agora.xtec.cat\/ceiplacreutorrefarrera\/wp-json\/wp\/v2\/posts\/2502\/revisions\/2514"}],"wp:featuredmedia":[{"embeddable":true,"href":"https:\/\/agora.xtec.cat\/ceiplacreutorrefarrera\/wp-json\/wp\/v2\/media\/2505"}],"wp:attachment":[{"href":"https:\/\/agora.xtec.cat\/ceiplacreutorrefarrera\/wp-json\/wp\/v2\/media?parent=2502"}],"wp:term":[{"taxonomy":"category","embeddable":true,"href":"https:\/\/agora.xtec.cat\/ceiplacreutorrefarrera\/wp-json\/wp\/v2\/categories?post=2502"},{"taxonomy":"post_tag","embeddable":true,"href":"https:\/\/agora.xtec.cat\/ceiplacreutorrefarrera\/wp-json\/wp\/v2\/tags?post=2502"}],"curies":[{"name":"wp","href":"https:\/\/api.w.org\/{rel}","templated":true}]}}