{"id":2404,"date":"2019-09-30T15:58:54","date_gmt":"2019-09-30T13:58:54","guid":{"rendered":"http:\/\/agora.xtec.cat\/ceiplacreutorrefarrera\/?p=2404"},"modified":"2019-10-01T16:15:03","modified_gmt":"2019-10-01T14:15:03","slug":"article-escoltam-setembre","status":"publish","type":"post","link":"https:\/\/agora.xtec.cat\/ceiplacreutorrefarrera\/portada\/article-escoltam-setembre\/","title":{"rendered":"ARTICLE ESCOLTA&#8217;M SETEMBRE"},"content":{"rendered":"<p><a href=\"https:\/\/agora.xtec.cat\/ceiplacreutorrefarrera\/wp-content\/uploads\/usu389\/2019\/09\/34119734_1777844432276490_5312315812856463360_n-1.jpg\"><img loading=\"lazy\" decoding=\"async\" class=\"alignnone wp-image-2406\" src=\"https:\/\/agora.xtec.cat\/ceiplacreutorrefarrera\/wp-content\/uploads\/usu389\/2019\/09\/34119734_1777844432276490_5312315812856463360_n-1.jpg\" alt=\"\" width=\"291\" height=\"280\" srcset=\"https:\/\/agora.xtec.cat\/ceiplacreutorrefarrera\/wp-content\/uploads\/usu389\/2019\/09\/34119734_1777844432276490_5312315812856463360_n-1.jpg 926w, https:\/\/agora.xtec.cat\/ceiplacreutorrefarrera\/wp-content\/uploads\/usu389\/2019\/09\/34119734_1777844432276490_5312315812856463360_n-1-300x289.jpg 300w, https:\/\/agora.xtec.cat\/ceiplacreutorrefarrera\/wp-content\/uploads\/usu389\/2019\/09\/34119734_1777844432276490_5312315812856463360_n-1-768x741.jpg 768w\" sizes=\"auto, (max-width: 291px) 100vw, 291px\" \/><\/a><\/p>\n<p>ARTICLE ESCOLTA&#8217;M SETEMBRE<\/p>\n<p>Hola fam\u00edlies!!<\/p>\n<p>Benvingudes al curs 2019-2020. Aquest, \u00e9s un m\u00e9s de moltes emocions i sentiments: alegria, nervis, una mica de tristesa, enyoran\u00e7a,&#8230; Esperem, per\u00f2, que en acabar el curs puguem acabar tots: fam\u00edlies, alumnes i mestres, amb molt bones sensacions. Per contribuir a fer-ho possible, des de l&#8217;escola us continuarem fent arribar un article de reflexi\u00f3 cada mes. Recordeu que ens agradaria molt que ens f\u00e9ssiu arribar les vostres reflexions. Gr\u00e0cies per endavant i&#8230; bona feina!!<\/p>\n<p><a href=\"https:\/\/drive.google.com\/file\/d\/12QhAQgvVzMMwEvH_LYZIFMmdDjhHcY3O\/view?usp=sharing\">https:\/\/drive.google.com\/file\/d\/12QhAQgvVzMMwEvH_LYZIFMmdDjhHcY3O\/view?usp=sharing<\/a><\/p>\n<p>&nbsp;<\/p>\n","protected":false},"excerpt":{"rendered":"<p>ARTICLE ESCOLTA&#8217;M SETEMBRE Hola fam\u00edlies!! Benvingudes al curs 2019-2020. Aquest, \u00e9s un m\u00e9s de moltes emocions i sentiments: alegria, nervis, una mica de tristesa, enyoran\u00e7a,&#8230; Esperem, per\u00f2, que en acabar el curs puguem acabar tots: fam\u00edlies, alumnes i mestres, amb molt bones sensacions. Per contribuir a fer-ho possible, des de l&#8217;escola us continuarem fent arribar [&hellip;]<\/p>\n","protected":false},"author":17,"featured_media":2406,"comment_status":"open","ping_status":"closed","sticky":false,"template":"","format":"standard","meta":{"_bbp_topic_count":0,"_bbp_reply_count":0,"_bbp_total_topic_count":0,"_bbp_total_reply_count":0,"_bbp_voice_count":0,"_bbp_anonymous_reply_count":0,"_bbp_topic_count_hidden":0,"_bbp_reply_count_hidden":0,"_bbp_forum_subforum_count":0,"site-sidebar-layout":"default","site-content-layout":"","ast-site-content-layout":"","site-content-style":"default","site-sidebar-style":"default","ast-global-header-display":"","ast-banner-title-visibility":"","ast-main-header-display":"","ast-hfb-above-header-display":"","ast-hfb-below-header-display":"","ast-hfb-mobile-header-display":"","site-post-title":"","ast-breadcrumbs-content":"","ast-featured-img":"","footer-sml-layout":"","theme-transparent-header-meta":"","adv-header-id-meta":"","stick-header-meta":"","header-above-stick-meta":"","header-main-stick-meta":"","header-below-stick-meta":"","astra-migrate-meta-layouts":"default","ast-page-background-enabled":"default","ast-page-background-meta":{"desktop":{"background-color":"var(--ast-global-color-4)","background-image":"","background-repeat":"repeat","background-position":"center center","background-size":"auto","background-attachment":"scroll","background-type":"","background-media":"","overlay-type":"","overlay-color":"","overlay-opacity":"","overlay-gradient":""},"tablet":{"background-color":"","background-image":"","background-repeat":"repeat","background-position":"center center","background-size":"auto","background-attachment":"scroll","background-type":"","background-media":"","overlay-type":"","overlay-color":"","overlay-opacity":"","overlay-gradient":""},"mobile":{"background-color":"","background-image":"","background-repeat":"repeat","background-position":"center center","background-size":"auto","background-attachment":"scroll","background-type":"","background-media":"","overlay-type":"","overlay-color":"","overlay-opacity":"","overlay-gradient":""}},"ast-content-background-meta":{"desktop":{"background-color":"var(--ast-global-color-5)","background-image":"","background-repeat":"repeat","background-position":"center center","background-size":"auto","background-attachment":"scroll","background-type":"","background-media":"","overlay-type":"","overlay-color":"","overlay-opacity":"","overlay-gradient":""},"tablet":{"background-color":"var(--ast-global-color-5)","background-image":"","background-repeat":"repeat","background-position":"center center","background-size":"auto","background-attachment":"scroll","background-type":"","background-media":"","overlay-type":"","overlay-color":"","overlay-opacity":"","overlay-gradient":""},"mobile":{"background-color":"var(--ast-global-color-5)","background-image":"","background-repeat":"repeat","background-position":"center center","background-size":"auto","background-attachment":"scroll","background-type":"","background-media":"","overlay-type":"","overlay-color":"","overlay-opacity":"","overlay-gradient":""}},"footnotes":""},"categories":[40,4,149],"tags":[150],"class_list":["post-2404","post","type-post","status-publish","format-standard","has-post-thumbnail","hentry","category-activitats-de-centre","category-portada","category-escolta","tag-escoltam"],"post_mailing_queue_ids":[],"_links":{"self":[{"href":"https:\/\/agora.xtec.cat\/ceiplacreutorrefarrera\/wp-json\/wp\/v2\/posts\/2404","targetHints":{"allow":["GET"]}}],"collection":[{"href":"https:\/\/agora.xtec.cat\/ceiplacreutorrefarrera\/wp-json\/wp\/v2\/posts"}],"about":[{"href":"https:\/\/agora.xtec.cat\/ceiplacreutorrefarrera\/wp-json\/wp\/v2\/types\/post"}],"author":[{"embeddable":true,"href":"https:\/\/agora.xtec.cat\/ceiplacreutorrefarrera\/wp-json\/wp\/v2\/users\/17"}],"replies":[{"embeddable":true,"href":"https:\/\/agora.xtec.cat\/ceiplacreutorrefarrera\/wp-json\/wp\/v2\/comments?post=2404"}],"version-history":[{"count":1,"href":"https:\/\/agora.xtec.cat\/ceiplacreutorrefarrera\/wp-json\/wp\/v2\/posts\/2404\/revisions"}],"predecessor-version":[{"id":2407,"href":"https:\/\/agora.xtec.cat\/ceiplacreutorrefarrera\/wp-json\/wp\/v2\/posts\/2404\/revisions\/2407"}],"wp:featuredmedia":[{"embeddable":true,"href":"https:\/\/agora.xtec.cat\/ceiplacreutorrefarrera\/wp-json\/wp\/v2\/media\/2406"}],"wp:attachment":[{"href":"https:\/\/agora.xtec.cat\/ceiplacreutorrefarrera\/wp-json\/wp\/v2\/media?parent=2404"}],"wp:term":[{"taxonomy":"category","embeddable":true,"href":"https:\/\/agora.xtec.cat\/ceiplacreutorrefarrera\/wp-json\/wp\/v2\/categories?post=2404"},{"taxonomy":"post_tag","embeddable":true,"href":"https:\/\/agora.xtec.cat\/ceiplacreutorrefarrera\/wp-json\/wp\/v2\/tags?post=2404"}],"curies":[{"name":"wp","href":"https:\/\/api.w.org\/{rel}","templated":true}]}}