{"id":2352,"date":"2019-06-06T09:51:24","date_gmt":"2019-06-06T07:51:24","guid":{"rendered":"http:\/\/agora.xtec.cat\/ceiplacreutorrefarrera\/?p=2352"},"modified":"2019-06-06T10:37:47","modified_gmt":"2019-06-06T08:37:47","slug":"cantania","status":"publish","type":"post","link":"https:\/\/agora.xtec.cat\/ceiplacreutorrefarrera\/general\/cantania\/","title":{"rendered":"CANT\u00c0NIA"},"content":{"rendered":"<p><a href=\"https:\/\/drive.google.com\/file\/d\/1zj6VAuRgGR2oB1q6VADH1-nAkWXxoSmm\/view?usp=sharing\" target=\"_blank\" rel=\"noopener noreferrer\"><img loading=\"lazy\" decoding=\"async\" class=\"alignleft size-medium wp-image-2354\" src=\"https:\/\/agora.xtec.cat\/ceiplacreutorrefarrera\/wp-content\/uploads\/usu389\/2019\/06\/327cee04cbfff53e542c2d3a3c26e2c8-300x200.jpg\" alt=\"\" width=\"300\" height=\"200\" srcset=\"https:\/\/agora.xtec.cat\/ceiplacreutorrefarrera\/wp-content\/uploads\/usu389\/2019\/06\/327cee04cbfff53e542c2d3a3c26e2c8-300x200.jpg 300w, https:\/\/agora.xtec.cat\/ceiplacreutorrefarrera\/wp-content\/uploads\/usu389\/2019\/06\/327cee04cbfff53e542c2d3a3c26e2c8.jpg 620w\" sizes=\"auto, (max-width: 300px) 100vw, 300px\" \/><\/a><\/p>\n<p><span style=\"font-weight: 400;\">Aquest passat dilluns 20 de maig vam concloure el projecte Cant\u00e0nia amb el concert a l\u2019Auditori de Barcelona. La \u00a0cantata d\u2019enguany constava de 16 can\u00e7ons amb els poemes de Joan Brossa del qual aquest any es celebra el centenari del seu naixement. Despr\u00e9s de m\u00e9s de cinc mesos d\u2019assajos, molta feina i il\u00b7lusi\u00f3 havia arribat el gran dia.<\/span><\/p>\n<p><span style=\"font-weight: 400;\">Ben d\u2019hora vam emprendre el viatge cap a Barcelona, ens esperava un assaig general \u00a0amb la resta d\u2019escoles de tota Catalunya, en total m\u00e9s de 800 cantaires. En aquest assaig vam con\u00e8ixer el director Oriol Castanyer i les solistes la Carolina i la Nerea. Tots esper\u00e0vem poder veure a la Beth, per\u00f2 no va ser possible.<\/span><\/p>\n<p><span style=\"font-weight: 400;\">Despr\u00e9s de l\u2019assaig vam descansar una miqueta, calmar els nervis i sortir ara s\u00ed a fer el concert davant d\u2019un auditori ple de familiars. Una gran actuaci\u00f3 dels alumnes, una posada en escena espectacular, unes solistes i m\u00fasics genials, seria el resum del que vam viure \u00a0i que de ben segur tots recordarem.<\/span><\/p>\n<p><span style=\"font-weight: 400;\">Visca Cant\u00e0nia!<\/span><\/p>\n<p><a href=\"https:\/\/drive.google.com\/drive\/folders\/1086WzaltaNF4_AZS1L5DoqNvQIdkbFkt?usp=sharing\" target=\"_blank\" rel=\"noopener noreferrer\">Aqu\u00ed teniu les imatges.<\/a><\/p>\n","protected":false},"excerpt":{"rendered":"<p>Aquest passat dilluns 20 de maig vam concloure el projecte Cant\u00e0nia amb el concert a l\u2019Auditori de Barcelona. La \u00a0cantata d\u2019enguany constava de 16 can\u00e7ons amb els poemes de Joan Brossa del qual aquest any es celebra el centenari del seu naixement. Despr\u00e9s de m\u00e9s de cinc mesos d\u2019assajos, molta feina i il\u00b7lusi\u00f3 havia arribat [&hellip;]<\/p>\n","protected":false},"author":1,"featured_media":2354,"comment_status":"open","ping_status":"closed","sticky":false,"template":"","format":"standard","meta":{"_bbp_topic_count":0,"_bbp_reply_count":0,"_bbp_total_topic_count":0,"_bbp_total_reply_count":0,"_bbp_voice_count":0,"_bbp_anonymous_reply_count":0,"_bbp_topic_count_hidden":0,"_bbp_reply_count_hidden":0,"_bbp_forum_subforum_count":0,"site-sidebar-layout":"default","site-content-layout":"","ast-site-content-layout":"","site-content-style":"default","site-sidebar-style":"default","ast-global-header-display":"","ast-banner-title-visibility":"","ast-main-header-display":"","ast-hfb-above-header-display":"","ast-hfb-below-header-display":"","ast-hfb-mobile-header-display":"","site-post-title":"","ast-breadcrumbs-content":"","ast-featured-img":"","footer-sml-layout":"","theme-transparent-header-meta":"","adv-header-id-meta":"","stick-header-meta":"","header-above-stick-meta":"","header-main-stick-meta":"","header-below-stick-meta":"","astra-migrate-meta-layouts":"default","ast-page-background-enabled":"default","ast-page-background-meta":{"desktop":{"background-color":"var(--ast-global-color-4)","background-image":"","background-repeat":"repeat","background-position":"center center","background-size":"auto","background-attachment":"scroll","background-type":"","background-media":"","overlay-type":"","overlay-color":"","overlay-opacity":"","overlay-gradient":""},"tablet":{"background-color":"","background-image":"","background-repeat":"repeat","background-position":"center center","background-size":"auto","background-attachment":"scroll","background-type":"","background-media":"","overlay-type":"","overlay-color":"","overlay-opacity":"","overlay-gradient":""},"mobile":{"background-color":"","background-image":"","background-repeat":"repeat","background-position":"center center","background-size":"auto","background-attachment":"scroll","background-type":"","background-media":"","overlay-type":"","overlay-color":"","overlay-opacity":"","overlay-gradient":""}},"ast-content-background-meta":{"desktop":{"background-color":"var(--ast-global-color-5)","background-image":"","background-repeat":"repeat","background-position":"center center","background-size":"auto","background-attachment":"scroll","background-type":"","background-media":"","overlay-type":"","overlay-color":"","overlay-opacity":"","overlay-gradient":""},"tablet":{"background-color":"var(--ast-global-color-5)","background-image":"","background-repeat":"repeat","background-position":"center center","background-size":"auto","background-attachment":"scroll","background-type":"","background-media":"","overlay-type":"","overlay-color":"","overlay-opacity":"","overlay-gradient":""},"mobile":{"background-color":"var(--ast-global-color-5)","background-image":"","background-repeat":"repeat","background-position":"center center","background-size":"auto","background-attachment":"scroll","background-type":"","background-media":"","overlay-type":"","overlay-color":"","overlay-opacity":"","overlay-gradient":""}},"footnotes":""},"categories":[13,1,43,4],"tags":[129],"class_list":["post-2352","post","type-post","status-publish","format-standard","has-post-thumbnail","hentry","category-4t","category-general","category-musica","category-portada","tag-cantania"],"post_mailing_queue_ids":[],"_links":{"self":[{"href":"https:\/\/agora.xtec.cat\/ceiplacreutorrefarrera\/wp-json\/wp\/v2\/posts\/2352","targetHints":{"allow":["GET"]}}],"collection":[{"href":"https:\/\/agora.xtec.cat\/ceiplacreutorrefarrera\/wp-json\/wp\/v2\/posts"}],"about":[{"href":"https:\/\/agora.xtec.cat\/ceiplacreutorrefarrera\/wp-json\/wp\/v2\/types\/post"}],"author":[{"embeddable":true,"href":"https:\/\/agora.xtec.cat\/ceiplacreutorrefarrera\/wp-json\/wp\/v2\/users\/1"}],"replies":[{"embeddable":true,"href":"https:\/\/agora.xtec.cat\/ceiplacreutorrefarrera\/wp-json\/wp\/v2\/comments?post=2352"}],"version-history":[{"count":2,"href":"https:\/\/agora.xtec.cat\/ceiplacreutorrefarrera\/wp-json\/wp\/v2\/posts\/2352\/revisions"}],"predecessor-version":[{"id":2355,"href":"https:\/\/agora.xtec.cat\/ceiplacreutorrefarrera\/wp-json\/wp\/v2\/posts\/2352\/revisions\/2355"}],"wp:featuredmedia":[{"embeddable":true,"href":"https:\/\/agora.xtec.cat\/ceiplacreutorrefarrera\/wp-json\/wp\/v2\/media\/2354"}],"wp:attachment":[{"href":"https:\/\/agora.xtec.cat\/ceiplacreutorrefarrera\/wp-json\/wp\/v2\/media?parent=2352"}],"wp:term":[{"taxonomy":"category","embeddable":true,"href":"https:\/\/agora.xtec.cat\/ceiplacreutorrefarrera\/wp-json\/wp\/v2\/categories?post=2352"},{"taxonomy":"post_tag","embeddable":true,"href":"https:\/\/agora.xtec.cat\/ceiplacreutorrefarrera\/wp-json\/wp\/v2\/tags?post=2352"}],"curies":[{"name":"wp","href":"https:\/\/api.w.org\/{rel}","templated":true}]}}