{"id":2255,"date":"2019-04-26T15:58:54","date_gmt":"2019-04-26T13:58:54","guid":{"rendered":"http:\/\/agora.xtec.cat\/ceiplacreutorrefarrera\/?p=2255"},"modified":"2019-04-26T15:59:26","modified_gmt":"2019-04-26T13:59:26","slug":"segon-a-la-panera-24-dabril","status":"publish","type":"post","link":"https:\/\/agora.xtec.cat\/ceiplacreutorrefarrera\/general\/segon-a-la-panera-24-dabril\/","title":{"rendered":"SEGON A LA PANERA-24 D&#8217;ABRIL"},"content":{"rendered":"<p>&nbsp;<\/p>\n<figure id=\"attachment_2257\" aria-describedby=\"caption-attachment-2257\" style=\"width: 350px\" class=\"wp-caption alignnone\"><a href=\"https:\/\/drive.google.com\/drive\/folders\/17BVXH5XSsru1OHkhtGyBcaGBrThBmVTy?usp=sharing\"><img loading=\"lazy\" decoding=\"async\" class=\"wp-image-2257 size-full\" src=\"https:\/\/agora.xtec.cat\/ceiplacreutorrefarrera\/wp-content\/uploads\/usu389\/2019\/04\/ellaweb2.jpg\" alt=\"\" width=\"350\" height=\"211\" srcset=\"https:\/\/agora.xtec.cat\/ceiplacreutorrefarrera\/wp-content\/uploads\/usu389\/2019\/04\/ellaweb2.jpg 350w, https:\/\/agora.xtec.cat\/ceiplacreutorrefarrera\/wp-content\/uploads\/usu389\/2019\/04\/ellaweb2-300x181.jpg 300w\" sizes=\"auto, (max-width: 350px) 100vw, 350px\" \/><\/a><figcaption id=\"caption-attachment-2257\" class=\"wp-caption-text\"><em>Un Elefant a l&#8217;Habitaci\u00f3<\/em><br \/> <em>Ella Littwitz<\/em><br \/> <em>Centre d&#8217;Art la Panera, Lleida<\/em><br \/> <em>Febrer 2019<\/em><\/figcaption><\/figure>\n<p>&nbsp;<\/p>\n<p>El pass<span style=\"font-family: inherit; font-size: 1em;\">at 2<\/span><span style=\"font-family: inherit; font-size: 1em;\">4 d&#8217;abril els alumnes de segon vam tornar a la Panera per continuar inspirant-nos i ser m\u00e9s creatius en les sessions d&#8217;art a l&#8217;escola. Aquest cop vam visitar dues exposicions: &#8220;El color carn no \u00e9s 1 color&#8221; d&#8217;Ana Garc\u00eda-Pineda, a l&#8217;espai Mini Panera, i la instal\u00b7laci\u00f3 &#8220;Un elefant a l&#8217;habitaci\u00f3&#8221; d&#8217;Ella Littwitz. A trav\u00e9s de l&#8217;art vam aprendre que hi ha tants colors carn com persones hi ha al nostre planeta i que el nostre Mar Mediterrani t\u00e9 dos grans problemes: la contaminaci\u00f3 i convertir-se en un &#8220;cementiri&#8221; per aquelles persones que fugen dels seus pa\u00efsos buscant un futur millor.<\/span><\/p>\n","protected":false},"excerpt":{"rendered":"<p>&nbsp; &nbsp; El passat 24 d&#8217;abril els alumnes de segon vam tornar a la Panera per continuar inspirant-nos i ser m\u00e9s creatius en les sessions d&#8217;art a l&#8217;escola. Aquest cop vam visitar dues exposicions: &#8220;El color carn no \u00e9s 1 color&#8221; d&#8217;Ana Garc\u00eda-Pineda, a l&#8217;espai Mini Panera, i la instal\u00b7laci\u00f3 &#8220;Un elefant a l&#8217;habitaci\u00f3&#8221; d&#8217;Ella [&hellip;]<\/p>\n","protected":false},"author":17,"featured_media":2257,"comment_status":"open","ping_status":"closed","sticky":false,"template":"","format":"standard","meta":{"_bbp_topic_count":0,"_bbp_reply_count":0,"_bbp_total_topic_count":0,"_bbp_total_reply_count":0,"_bbp_voice_count":0,"_bbp_anonymous_reply_count":0,"_bbp_topic_count_hidden":0,"_bbp_reply_count_hidden":0,"_bbp_forum_subforum_count":0,"site-sidebar-layout":"default","site-content-layout":"","ast-site-content-layout":"","site-content-style":"default","site-sidebar-style":"default","ast-global-header-display":"","ast-banner-title-visibility":"","ast-main-header-display":"","ast-hfb-above-header-display":"","ast-hfb-below-header-display":"","ast-hfb-mobile-header-display":"","site-post-title":"","ast-breadcrumbs-content":"","ast-featured-img":"","footer-sml-layout":"","theme-transparent-header-meta":"","adv-header-id-meta":"","stick-header-meta":"","header-above-stick-meta":"","header-main-stick-meta":"","header-below-stick-meta":"","astra-migrate-meta-layouts":"default","ast-page-background-enabled":"default","ast-page-background-meta":{"desktop":{"background-color":"var(--ast-global-color-4)","background-image":"","background-repeat":"repeat","background-position":"center center","background-size":"auto","background-attachment":"scroll","background-type":"","background-media":"","overlay-type":"","overlay-color":"","overlay-opacity":"","overlay-gradient":""},"tablet":{"background-color":"","background-image":"","background-repeat":"repeat","background-position":"center center","background-size":"auto","background-attachment":"scroll","background-type":"","background-media":"","overlay-type":"","overlay-color":"","overlay-opacity":"","overlay-gradient":""},"mobile":{"background-color":"","background-image":"","background-repeat":"repeat","background-position":"center center","background-size":"auto","background-attachment":"scroll","background-type":"","background-media":"","overlay-type":"","overlay-color":"","overlay-opacity":"","overlay-gradient":""}},"ast-content-background-meta":{"desktop":{"background-color":"var(--ast-global-color-5)","background-image":"","background-repeat":"repeat","background-position":"center center","background-size":"auto","background-attachment":"scroll","background-type":"","background-media":"","overlay-type":"","overlay-color":"","overlay-opacity":"","overlay-gradient":""},"tablet":{"background-color":"var(--ast-global-color-5)","background-image":"","background-repeat":"repeat","background-position":"center center","background-size":"auto","background-attachment":"scroll","background-type":"","background-media":"","overlay-type":"","overlay-color":"","overlay-opacity":"","overlay-gradient":""},"mobile":{"background-color":"var(--ast-global-color-5)","background-image":"","background-repeat":"repeat","background-position":"center center","background-size":"auto","background-attachment":"scroll","background-type":"","background-media":"","overlay-type":"","overlay-color":"","overlay-opacity":"","overlay-gradient":""}},"footnotes":""},"categories":[11,1,4,5],"tags":[66,67,179],"class_list":["post-2255","post","type-post","status-publish","format-standard","has-post-thumbnail","hentry","category-2n","category-general","category-portada","category-primaria","tag-art","tag-panera","tag-segon"],"post_mailing_queue_ids":[],"_links":{"self":[{"href":"https:\/\/agora.xtec.cat\/ceiplacreutorrefarrera\/wp-json\/wp\/v2\/posts\/2255","targetHints":{"allow":["GET"]}}],"collection":[{"href":"https:\/\/agora.xtec.cat\/ceiplacreutorrefarrera\/wp-json\/wp\/v2\/posts"}],"about":[{"href":"https:\/\/agora.xtec.cat\/ceiplacreutorrefarrera\/wp-json\/wp\/v2\/types\/post"}],"author":[{"embeddable":true,"href":"https:\/\/agora.xtec.cat\/ceiplacreutorrefarrera\/wp-json\/wp\/v2\/users\/17"}],"replies":[{"embeddable":true,"href":"https:\/\/agora.xtec.cat\/ceiplacreutorrefarrera\/wp-json\/wp\/v2\/comments?post=2255"}],"version-history":[{"count":3,"href":"https:\/\/agora.xtec.cat\/ceiplacreutorrefarrera\/wp-json\/wp\/v2\/posts\/2255\/revisions"}],"predecessor-version":[{"id":2267,"href":"https:\/\/agora.xtec.cat\/ceiplacreutorrefarrera\/wp-json\/wp\/v2\/posts\/2255\/revisions\/2267"}],"wp:featuredmedia":[{"embeddable":true,"href":"https:\/\/agora.xtec.cat\/ceiplacreutorrefarrera\/wp-json\/wp\/v2\/media\/2257"}],"wp:attachment":[{"href":"https:\/\/agora.xtec.cat\/ceiplacreutorrefarrera\/wp-json\/wp\/v2\/media?parent=2255"}],"wp:term":[{"taxonomy":"category","embeddable":true,"href":"https:\/\/agora.xtec.cat\/ceiplacreutorrefarrera\/wp-json\/wp\/v2\/categories?post=2255"},{"taxonomy":"post_tag","embeddable":true,"href":"https:\/\/agora.xtec.cat\/ceiplacreutorrefarrera\/wp-json\/wp\/v2\/tags?post=2255"}],"curies":[{"name":"wp","href":"https:\/\/api.w.org\/{rel}","templated":true}]}}