{"id":2239,"date":"2019-04-16T09:18:03","date_gmt":"2019-04-16T07:18:03","guid":{"rendered":"http:\/\/agora.xtec.cat\/ceiplacreutorrefarrera\/?p=2239"},"modified":"2019-04-16T09:23:20","modified_gmt":"2019-04-16T07:23:20","slug":"3r-la-llegenda-moderna-de-sant-jordi","status":"publish","type":"post","link":"https:\/\/agora.xtec.cat\/ceiplacreutorrefarrera\/general\/3r-la-llegenda-moderna-de-sant-jordi\/","title":{"rendered":"3r &#8211; La llegenda de Sant Jordi moderna"},"content":{"rendered":"<p>Els i les alumnes de tercer hem treballat la llegenda i en resum, podr\u00edem dir que s\u00f3n narracions orals o escrites, que barregen fets reals i imaginaris. Serveixen per explicar tradicions o costums populars. Estan relacionades amb un personatge, un lloc, un monument, un pa\u00eds&#8230; I sovint donen un consell determinat.<\/p>\n<p>La llegenda de Sant Jordi dels alumnes de tercer ja veureu que \u00e9s ben particular perqu\u00e8 la princesa no necessita de cap pr\u00edncep per ser salvada, el drac deixa de ser una b\u00e8stia fam\u00e8lica per enraonar i tornar-se vegetari\u00e0 i el pr\u00edncep \u00e9s una mica poruc. De ben segur que quan la llegiu no us deixar\u00e0 indiferents.<\/p>\n<p>El dia 23 d&#8217;Abril per celebrar la diada de Sant Jordi llegirem la llegenda als alumnes de 5\u00e8. Ser\u00e0 una lectura compartida on gaudirem de les tradicions de la cultura catalana.<\/p>\n<p>Esperem que us agradi i ja aprofitem per desitjar-vos una feli\u00e7 diada de Sant Jordi!!<\/p>\n<p><a href=\"https:\/\/agora.xtec.cat\/ceiplacreutorrefarrera\/wp-content\/uploads\/usu389\/2019\/04\/llegenda-moderna-de-sant-jordi.pdf\">llegenda moderna de sant jordi<\/a><\/p>\n<p>&nbsp;<\/p>\n","protected":false},"excerpt":{"rendered":"<p>Els i les alumnes de tercer hem treballat la llegenda i en resum, podr\u00edem dir que s\u00f3n narracions orals o escrites, que barregen fets reals i imaginaris. Serveixen per explicar tradicions o costums populars. Estan relacionades amb un personatge, un lloc, un monument, un pa\u00eds&#8230; I sovint donen un consell determinat. La llegenda de Sant [&hellip;]<\/p>\n","protected":false},"author":9,"featured_media":2241,"comment_status":"open","ping_status":"closed","sticky":false,"template":"","format":"standard","meta":{"_bbp_topic_count":0,"_bbp_reply_count":0,"_bbp_total_topic_count":0,"_bbp_total_reply_count":0,"_bbp_voice_count":0,"_bbp_anonymous_reply_count":0,"_bbp_topic_count_hidden":0,"_bbp_reply_count_hidden":0,"_bbp_forum_subforum_count":0,"site-sidebar-layout":"default","site-content-layout":"","ast-site-content-layout":"","site-content-style":"default","site-sidebar-style":"default","ast-global-header-display":"","ast-banner-title-visibility":"","ast-main-header-display":"","ast-hfb-above-header-display":"","ast-hfb-below-header-display":"","ast-hfb-mobile-header-display":"","site-post-title":"","ast-breadcrumbs-content":"","ast-featured-img":"","footer-sml-layout":"","theme-transparent-header-meta":"","adv-header-id-meta":"","stick-header-meta":"","header-above-stick-meta":"","header-main-stick-meta":"","header-below-stick-meta":"","astra-migrate-meta-layouts":"default","ast-page-background-enabled":"default","ast-page-background-meta":{"desktop":{"background-color":"var(--ast-global-color-4)","background-image":"","background-repeat":"repeat","background-position":"center center","background-size":"auto","background-attachment":"scroll","background-type":"","background-media":"","overlay-type":"","overlay-color":"","overlay-opacity":"","overlay-gradient":""},"tablet":{"background-color":"","background-image":"","background-repeat":"repeat","background-position":"center center","background-size":"auto","background-attachment":"scroll","background-type":"","background-media":"","overlay-type":"","overlay-color":"","overlay-opacity":"","overlay-gradient":""},"mobile":{"background-color":"","background-image":"","background-repeat":"repeat","background-position":"center center","background-size":"auto","background-attachment":"scroll","background-type":"","background-media":"","overlay-type":"","overlay-color":"","overlay-opacity":"","overlay-gradient":""}},"ast-content-background-meta":{"desktop":{"background-color":"var(--ast-global-color-5)","background-image":"","background-repeat":"repeat","background-position":"center center","background-size":"auto","background-attachment":"scroll","background-type":"","background-media":"","overlay-type":"","overlay-color":"","overlay-opacity":"","overlay-gradient":""},"tablet":{"background-color":"var(--ast-global-color-5)","background-image":"","background-repeat":"repeat","background-position":"center center","background-size":"auto","background-attachment":"scroll","background-type":"","background-media":"","overlay-type":"","overlay-color":"","overlay-opacity":"","overlay-gradient":""},"mobile":{"background-color":"var(--ast-global-color-5)","background-image":"","background-repeat":"repeat","background-position":"center center","background-size":"auto","background-attachment":"scroll","background-type":"","background-media":"","overlay-type":"","overlay-color":"","overlay-opacity":"","overlay-gradient":""}},"footnotes":""},"categories":[12,41,1,4],"tags":[],"class_list":["post-2239","post","type-post","status-publish","format-standard","has-post-thumbnail","hentry","category-3r","category-festes-i-celebracions","category-general","category-portada"],"post_mailing_queue_ids":[],"_links":{"self":[{"href":"https:\/\/agora.xtec.cat\/ceiplacreutorrefarrera\/wp-json\/wp\/v2\/posts\/2239","targetHints":{"allow":["GET"]}}],"collection":[{"href":"https:\/\/agora.xtec.cat\/ceiplacreutorrefarrera\/wp-json\/wp\/v2\/posts"}],"about":[{"href":"https:\/\/agora.xtec.cat\/ceiplacreutorrefarrera\/wp-json\/wp\/v2\/types\/post"}],"author":[{"embeddable":true,"href":"https:\/\/agora.xtec.cat\/ceiplacreutorrefarrera\/wp-json\/wp\/v2\/users\/9"}],"replies":[{"embeddable":true,"href":"https:\/\/agora.xtec.cat\/ceiplacreutorrefarrera\/wp-json\/wp\/v2\/comments?post=2239"}],"version-history":[{"count":3,"href":"https:\/\/agora.xtec.cat\/ceiplacreutorrefarrera\/wp-json\/wp\/v2\/posts\/2239\/revisions"}],"predecessor-version":[{"id":2246,"href":"https:\/\/agora.xtec.cat\/ceiplacreutorrefarrera\/wp-json\/wp\/v2\/posts\/2239\/revisions\/2246"}],"wp:featuredmedia":[{"embeddable":true,"href":"https:\/\/agora.xtec.cat\/ceiplacreutorrefarrera\/wp-json\/wp\/v2\/media\/2241"}],"wp:attachment":[{"href":"https:\/\/agora.xtec.cat\/ceiplacreutorrefarrera\/wp-json\/wp\/v2\/media?parent=2239"}],"wp:term":[{"taxonomy":"category","embeddable":true,"href":"https:\/\/agora.xtec.cat\/ceiplacreutorrefarrera\/wp-json\/wp\/v2\/categories?post=2239"},{"taxonomy":"post_tag","embeddable":true,"href":"https:\/\/agora.xtec.cat\/ceiplacreutorrefarrera\/wp-json\/wp\/v2\/tags?post=2239"}],"curies":[{"name":"wp","href":"https:\/\/api.w.org\/{rel}","templated":true}]}}