{"id":2214,"date":"2019-04-04T13:18:08","date_gmt":"2019-04-04T11:18:08","guid":{"rendered":"http:\/\/agora.xtec.cat\/ceiplacreutorrefarrera\/?p=2214"},"modified":"2019-04-04T13:18:08","modified_gmt":"2019-04-04T11:18:08","slug":"sortida-al-centre-dart-la-panera","status":"publish","type":"post","link":"https:\/\/agora.xtec.cat\/ceiplacreutorrefarrera\/general\/sortida-al-centre-dart-la-panera\/","title":{"rendered":"SORTIDA AL CENTRE D&#8217;ART &#8220;LA PANERA&#8221;"},"content":{"rendered":"<p>&nbsp;<\/p>\n<p><a href=\"https:\/\/drive.google.com\/drive\/folders\/1PcEKCtQ-HtMYChDOu4x8GDkDjhawu9m5?usp=sharing\" target=\"_blank\" rel=\"noopener\"><img loading=\"lazy\" decoding=\"async\" class=\"alignnone size-medium wp-image-2215\" src=\"https:\/\/agora.xtec.cat\/ceiplacreutorrefarrera\/wp-content\/uploads\/usu389\/2019\/04\/20190227_104438-300x169.jpg\" alt=\"\" width=\"300\" height=\"169\" srcset=\"https:\/\/agora.xtec.cat\/ceiplacreutorrefarrera\/wp-content\/uploads\/usu389\/2019\/04\/20190227_104438-300x169.jpg 300w, https:\/\/agora.xtec.cat\/ceiplacreutorrefarrera\/wp-content\/uploads\/usu389\/2019\/04\/20190227_104438.jpg 448w\" sizes=\"auto, (max-width: 300px) 100vw, 300px\" \/><\/a><\/p>\n<p>El dijous 27 de febrer de 2019 els infants de P4 vam realitzar la nostra primera excursi\u00f3 fora del poble i vam anar a veure les exposicions de La Panera.<\/p>\n<p>A l\u2019Espai miniPanera vam veure i experimentar amb la instal\u00b7laci\u00f3 AQUAFONIA, SONS D\u2019AIGUA de l\u2019artista Pau Elies. Una exposici\u00f3 interactiva, on les llums de colors i l\u2019est\u00e8tica de la provocaci\u00f3 d\u2019ampolles de vidre amb aigua de colors originaven quant les pic\u00e0vem, un m\u00f3n sonor especial i original.<\/p>\n<p>En una altra sala vam veure una gran instal\u00b7laci\u00f3 anomenada \u201cUN ELEFANT A L\u2019HABITACI\u00d3\u201d de l\u2019artista Ella Littwitz. Aquesta artista ens fa adonar amb la seva obra que la mar Mediterr\u00e0nia t\u00e9 forma d\u2019elefant i a partir d\u2019aquesta imatge construeix amb rodes i amb una xarxa especial la nostra mar. A m\u00e9s ens convida a reflexionar sobre la problem\u00e0tica de la contaminaci\u00f3 i a la conscienciaci\u00f3 de la cura del medi ambient mar\u00ed.<\/p>\n","protected":false},"excerpt":{"rendered":"<p>&nbsp; El dijous 27 de febrer de 2019 els infants de P4 vam realitzar la nostra primera excursi\u00f3 fora del poble i vam anar a veure les exposicions de La Panera. A l\u2019Espai miniPanera vam veure i experimentar amb la instal\u00b7laci\u00f3 AQUAFONIA, SONS D\u2019AIGUA de l\u2019artista Pau Elies. Una exposici\u00f3 interactiva, on les llums de [&hellip;]<\/p>\n","protected":false},"author":7,"featured_media":2215,"comment_status":"open","ping_status":"closed","sticky":false,"template":"","format":"standard","meta":{"_bbp_topic_count":0,"_bbp_reply_count":0,"_bbp_total_topic_count":0,"_bbp_total_reply_count":0,"_bbp_voice_count":0,"_bbp_anonymous_reply_count":0,"_bbp_topic_count_hidden":0,"_bbp_reply_count_hidden":0,"_bbp_forum_subforum_count":0,"site-sidebar-layout":"default","site-content-layout":"","ast-site-content-layout":"","site-content-style":"default","site-sidebar-style":"default","ast-global-header-display":"","ast-banner-title-visibility":"","ast-main-header-display":"","ast-hfb-above-header-display":"","ast-hfb-below-header-display":"","ast-hfb-mobile-header-display":"","site-post-title":"","ast-breadcrumbs-content":"","ast-featured-img":"","footer-sml-layout":"","theme-transparent-header-meta":"","adv-header-id-meta":"","stick-header-meta":"","header-above-stick-meta":"","header-main-stick-meta":"","header-below-stick-meta":"","astra-migrate-meta-layouts":"default","ast-page-background-enabled":"default","ast-page-background-meta":{"desktop":{"background-color":"var(--ast-global-color-4)","background-image":"","background-repeat":"repeat","background-position":"center center","background-size":"auto","background-attachment":"scroll","background-type":"","background-media":"","overlay-type":"","overlay-color":"","overlay-opacity":"","overlay-gradient":""},"tablet":{"background-color":"","background-image":"","background-repeat":"repeat","background-position":"center center","background-size":"auto","background-attachment":"scroll","background-type":"","background-media":"","overlay-type":"","overlay-color":"","overlay-opacity":"","overlay-gradient":""},"mobile":{"background-color":"","background-image":"","background-repeat":"repeat","background-position":"center center","background-size":"auto","background-attachment":"scroll","background-type":"","background-media":"","overlay-type":"","overlay-color":"","overlay-opacity":"","overlay-gradient":""}},"ast-content-background-meta":{"desktop":{"background-color":"var(--ast-global-color-5)","background-image":"","background-repeat":"repeat","background-position":"center center","background-size":"auto","background-attachment":"scroll","background-type":"","background-media":"","overlay-type":"","overlay-color":"","overlay-opacity":"","overlay-gradient":""},"tablet":{"background-color":"var(--ast-global-color-5)","background-image":"","background-repeat":"repeat","background-position":"center center","background-size":"auto","background-attachment":"scroll","background-type":"","background-media":"","overlay-type":"","overlay-color":"","overlay-opacity":"","overlay-gradient":""},"mobile":{"background-color":"var(--ast-global-color-5)","background-image":"","background-repeat":"repeat","background-position":"center center","background-size":"auto","background-attachment":"scroll","background-type":"","background-media":"","overlay-type":"","overlay-color":"","overlay-opacity":"","overlay-gradient":""}},"footnotes":""},"categories":[1,8,2,4],"tags":[119,125,16],"class_list":["post-2214","post","type-post","status-publish","format-standard","has-post-thumbnail","hentry","category-general","category-i4","category-infantil","category-portada","tag-infantil","tag-p4","tag-sortides"],"post_mailing_queue_ids":[],"_links":{"self":[{"href":"https:\/\/agora.xtec.cat\/ceiplacreutorrefarrera\/wp-json\/wp\/v2\/posts\/2214","targetHints":{"allow":["GET"]}}],"collection":[{"href":"https:\/\/agora.xtec.cat\/ceiplacreutorrefarrera\/wp-json\/wp\/v2\/posts"}],"about":[{"href":"https:\/\/agora.xtec.cat\/ceiplacreutorrefarrera\/wp-json\/wp\/v2\/types\/post"}],"author":[{"embeddable":true,"href":"https:\/\/agora.xtec.cat\/ceiplacreutorrefarrera\/wp-json\/wp\/v2\/users\/7"}],"replies":[{"embeddable":true,"href":"https:\/\/agora.xtec.cat\/ceiplacreutorrefarrera\/wp-json\/wp\/v2\/comments?post=2214"}],"version-history":[{"count":1,"href":"https:\/\/agora.xtec.cat\/ceiplacreutorrefarrera\/wp-json\/wp\/v2\/posts\/2214\/revisions"}],"predecessor-version":[{"id":2216,"href":"https:\/\/agora.xtec.cat\/ceiplacreutorrefarrera\/wp-json\/wp\/v2\/posts\/2214\/revisions\/2216"}],"wp:featuredmedia":[{"embeddable":true,"href":"https:\/\/agora.xtec.cat\/ceiplacreutorrefarrera\/wp-json\/wp\/v2\/media\/2215"}],"wp:attachment":[{"href":"https:\/\/agora.xtec.cat\/ceiplacreutorrefarrera\/wp-json\/wp\/v2\/media?parent=2214"}],"wp:term":[{"taxonomy":"category","embeddable":true,"href":"https:\/\/agora.xtec.cat\/ceiplacreutorrefarrera\/wp-json\/wp\/v2\/categories?post=2214"},{"taxonomy":"post_tag","embeddable":true,"href":"https:\/\/agora.xtec.cat\/ceiplacreutorrefarrera\/wp-json\/wp\/v2\/tags?post=2214"}],"curies":[{"name":"wp","href":"https:\/\/api.w.org\/{rel}","templated":true}]}}