{"id":2043,"date":"2019-02-17T20:28:46","date_gmt":"2019-02-17T19:28:46","guid":{"rendered":"http:\/\/agora.xtec.cat\/ceiplacreutorrefarrera\/?p=2043"},"modified":"2019-02-22T01:51:38","modified_gmt":"2019-02-22T00:51:38","slug":"esqui-2019-cs","status":"publish","type":"post","link":"https:\/\/agora.xtec.cat\/ceiplacreutorrefarrera\/portada\/esqui-2019-cs\/","title":{"rendered":"ESQU\u00cd 2019 CS"},"content":{"rendered":"<p style=\"text-align: center;\"><strong>DIUMENGE 17 DE FEBRER DE 2019<\/strong><\/p>\n<p style=\"text-align: center;\"><a href=\"https:\/\/drive.google.com\/drive\/folders\/1-9Q0bPmJ3Qs1h5dVUQI51VHJ3m6nulFx?usp=sharing\" target=\"_blank\" rel=\"noopener\"><img decoding=\"async\" class=\"dwWifb ssXEcf alignleft\" src=\"https:\/\/lh5.googleusercontent.com\/p\/AF1QipMtLWSmrxrn21yUsm6agn1rpTPTaFOUzcJ7y_Vq=w325-h182-k-no\" data-ils=\"3\" \/><\/a><\/p>\n<p>&nbsp;<\/p>\n<p>Hem arribat a la fonda &#8220;Can Josep&#8221; de Sort, ens hem instal\u00b7lat i a sopar. Dem\u00e0 ens espera el nostre primer dia de l&#8217;esperada setmana blanca.<\/p>\n<p>Aix\u00ed s\u00f3n les habitacions i el menjador (cliqueu la foto per veure m\u00e9s fotografies)<\/p>\n<p>&nbsp;<\/p>\n<p style=\"text-align: center;\"><strong>DILLUNS 18 DE FEBRER DE 2019<\/strong><\/p>\n<p><a href=\"https:\/\/drive.google.com\/drive\/folders\/1-FUJu8X8L-sW2Nw9CCdy-9UchHcJAeWQ?usp=sharing\" target=\"_blank\" rel=\"noopener\"><img loading=\"lazy\" decoding=\"async\" class=\"alignleft size-medium wp-image-2051\" src=\"https:\/\/agora.xtec.cat\/ceiplacreutorrefarrera\/wp-content\/uploads\/usu389\/2019\/02\/Screenshot-2019-02-18-at-22.42.15-1-300x174.png\" alt=\"\" width=\"300\" height=\"174\" \/><\/a><\/p>\n<p>&nbsp;<\/p>\n<p style=\"text-align: left;\">Avui ha estat el primer dia d&#8217;esqu\u00ed. Hi havia molta neu, feia solet i hem patit una mica de calor. Tots ten\u00edem moltes ganes de comen\u00e7ar, alguns se&#8217;n recordaven de l&#8217;any passat i altres volien lliscar per primer cop.<\/p>\n<p>Despr\u00e9s d&#8217;equipar-nos correctament hem sortit a la pista.\u00a0 Hem tingut el primer contacte amb la neu,\u00a0 \u00a0aviat han arribat els monitors i tots\u00a0<span class=\"hiddenGrammarError\">hem<\/span>\u00a0sabut\u00a0mantenir&#8217;nos. Ens han fet prova de nivell i hem comen\u00e7at la classe. Despr\u00e9s hem anat a dinar i just\u00a0en acabar\u00a0hem anat a practicar tot all\u00f2 que ens han ensenyat, alguns a la cinta i altres cap al Pic de l&#8217;Orri.<\/p>\n<p>Tot ha anat molt b\u00e9, tothom ha quedat content i satisfet i amb ganes de tornar-hi. Ja us ho explicarem.<\/p>\n<p style=\"text-align: center;\"><strong>DIMARTS 19 DE FEBRER DE 2019<\/strong><\/p>\n<p><a href=\"https:\/\/drive.google.com\/drive\/folders\/1-OUeIgcsH3xXkDNthzTDunpaPP6pNtFc?usp=sharing\" target=\"_blank\" rel=\"noopener\"><img loading=\"lazy\" decoding=\"async\" class=\"alignleft wp-image-2054 size-medium\" src=\"https:\/\/agora.xtec.cat\/ceiplacreutorrefarrera\/wp-content\/uploads\/usu389\/2019\/02\/IMG_9339-300x225.jpg\" alt=\"\" width=\"300\" height=\"225\" \/><\/a><\/p>\n<p>El segon dia d&#8217;esqu\u00ed superat amb \u00e8xit, teniu uns\u00a0<span class=\"hiddenSpellError\">cracks<\/span>\u00a0de fills i filles!!!<br \/>\nDurant tot el mat\u00ed hem gaudit del bon temps i els monitors ens han ensenyat noves t\u00e8cniques d&#8217;esqu\u00ed i hem perfeccionat les que sab\u00edem.<br \/>\nDespr\u00e9s\u00a0hem anat a dinar i a la tarda m\u00e9s temps d&#8217;esqu\u00ed, molts han pujat ja al Pic de l&#8217;Orri i altres han acabat de perfeccionar a la cinta.<br \/>\nEstem molt contents de poder gaudir i compartir les estones junts d&#8217;esqu\u00ed, \u00e0pats, moments d&#8217;estudi i lectura i de xerinola.<\/p>\n<p>&nbsp;<\/p>\n<p style=\"text-align: center;\"><strong>DIMECRES 20 DE FEBRER DE 2019<\/strong><\/p>\n<p><a style=\"color: #2795b6;\" href=\"https:\/\/drive.google.com\/drive\/folders\/1-OW9y4UH4GhU9Z_ZYNy1hIPB-g117g29?usp=sharing\" target=\"_blank\" rel=\"noopener\"><strong style=\"text-align: center;\"><img loading=\"lazy\" decoding=\"async\" class=\"size-medium wp-image-2056 alignright\" src=\"https:\/\/agora.xtec.cat\/ceiplacreutorrefarrera\/wp-content\/uploads\/usu389\/2019\/02\/IMG_9415-225x300.jpg\" alt=\"\" width=\"225\" height=\"300\" srcset=\"https:\/\/agora.xtec.cat\/ceiplacreutorrefarrera\/wp-content\/uploads\/usu389\/2019\/02\/IMG_9415-225x300.jpg 225w, https:\/\/agora.xtec.cat\/ceiplacreutorrefarrera\/wp-content\/uploads\/usu389\/2019\/02\/IMG_9415-768x1024.jpg 768w, https:\/\/agora.xtec.cat\/ceiplacreutorrefarrera\/wp-content\/uploads\/usu389\/2019\/02\/IMG_9415.jpg 1200w\" sizes=\"auto, (max-width: 225px) 100vw, 225px\" \/><\/strong><\/a><\/p>\n<p><span style=\"font-weight: 400;\">Avui tots els grups hem pujat al Pic de l&#8217;Orri, el punt m\u00e9s alt de l&#8217;estaci\u00f3. Des d\u2019all\u00e0 hem gaudit de les bones vistes del Pirineu catal\u00e0 des del telecadira i hem baixat practicant els girs, la frenada i les derrapades. Aix\u00f2 vol dir que el progr\u00e9s \u00e9s immillorable.<\/span><\/p>\n<p><span style=\"font-weight: 400;\">Estan contents i cada cop tenen m\u00e9s ganes d\u2019esquiar i descobrir els racons amagats de l\u2019estaci\u00f3.<\/span><\/p>\n<p>&nbsp;<\/p>\n<p>&nbsp;<\/p>\n<p style=\"text-align: center;\"><strong>DIJOUS 21 DE FEBRER DE 2019<\/strong><\/p>\n<p><span style=\"font-weight: 400;\"><a href=\"https:\/\/drive.google.com\/drive\/folders\/1-TaIIcM9GonVpn5xkLOrhQPrhWaijccp?usp=sharing\" target=\"_blank\" rel=\"noopener\"><img loading=\"lazy\" decoding=\"async\" class=\"alignleft size-medium wp-image-2060\" src=\"https:\/\/agora.xtec.cat\/ceiplacreutorrefarrera\/wp-content\/uploads\/usu389\/2019\/02\/Screenshot-2019-02-22-at-01.45.01-300x217.png\" alt=\"\" width=\"300\" height=\"217\" \/><\/a>Estem arribant a la recta final de la nostra estada. Hem arribat a l\u2019estaci\u00f3 i ens hem endut la primera sorpresa del dia, avui feien una cursa de m\u00faixing i hem vist els trineus de gossos a les pistes. Quan hem acabat d\u2019esquiar, hem anat a la fonda ens hem dutxat i de compres per Sort. <\/span><\/p>\n<p><span style=\"font-weight: 400;\">Per acabar la darrera nit a la fonda ens ho hem passat genial ballant i cantant a la discoteca, ha estat una gran nit.<\/span><\/p>\n","protected":false},"excerpt":{"rendered":"<p>DIUMENGE 17 DE FEBRER DE 2019 &nbsp; Hem arribat a la fonda &#8220;Can Josep&#8221; de Sort, ens hem instal\u00b7lat i a sopar. Dem\u00e0 ens espera el nostre primer dia de l&#8217;esperada setmana blanca. Aix\u00ed s\u00f3n les habitacions i el menjador (cliqueu la foto per veure m\u00e9s fotografies) &nbsp; DILLUNS 18 DE FEBRER DE 2019 &nbsp; [&hellip;]<\/p>\n","protected":false},"author":1,"featured_media":1446,"comment_status":"open","ping_status":"closed","sticky":false,"template":"","format":"standard","meta":{"_bbp_topic_count":0,"_bbp_reply_count":0,"_bbp_total_topic_count":0,"_bbp_total_reply_count":0,"_bbp_voice_count":0,"_bbp_anonymous_reply_count":0,"_bbp_topic_count_hidden":0,"_bbp_reply_count_hidden":0,"_bbp_forum_subforum_count":0,"site-sidebar-layout":"default","site-content-layout":"","ast-site-content-layout":"","site-content-style":"default","site-sidebar-style":"default","ast-global-header-display":"","ast-banner-title-visibility":"","ast-main-header-display":"","ast-hfb-above-header-display":"","ast-hfb-below-header-display":"","ast-hfb-mobile-header-display":"","site-post-title":"","ast-breadcrumbs-content":"","ast-featured-img":"","footer-sml-layout":"","theme-transparent-header-meta":"","adv-header-id-meta":"","stick-header-meta":"","header-above-stick-meta":"","header-main-stick-meta":"","header-below-stick-meta":"","astra-migrate-meta-layouts":"default","ast-page-background-enabled":"default","ast-page-background-meta":{"desktop":{"background-color":"var(--ast-global-color-4)","background-image":"","background-repeat":"repeat","background-position":"center center","background-size":"auto","background-attachment":"scroll","background-type":"","background-media":"","overlay-type":"","overlay-color":"","overlay-opacity":"","overlay-gradient":""},"tablet":{"background-color":"","background-image":"","background-repeat":"repeat","background-position":"center center","background-size":"auto","background-attachment":"scroll","background-type":"","background-media":"","overlay-type":"","overlay-color":"","overlay-opacity":"","overlay-gradient":""},"mobile":{"background-color":"","background-image":"","background-repeat":"repeat","background-position":"center center","background-size":"auto","background-attachment":"scroll","background-type":"","background-media":"","overlay-type":"","overlay-color":"","overlay-opacity":"","overlay-gradient":""}},"ast-content-background-meta":{"desktop":{"background-color":"var(--ast-global-color-5)","background-image":"","background-repeat":"repeat","background-position":"center center","background-size":"auto","background-attachment":"scroll","background-type":"","background-media":"","overlay-type":"","overlay-color":"","overlay-opacity":"","overlay-gradient":""},"tablet":{"background-color":"var(--ast-global-color-5)","background-image":"","background-repeat":"repeat","background-position":"center center","background-size":"auto","background-attachment":"scroll","background-type":"","background-media":"","overlay-type":"","overlay-color":"","overlay-opacity":"","overlay-gradient":""},"mobile":{"background-color":"var(--ast-global-color-5)","background-image":"","background-repeat":"repeat","background-position":"center center","background-size":"auto","background-attachment":"scroll","background-type":"","background-media":"","overlay-type":"","overlay-color":"","overlay-opacity":"","overlay-gradient":""}},"footnotes":""},"categories":[14,15,4],"tags":[105],"class_list":["post-2043","post","type-post","status-publish","format-standard","has-post-thumbnail","hentry","category-5e","category-6e","category-portada","tag-esqui"],"post_mailing_queue_ids":[],"_links":{"self":[{"href":"https:\/\/agora.xtec.cat\/ceiplacreutorrefarrera\/wp-json\/wp\/v2\/posts\/2043","targetHints":{"allow":["GET"]}}],"collection":[{"href":"https:\/\/agora.xtec.cat\/ceiplacreutorrefarrera\/wp-json\/wp\/v2\/posts"}],"about":[{"href":"https:\/\/agora.xtec.cat\/ceiplacreutorrefarrera\/wp-json\/wp\/v2\/types\/post"}],"author":[{"embeddable":true,"href":"https:\/\/agora.xtec.cat\/ceiplacreutorrefarrera\/wp-json\/wp\/v2\/users\/1"}],"replies":[{"embeddable":true,"href":"https:\/\/agora.xtec.cat\/ceiplacreutorrefarrera\/wp-json\/wp\/v2\/comments?post=2043"}],"version-history":[{"count":3,"href":"https:\/\/agora.xtec.cat\/ceiplacreutorrefarrera\/wp-json\/wp\/v2\/posts\/2043\/revisions"}],"predecessor-version":[{"id":2061,"href":"https:\/\/agora.xtec.cat\/ceiplacreutorrefarrera\/wp-json\/wp\/v2\/posts\/2043\/revisions\/2061"}],"wp:featuredmedia":[{"embeddable":true,"href":"https:\/\/agora.xtec.cat\/ceiplacreutorrefarrera\/wp-json\/wp\/v2\/media\/1446"}],"wp:attachment":[{"href":"https:\/\/agora.xtec.cat\/ceiplacreutorrefarrera\/wp-json\/wp\/v2\/media?parent=2043"}],"wp:term":[{"taxonomy":"category","embeddable":true,"href":"https:\/\/agora.xtec.cat\/ceiplacreutorrefarrera\/wp-json\/wp\/v2\/categories?post=2043"},{"taxonomy":"post_tag","embeddable":true,"href":"https:\/\/agora.xtec.cat\/ceiplacreutorrefarrera\/wp-json\/wp\/v2\/tags?post=2043"}],"curies":[{"name":"wp","href":"https:\/\/api.w.org\/{rel}","templated":true}]}}