{"id":1928,"date":"2018-12-15T09:37:09","date_gmt":"2018-12-15T08:37:09","guid":{"rendered":"http:\/\/agora.xtec.cat\/ceiplacreutorrefarrera\/?p=1928"},"modified":"2018-12-16T23:43:36","modified_gmt":"2018-12-16T22:43:36","slug":"la-marato-certamen-literari-cs","status":"publish","type":"post","link":"https:\/\/agora.xtec.cat\/ceiplacreutorrefarrera\/portada\/la-marato-certamen-literari-cs\/","title":{"rendered":"La Marat\u00f3 &#8211; Cert\u00e0men literari CS"},"content":{"rendered":"<p><span style=\"font-weight: 400;\"><a style=\"color: #2795b6;\" href=\"https:\/\/drive.google.com\/drive\/folders\/1-1GvX3kz0zAuuMKwI4GiDBquomAuXHks?usp=sharing\" target=\"_blank\" rel=\"noopener\"><img loading=\"lazy\" decoding=\"async\" class=\"alignleft size-medium wp-image-1929\" src=\"https:\/\/agora.xtec.cat\/ceiplacreutorrefarrera\/wp-content\/uploads\/usu389\/2018\/12\/La-Marat\u00f3-300x169.png\" alt=\"\" width=\"300\" height=\"169\" srcset=\"https:\/\/agora.xtec.cat\/ceiplacreutorrefarrera\/wp-content\/uploads\/usu389\/2018\/12\/La-Marat\u00f3-300x169.png 300w, https:\/\/agora.xtec.cat\/ceiplacreutorrefarrera\/wp-content\/uploads\/usu389\/2018\/12\/La-Marat\u00f3.png 322w\" sizes=\"auto, (max-width: 300px) 100vw, 300px\" \/><\/a>Un any m\u00e9s l\u2019escola ha participat en la Marat\u00f3 de TV3. <\/span><\/p>\n<p>&nbsp;<\/p>\n<p><span style=\"font-weight: 400;\">Aquest any dedicada al c\u00e0ncer.<\/span><\/p>\n<p><span style=\"font-weight: 400;\">Voldr\u00edem agrair la participaci\u00f3 de totes les fam\u00edlies. Les unes fent de p\u00fablic al recital literari i musical dels alumnes del cicle superior i, en conjunt, totes en la ja tradicional adquisici\u00f3 del berenar: coca amb xocolata. La recaptaci\u00f3 del qual es dedica a aquest acte solidari. Aquest any hem pogut entregar \u00a0639 euros a aquest fi.<\/span><\/p>\n<p><span style=\"font-weight: 400;\">Per nosaltres, la investigaci\u00f3 al c\u00e0ncer, ens \u00e9s especialment frapant. Donada la pres\u00e8ncia d\u2019aquesta malaltia en la nostra comunitat. Com ja sabeu des de fa uns anys, exalumnes, alumnes, pares i mares, familiars directes o indirectes, coordinadora de menjador, aix\u00ed com alguns mestres s\u2019han vist afectats per ella.<\/span><\/p>\n<p><span style=\"font-weight: 400;\">Voldr\u00edem dedicar a tots els\/les persones de la nostra comunitat aquest acte. <\/span><\/p>\n<p><span style=\"font-weight: 400;\">Per\u00f2 especialment al nostre company, Toni Balaguer, que despr\u00e8s de molta lluita no va poder \u00a0superar-la.<\/span><\/p>\n<p><span style=\"font-weight: 400;\">Desitgem que la investigaci\u00f3 en aquest camp continu\u00ef avan\u00e7ant per a que puguem superar-la sense dificultats.<\/span><\/p>\n<p>&nbsp;<\/p>\n","protected":false},"excerpt":{"rendered":"<p>Un any m\u00e9s l\u2019escola ha participat en la Marat\u00f3 de TV3. &nbsp; Aquest any dedicada al c\u00e0ncer. Voldr\u00edem agrair la participaci\u00f3 de totes les fam\u00edlies. Les unes fent de p\u00fablic al recital literari i musical dels alumnes del cicle superior i, en conjunt, totes en la ja tradicional adquisici\u00f3 del berenar: coca amb xocolata. La [&hellip;]<\/p>\n","protected":false},"author":1,"featured_media":1929,"comment_status":"open","ping_status":"closed","sticky":false,"template":"","format":"standard","meta":{"_bbp_topic_count":0,"_bbp_reply_count":0,"_bbp_total_topic_count":0,"_bbp_total_reply_count":0,"_bbp_voice_count":0,"_bbp_anonymous_reply_count":0,"_bbp_topic_count_hidden":0,"_bbp_reply_count_hidden":0,"_bbp_forum_subforum_count":0,"site-sidebar-layout":"default","site-content-layout":"","ast-site-content-layout":"","site-content-style":"default","site-sidebar-style":"default","ast-global-header-display":"","ast-banner-title-visibility":"","ast-main-header-display":"","ast-hfb-above-header-display":"","ast-hfb-below-header-display":"","ast-hfb-mobile-header-display":"","site-post-title":"","ast-breadcrumbs-content":"","ast-featured-img":"","footer-sml-layout":"","theme-transparent-header-meta":"","adv-header-id-meta":"","stick-header-meta":"","header-above-stick-meta":"","header-main-stick-meta":"","header-below-stick-meta":"","astra-migrate-meta-layouts":"default","ast-page-background-enabled":"default","ast-page-background-meta":{"desktop":{"background-color":"var(--ast-global-color-4)","background-image":"","background-repeat":"repeat","background-position":"center center","background-size":"auto","background-attachment":"scroll","background-type":"","background-media":"","overlay-type":"","overlay-color":"","overlay-opacity":"","overlay-gradient":""},"tablet":{"background-color":"","background-image":"","background-repeat":"repeat","background-position":"center center","background-size":"auto","background-attachment":"scroll","background-type":"","background-media":"","overlay-type":"","overlay-color":"","overlay-opacity":"","overlay-gradient":""},"mobile":{"background-color":"","background-image":"","background-repeat":"repeat","background-position":"center center","background-size":"auto","background-attachment":"scroll","background-type":"","background-media":"","overlay-type":"","overlay-color":"","overlay-opacity":"","overlay-gradient":""}},"ast-content-background-meta":{"desktop":{"background-color":"var(--ast-global-color-5)","background-image":"","background-repeat":"repeat","background-position":"center center","background-size":"auto","background-attachment":"scroll","background-type":"","background-media":"","overlay-type":"","overlay-color":"","overlay-opacity":"","overlay-gradient":""},"tablet":{"background-color":"var(--ast-global-color-5)","background-image":"","background-repeat":"repeat","background-position":"center center","background-size":"auto","background-attachment":"scroll","background-type":"","background-media":"","overlay-type":"","overlay-color":"","overlay-opacity":"","overlay-gradient":""},"mobile":{"background-color":"var(--ast-global-color-5)","background-image":"","background-repeat":"repeat","background-position":"center center","background-size":"auto","background-attachment":"scroll","background-type":"","background-media":"","overlay-type":"","overlay-color":"","overlay-opacity":"","overlay-gradient":""}},"footnotes":""},"categories":[14,15,40,4],"tags":[142,70],"class_list":["post-1928","post","type-post","status-publish","format-standard","has-post-thumbnail","hentry","category-5e","category-6e","category-activitats-de-centre","category-portada","tag-certamen","tag-festes"],"post_mailing_queue_ids":[],"_links":{"self":[{"href":"https:\/\/agora.xtec.cat\/ceiplacreutorrefarrera\/wp-json\/wp\/v2\/posts\/1928","targetHints":{"allow":["GET"]}}],"collection":[{"href":"https:\/\/agora.xtec.cat\/ceiplacreutorrefarrera\/wp-json\/wp\/v2\/posts"}],"about":[{"href":"https:\/\/agora.xtec.cat\/ceiplacreutorrefarrera\/wp-json\/wp\/v2\/types\/post"}],"author":[{"embeddable":true,"href":"https:\/\/agora.xtec.cat\/ceiplacreutorrefarrera\/wp-json\/wp\/v2\/users\/1"}],"replies":[{"embeddable":true,"href":"https:\/\/agora.xtec.cat\/ceiplacreutorrefarrera\/wp-json\/wp\/v2\/comments?post=1928"}],"version-history":[{"count":1,"href":"https:\/\/agora.xtec.cat\/ceiplacreutorrefarrera\/wp-json\/wp\/v2\/posts\/1928\/revisions"}],"predecessor-version":[{"id":1930,"href":"https:\/\/agora.xtec.cat\/ceiplacreutorrefarrera\/wp-json\/wp\/v2\/posts\/1928\/revisions\/1930"}],"wp:featuredmedia":[{"embeddable":true,"href":"https:\/\/agora.xtec.cat\/ceiplacreutorrefarrera\/wp-json\/wp\/v2\/media\/1929"}],"wp:attachment":[{"href":"https:\/\/agora.xtec.cat\/ceiplacreutorrefarrera\/wp-json\/wp\/v2\/media?parent=1928"}],"wp:term":[{"taxonomy":"category","embeddable":true,"href":"https:\/\/agora.xtec.cat\/ceiplacreutorrefarrera\/wp-json\/wp\/v2\/categories?post=1928"},{"taxonomy":"post_tag","embeddable":true,"href":"https:\/\/agora.xtec.cat\/ceiplacreutorrefarrera\/wp-json\/wp\/v2\/tags?post=1928"}],"curies":[{"name":"wp","href":"https:\/\/api.w.org\/{rel}","templated":true}]}}