{"id":1840,"date":"2018-11-23T13:44:26","date_gmt":"2018-11-23T12:44:26","guid":{"rendered":"http:\/\/agora.xtec.cat\/ceiplacreutorrefarrera\/?p=1840"},"modified":"2018-11-24T23:18:31","modified_gmt":"2018-11-24T22:18:31","slug":"setmana-de-la-salut-la-mobilitat-segura-i-riscos","status":"publish","type":"post","link":"https:\/\/agora.xtec.cat\/ceiplacreutorrefarrera\/general\/setmana-de-la-salut-la-mobilitat-segura-i-riscos\/","title":{"rendered":"Setmana de la salut, la mobilitat segura i riscos."},"content":{"rendered":"<p>Aquesta setmana hem gaudit de diferents xerrades i activitats relacionades amb la salut, la mobilitat segura, els primers auxilis entre d&#8217;altres.<\/p>\n<p>En aquest article veureu les imatges dels diferents tallers.<\/p>\n<p><img loading=\"lazy\" decoding=\"async\" class=\"wp-image-1841 alignleft\" src=\"https:\/\/agora.xtec.cat\/ceiplacreutorrefarrera\/wp-content\/uploads\/usu389\/2018\/11\/mossos-1-300x148.jpg\" alt=\"\" width=\"201\" height=\"99\" srcset=\"https:\/\/agora.xtec.cat\/ceiplacreutorrefarrera\/wp-content\/uploads\/usu389\/2018\/11\/mossos-1-300x148.jpg 300w, https:\/\/agora.xtec.cat\/ceiplacreutorrefarrera\/wp-content\/uploads\/usu389\/2018\/11\/mossos-1.jpg 640w\" sizes=\"auto, (max-width: 201px) 100vw, 201px\" \/><\/p>\n<p>Els mossos ens han explicat<a href=\"https:\/\/drive.google.com\/drive\/folders\/1_iD-Bk3OxjiJdAM63SC8a-cPzmxqeeH7?usp=sharing\" target=\"_blank\" rel=\"noopener\"><strong> la petita hist\u00f2ria dels mossos d&#8217;esquadra<\/strong><\/a>\u00a0a l&#8217;alumnat de primer, per a saber m\u00e9s sobre la seva\u00a0 la seva professi\u00f3.<\/p>\n<p>Tamb\u00e9 ens han ensenyat als alumnes d&#8217;educaci\u00f3 infantil<a href=\"https:\/\/drive.google.com\/drive\/folders\/1YGZvcHqtMo51eZR-kNdYCKri4dRKGRr9?usp=sharing\" target=\"_blank\" rel=\"noopener\"><strong> Mobilitat segura<\/strong><\/a>, com despla\u00e7ar-nos ja sigui caminant, en bicicleta com a l&#8217;interior dels vehicles, a m\u00e9s a m\u00e9s<\/p>\n<p><img loading=\"lazy\" decoding=\"async\" class=\"wp-image-1843 alignright\" src=\"https:\/\/agora.xtec.cat\/ceiplacreutorrefarrera\/wp-content\/uploads\/usu389\/2018\/11\/cibercaputxeta-300x169.jpg\" alt=\"\" width=\"144\" height=\"81\" srcset=\"https:\/\/agora.xtec.cat\/ceiplacreutorrefarrera\/wp-content\/uploads\/usu389\/2018\/11\/cibercaputxeta-300x169.jpg 300w, https:\/\/agora.xtec.cat\/ceiplacreutorrefarrera\/wp-content\/uploads\/usu389\/2018\/11\/cibercaputxeta.jpg 426w\" sizes=\"auto, (max-width: 144px) 100vw, 144px\" \/><\/p>\n<p>I als de cinqu\u00e8 ens han explicat la seguretat a les xarxes amb la xerrada <a href=\"https:\/\/drive.google.com\/drive\/folders\/1720dvqxPDm18HGvH22badcUrAaW5GtCY?usp=sharing\" target=\"_blank\" rel=\"noopener\"><strong>Cibercaputxeta<\/strong><\/a>, una xerrada molt interessant.<\/p>\n<p>&nbsp;<\/p>\n<p><img loading=\"lazy\" decoding=\"async\" class=\"alignleft wp-image-1844\" src=\"https:\/\/agora.xtec.cat\/ceiplacreutorrefarrera\/wp-content\/uploads\/usu389\/2018\/11\/bomba-300x262.png\" alt=\"\" width=\"68\" height=\"59\" srcset=\"https:\/\/agora.xtec.cat\/ceiplacreutorrefarrera\/wp-content\/uploads\/usu389\/2018\/11\/bomba-300x262.png 300w, https:\/\/agora.xtec.cat\/ceiplacreutorrefarrera\/wp-content\/uploads\/usu389\/2018\/11\/bomba-768x670.png 768w, https:\/\/agora.xtec.cat\/ceiplacreutorrefarrera\/wp-content\/uploads\/usu389\/2018\/11\/bomba.png 825w\" sizes=\"auto, (max-width: 68px) 100vw, 68px\" \/><\/p>\n<p>Per cert, us imagineu trobar una bomba antiga? L&#8217;alumnat de tercer descobrim amb la xerrada de<strong> <a href=\"https:\/\/drive.google.com\/drive\/folders\/1UJZhE33qyn6OSLgOKamnDmO7RMv_3QuL?usp=sharing\" target=\"_blank\" rel=\"noopener\">I qu\u00e8 fem amb les bombes<\/a>? <\/strong>qu\u00e8 fan els mossos quan donem l&#8217;av\u00eds.<\/p>\n<p><img loading=\"lazy\" decoding=\"async\" class=\"wp-image-1849 alignright\" src=\"https:\/\/agora.xtec.cat\/ceiplacreutorrefarrera\/wp-content\/uploads\/usu389\/2018\/11\/bomber-300x218.jpg\" alt=\"\" width=\"98\" height=\"71\" \/><\/p>\n<p><a href=\"https:\/\/drive.google.com\/drive\/folders\/1zshdGe_64IPJkpUimBjDmI5J3sJdt8LA?usp=sharing\" target=\"_blank\" rel=\"noopener\"><strong>Els bombers<\/strong><\/a> han volgut estar tamb\u00e9 presents en aquesta setmana a les aules de P5 i ens han fet entendre la seva professi\u00f3.<\/p>\n<p><img loading=\"lazy\" decoding=\"async\" class=\"alignleft wp-image-1850\" src=\"https:\/\/agora.xtec.cat\/ceiplacreutorrefarrera\/wp-content\/uploads\/usu389\/2018\/11\/Recycling_symbol2.svg_.png\" alt=\"\" width=\"76\" height=\"76\" srcset=\"https:\/\/agora.xtec.cat\/ceiplacreutorrefarrera\/wp-content\/uploads\/usu389\/2018\/11\/Recycling_symbol2.svg_.png 200w, https:\/\/agora.xtec.cat\/ceiplacreutorrefarrera\/wp-content\/uploads\/usu389\/2018\/11\/Recycling_symbol2.svg_-150x150.png 150w\" sizes=\"auto, (max-width: 76px) 100vw, 76px\" \/>El reciclatge \u00e9s molt important i ens faran un Coestudi la Maria Figuera amb un <a href=\"https:\/\/drive.google.com\/drive\/folders\/1CxUsFGDkxr_W2ntkWfEvJjp-4P_OyzIt?usp=sharing\" target=\"_blank\" rel=\"noopener\"><strong>taller de reciclatge<\/strong><\/a> per als alumnes d&#8217;infantil.<\/p>\n<p>Aquesta setmana destinem algunes sessions al treball dels nostres sentits, de la percepci\u00f3 visual i de defici\u00e8ncia intelectual, aix\u00ed doncs la Noem\u00ed Ari\u00f1o ens ha ensenyat la <a href=\"https:\/\/drive.google.com\/open?id=1sX5xSlFEE5F_hx_skT7LtET__6ywdXDR\" target=\"_blank\" rel=\"noopener\"><strong>percepci\u00f3 visual<\/strong><\/a> als alumnes de P5<img loading=\"lazy\" decoding=\"async\" class=\" wp-image-1851 alignright\" src=\"https:\/\/agora.xtec.cat\/ceiplacreutorrefarrera\/wp-content\/uploads\/usu389\/2018\/11\/som-diferents-300x211.jpg\" alt=\"\" width=\"165\" height=\"116\" srcset=\"https:\/\/agora.xtec.cat\/ceiplacreutorrefarrera\/wp-content\/uploads\/usu389\/2018\/11\/som-diferents-300x211.jpg 300w, https:\/\/agora.xtec.cat\/ceiplacreutorrefarrera\/wp-content\/uploads\/usu389\/2018\/11\/som-diferents.jpg 318w\" sizes=\"auto, (max-width: 165px) 100vw, 165px\" \/><\/p>\n<p>A sis\u00e8 l&#8217;associaci\u00f3 Sindrome de Down ens ha ajudat a entendre millor les capacitats aix\u00ed com les discapacitats a la xerrada <a href=\"https:\/\/drive.google.com\/drive\/folders\/1vMbcnB6_h2Ux5CwZS9JY6Zmfo7O6jFAz?usp=sharing\" target=\"_blank\" rel=\"noopener\"><strong>Som diferents.<\/strong><\/a><\/p>\n<p>&nbsp;<\/p>\n<p><img loading=\"lazy\" decoding=\"async\" class=\"alignleft wp-image-1852\" src=\"https:\/\/agora.xtec.cat\/ceiplacreutorrefarrera\/wp-content\/uploads\/usu389\/2018\/11\/dent.png\" alt=\"\" width=\"94\" height=\"71\" srcset=\"https:\/\/agora.xtec.cat\/ceiplacreutorrefarrera\/wp-content\/uploads\/usu389\/2018\/11\/dent.png 259w, https:\/\/agora.xtec.cat\/ceiplacreutorrefarrera\/wp-content\/uploads\/usu389\/2018\/11\/dent-200x150.png 200w\" sizes=\"auto, (max-width: 94px) 100vw, 94px\" \/>Tamb\u00e9 fem experiments des de P5 fins a 3r sobre <a href=\"https:\/\/drive.google.com\/drive\/folders\/11_T9S3B0wj9jSFfp5Kk83UYnRllihTct?usp=sharing\" target=\"_blank\" rel=\"noopener\"><strong>salut bucodental<\/strong><\/a> i el divendres vindran les inferemeres de l&#8217;institut d&#8217;ortod\u00f2nica Perera a ensenyar-nos com cuidar la nostra boca.<\/p>\n<p><img loading=\"lazy\" decoding=\"async\" class=\"wp-image-1853 alignright\" src=\"https:\/\/agora.xtec.cat\/ceiplacreutorrefarrera\/wp-content\/uploads\/usu389\/2018\/11\/xeringa-280x300.jpg\" alt=\"\" width=\"72\" height=\"77\" srcset=\"https:\/\/agora.xtec.cat\/ceiplacreutorrefarrera\/wp-content\/uploads\/usu389\/2018\/11\/xeringa-280x300.jpg 280w, https:\/\/agora.xtec.cat\/ceiplacreutorrefarrera\/wp-content\/uploads\/usu389\/2018\/11\/xeringa.jpg 443w\" sizes=\"auto, (max-width: 72px) 100vw, 72px\" \/><\/p>\n<p>El servei de pediatria del CAP ens ajudar\u00e0 a con\u00e8ixer el perqu\u00e8 de <a href=\"https:\/\/drive.google.com\/drive\/folders\/1m8jQMvILq6lQgtGMdsWsLqlmk4sEdPTm?usp=sharing\" target=\"_blank\" rel=\"noopener\"><strong>les vacunes<\/strong><\/a> i les malalties per les que ens vacunen.<\/p>\n<p>&nbsp;<\/p>\n<p><img loading=\"lazy\" decoding=\"async\" class=\"alignleft\" src=\"https:\/\/encrypted-tbn0.gstatic.com\/images?q=tbn:ANd9GcQd9d34X_cdXyTUs_sr54GvdQDXsfBcb4IT-5J2dTrKEgA65p48\" alt=\"Resultat d'imatges de primeros auxilias\" width=\"109\" height=\"82\" \/>Tindrem dues xerrades de <a href=\"https:\/\/drive.google.com\/drive\/folders\/1NkljLHQmgeZ1XTqZLyBWPD9nElnla40a?usp=sharing\" target=\"_blank\" rel=\"noopener\"><strong>Primers auxilis<\/strong><\/a> que ens les oferiran la Marta S\u00e0nchez i la <strong><em>????<\/em><\/strong><\/p>\n<p><img loading=\"lazy\" decoding=\"async\" class=\" wp-image-1854 alignright\" src=\"https:\/\/agora.xtec.cat\/ceiplacreutorrefarrera\/wp-content\/uploads\/usu389\/2018\/11\/ioga.jpg\" alt=\"\" width=\"153\" height=\"87\" \/><\/p>\n<p>No oblidarem el nostre cos i durant la setmana tenim diferents sessions als grups de quart de <a href=\"https:\/\/drive.google.com\/drive\/folders\/1_D6of8WDa94ZwmpiDD3fjMPBKfzueLtz?usp=sharing\" target=\"_blank\" rel=\"noopener\"><strong>Ioga<\/strong><\/a> que ens les realitzar\u00e0 la Nat\u00e0lia Aguil\u00e0 per poder tindre una millor salut mental.<\/p>\n<p>I sobretot ens faran falta les t\u00e8cniques de <a href=\"https:\/\/drive.google.com\/drive\/folders\/1gtEAwj5MX6mny4D6xbDx2Jrs4Ym_YZ4a?usp=sharing\" target=\"_blank\" rel=\"noopener\"><strong>relaxaci\u00f3 i massatges<\/strong><\/a><span style=\"font-family: inherit; font-size: 1em;\">\u00a0que ens far\u00e0 la Susana Sobrino als alumnes de P4.\u00a0<\/span><\/p>\n<p><img loading=\"lazy\" decoding=\"async\" class=\"alignleft wp-image-1855\" src=\"https:\/\/agora.xtec.cat\/ceiplacreutorrefarrera\/wp-content\/uploads\/usu389\/2018\/11\/alimentacio-285x300.jpg\" alt=\"\" width=\"117\" height=\"123\" \/>Parlarem de l&#8217;alimentaci\u00f3 de<a href=\"https:\/\/drive.google.com\/drive\/folders\/1dzkUgHlXKMY5HiTTJERYRnXCVKelvsSY?usp=sharing\" target=\"_blank\" rel=\"noopener\"> <strong>la import\u00e0ncia dels esmorzars saludables<\/strong><\/a>, la dietista del MN cat\u00e8ring ens explicar\u00e0 als alumnes de cinqu\u00e8 perqu\u00e8 \u00e9s important nutrir-nos sobretot al mat\u00ed i la mateixa dietista mostrar\u00e0 als alumnes de sis\u00e8 la relaci\u00f3 entre <a href=\"https:\/\/drive.google.com\/drive\/folders\/1AmA0lAjvdYPiBegh8cc_EJF95s9_SQRY?usp=sharing\" target=\"_blank\" rel=\"noopener\"><strong>l&#8217;alimentaci\u00f3 i l&#8217;esport<\/strong>.<\/a><\/p>\n<p>Tamb\u00e9 relacionat amb l&#8217;alimentaci\u00f3 el servei de pediatria del CAP ens explicaran <strong><a href=\"https:\/\/drive.google.com\/drive\/folders\/1O--F5VA0eUGMEWxp-6Su5XUIeHAN1V8K?usp=sharing\" target=\"_blank\" rel=\"noopener\">les malalties aliment\u00e0ries<\/a><\/strong> als alumnes de cinqu\u00e8.<\/p>\n<p>Per a les fam\u00edlies tamb\u00e9 tenim una<a href=\"https:\/\/drive.google.com\/open?id=1_JQ1TSStvZDLtb_7m7fDOJF_6VBalUy_\" target=\"_blank\" rel=\"noopener\"><strong> xerrada del Pla de promoci\u00f3 de consum de fruites i hortalisses<\/strong><\/a> que ens ofereix el Departament d&#8217;agrigultura.<\/p>\n<p>&nbsp;<\/p>\n","protected":false},"excerpt":{"rendered":"<p>Aquesta setmana hem gaudit de diferents xerrades i activitats relacionades amb la salut, la mobilitat segura, els primers auxilis entre d&#8217;altres. En aquest article veureu les imatges dels diferents tallers. Els mossos ens han explicat la petita hist\u00f2ria dels mossos d&#8217;esquadra\u00a0a l&#8217;alumnat de primer, per a saber m\u00e9s sobre la seva\u00a0 la seva professi\u00f3. Tamb\u00e9 [&hellip;]<\/p>\n","protected":false},"author":1,"featured_media":0,"comment_status":"open","ping_status":"closed","sticky":false,"template":"","format":"standard","meta":{"_bbp_topic_count":0,"_bbp_reply_count":0,"_bbp_total_topic_count":0,"_bbp_total_reply_count":0,"_bbp_voice_count":0,"_bbp_anonymous_reply_count":0,"_bbp_topic_count_hidden":0,"_bbp_reply_count_hidden":0,"_bbp_forum_subforum_count":0,"site-sidebar-layout":"default","site-content-layout":"","ast-site-content-layout":"","site-content-style":"default","site-sidebar-style":"default","ast-global-header-display":"","ast-banner-title-visibility":"","ast-main-header-display":"","ast-hfb-above-header-display":"","ast-hfb-below-header-display":"","ast-hfb-mobile-header-display":"","site-post-title":"","ast-breadcrumbs-content":"","ast-featured-img":"","footer-sml-layout":"","theme-transparent-header-meta":"","adv-header-id-meta":"","stick-header-meta":"","header-above-stick-meta":"","header-main-stick-meta":"","header-below-stick-meta":"","astra-migrate-meta-layouts":"default","ast-page-background-enabled":"default","ast-page-background-meta":{"desktop":{"background-color":"var(--ast-global-color-4)","background-image":"","background-repeat":"repeat","background-position":"center center","background-size":"auto","background-attachment":"scroll","background-type":"","background-media":"","overlay-type":"","overlay-color":"","overlay-opacity":"","overlay-gradient":""},"tablet":{"background-color":"","background-image":"","background-repeat":"repeat","background-position":"center center","background-size":"auto","background-attachment":"scroll","background-type":"","background-media":"","overlay-type":"","overlay-color":"","overlay-opacity":"","overlay-gradient":""},"mobile":{"background-color":"","background-image":"","background-repeat":"repeat","background-position":"center center","background-size":"auto","background-attachment":"scroll","background-type":"","background-media":"","overlay-type":"","overlay-color":"","overlay-opacity":"","overlay-gradient":""}},"ast-content-background-meta":{"desktop":{"background-color":"var(--ast-global-color-5)","background-image":"","background-repeat":"repeat","background-position":"center center","background-size":"auto","background-attachment":"scroll","background-type":"","background-media":"","overlay-type":"","overlay-color":"","overlay-opacity":"","overlay-gradient":""},"tablet":{"background-color":"var(--ast-global-color-5)","background-image":"","background-repeat":"repeat","background-position":"center center","background-size":"auto","background-attachment":"scroll","background-type":"","background-media":"","overlay-type":"","overlay-color":"","overlay-opacity":"","overlay-gradient":""},"mobile":{"background-color":"var(--ast-global-color-5)","background-image":"","background-repeat":"repeat","background-position":"center center","background-size":"auto","background-attachment":"scroll","background-type":"","background-media":"","overlay-type":"","overlay-color":"","overlay-opacity":"","overlay-gradient":""}},"footnotes":""},"categories":[41,1,4],"tags":[155,156],"class_list":["post-1840","post","type-post","status-publish","format-standard","hentry","category-festes-i-celebracions","category-general","category-portada","tag-setmana-salut","tag-setmana-salut-i-seguretat"],"post_mailing_queue_ids":[],"_links":{"self":[{"href":"https:\/\/agora.xtec.cat\/ceiplacreutorrefarrera\/wp-json\/wp\/v2\/posts\/1840","targetHints":{"allow":["GET"]}}],"collection":[{"href":"https:\/\/agora.xtec.cat\/ceiplacreutorrefarrera\/wp-json\/wp\/v2\/posts"}],"about":[{"href":"https:\/\/agora.xtec.cat\/ceiplacreutorrefarrera\/wp-json\/wp\/v2\/types\/post"}],"author":[{"embeddable":true,"href":"https:\/\/agora.xtec.cat\/ceiplacreutorrefarrera\/wp-json\/wp\/v2\/users\/1"}],"replies":[{"embeddable":true,"href":"https:\/\/agora.xtec.cat\/ceiplacreutorrefarrera\/wp-json\/wp\/v2\/comments?post=1840"}],"version-history":[{"count":3,"href":"https:\/\/agora.xtec.cat\/ceiplacreutorrefarrera\/wp-json\/wp\/v2\/posts\/1840\/revisions"}],"predecessor-version":[{"id":1857,"href":"https:\/\/agora.xtec.cat\/ceiplacreutorrefarrera\/wp-json\/wp\/v2\/posts\/1840\/revisions\/1857"}],"wp:attachment":[{"href":"https:\/\/agora.xtec.cat\/ceiplacreutorrefarrera\/wp-json\/wp\/v2\/media?parent=1840"}],"wp:term":[{"taxonomy":"category","embeddable":true,"href":"https:\/\/agora.xtec.cat\/ceiplacreutorrefarrera\/wp-json\/wp\/v2\/categories?post=1840"},{"taxonomy":"post_tag","embeddable":true,"href":"https:\/\/agora.xtec.cat\/ceiplacreutorrefarrera\/wp-json\/wp\/v2\/tags?post=1840"}],"curies":[{"name":"wp","href":"https:\/\/api.w.org\/{rel}","templated":true}]}}