{"id":149,"count":54,"description":"<table style=\"height: 261px; width: 100%; border-collapse: collapse; border-color: #ffffff; background-color: #ffffff; border-style: outset;\" border=\"1\">\r\n<tbody>\r\n<tr>\r\n<td style=\"width: 265px;\"><img class=\"alignleft size-medium wp-image-2192\" src=\"https:\/\/agora.xtec.cat\/ceiplacreutorrefarrera\/wp-content\/uploads\/usu389\/2019\/03\/ggh-300x282.jpg\" alt=\"\" width=\"300\" height=\"282\" \/><\/td>\r\n<td style=\"width: 265px;\">\r\n<p style=\"text-align: left; padding-left: 30px;\">El curs 2014-2015 vam iniciar a l\u2019escola el Projecte Escolta\u2019m. Ho vam engegar de manera progressiva, en alguns cursos, i actualment participen d\u2019aquesta activitat tots els alumnes de Prim\u00e0ria.<\/p>\r\n<\/td>\r\n<\/tr>\r\n<tr>\r\n<td style=\"width: 265px;\" colspan=\"2\"><strong>En qu\u00e8 consisteix?<\/strong>\r\n\r\nL\u2019escolta \u00e9s produeix en un espai especial, bonic, \u00edntim, acollidor, c\u00f2mode... pensat i decorat conjuntament amb l\u2019alumnat, amb frases inspiradores i materials per a qu\u00e8 es promogui la conversa amb la seva tutora o tutor durant aproximadament mitja hora.\r\n\r\n<strong>Qu\u00e8 s\u2019hi fa?<\/strong>\r\n\r\nDonar la veu als infants per a qu\u00e8 puguin expressar-se, i l\u2019adult escolta atentament i genera les condicions per a qu\u00e8 la conversa sigui aut\u00e8ntica.\r\n\r\n<strong>Qu\u00e8 volem aconseguir?<\/strong>\r\n\r\n<img class=\"wp-image-2193 alignright\" src=\"https:\/\/agora.xtec.cat\/ceiplacreutorrefarrera\/wp-content\/uploads\/usu389\/2019\/03\/jt-225x300.jpg\" alt=\"\" width=\"145\" height=\"193\" \/>\r\n<ul>\r\n \t<li>Fer que l\u2019alumnat senti l\u2019escola com un espai segur on es pugui reflexionar i compartir idees i sentiments.<\/li>\r\n \t<li>Centrar la mirada en els elements que afavoreixen el progr\u00e9s dels alumnes m\u00e9s que en les causes dels seus problemes.<\/li>\r\n \t<li>Desenvolupar habilitats de comunicaci\u00f3 i relaci\u00f3 entre iguals.<\/li>\r\n \t<li>Proporcionar al grup-classe un bon clima emocional i la motivaci\u00f3 per voler aprendre i treballar al centre educatiu.<\/li>\r\n \t<li>Promoure el di\u00e0leg i el respecte a les difer\u00e8ncies individuals.<\/li>\r\n \t<li>Establir un vincle positiu entre el tutor\/a i l\u2019alumnat.<\/li>\r\n<\/ul>\r\n<\/td>\r\n<\/tr>\r\n<\/tbody>\r\n<\/table>","link":"https:\/\/agora.xtec.cat\/ceiplacreutorrefarrera\/categoria\/activitats-de-centre\/escolta\/","name":"Projecte ESCOLTA'M","slug":"escolta","taxonomy":"category","parent":40,"meta":[],"_links":{"self":[{"href":"https:\/\/agora.xtec.cat\/ceiplacreutorrefarrera\/wp-json\/wp\/v2\/categories\/149","targetHints":{"allow":["GET"]}}],"collection":[{"href":"https:\/\/agora.xtec.cat\/ceiplacreutorrefarrera\/wp-json\/wp\/v2\/categories"}],"about":[{"href":"https:\/\/agora.xtec.cat\/ceiplacreutorrefarrera\/wp-json\/wp\/v2\/taxonomies\/category"}],"up":[{"embeddable":true,"href":"https:\/\/agora.xtec.cat\/ceiplacreutorrefarrera\/wp-json\/wp\/v2\/categories\/40"}],"wp:post_type":[{"href":"https:\/\/agora.xtec.cat\/ceiplacreutorrefarrera\/wp-json\/wp\/v2\/posts?categories=149"}],"curies":[{"name":"wp","href":"https:\/\/api.w.org\/{rel}","templated":true}]}}