{"id":768,"date":"2018-02-28T23:26:00","date_gmt":"2018-02-28T22:26:00","guid":{"rendered":"http:\/\/agora.xtec.cat\/ceiplacarpa\/general\/estrenem-els-ambients-daprenentatge\/"},"modified":"2019-02-12T22:02:59","modified_gmt":"2019-02-12T21:02:59","slug":"estrenem-els-ambients-daprenentatge","status":"publish","type":"post","link":"https:\/\/agora.xtec.cat\/ceiplacarpa\/general\/infantil\/estrenem-els-ambients-daprenentatge\/","title":{"rendered":"ESTRENEM ELS AMBIENTS D&#8217;APRENENTATGE!"},"content":{"rendered":"<div style=\"text-align: justify;\"><span style=\"font-family: &quot;verdana&quot; , sans-serif;\">Despr\u00e9s de Nadal a Educaci\u00f3 Infantil hem posat en marxa un nou projecte metodol\u00f2gic i organitzatiu: <b>els ambients d\u2019aprenentatge<\/b>.&nbsp;<\/span><\/div>\n<div style=\"text-align: justify;\"><span style=\"font-family: &quot;verdana&quot; , sans-serif;\">&nbsp;&nbsp;&nbsp;<o:p><\/o:p><\/span><\/div>\n<div style=\"text-align: justify;\"><span style=\"font-family: &quot;verdana&quot; , sans-serif;\">El treball per ambients consisteix en crear espais tem\u00e0tics (molt preparats i pensats), on els infants puguin trobar materials i activitats aut\u00f2nomes que facilitin el seu desenvolupament. Aquests ambients, motivadors i relaxats, permeten als nostres infants observar, actuar, experimentar, investigar, construir, emocionar-se , relacionar-se&#8230; en definitiva, aprendre.<o:p><\/o:p><\/span><\/div>\n<div style=\"text-align: justify;\"><span style=\"font-family: &quot;verdana&quot; , sans-serif;\"><br \/><\/span><\/div>\n<div style=\"text-align: justify;\"><span style=\"font-family: &quot;verdana&quot; , sans-serif;\">Tres tardes per setmana (de dimecres a divendres) l\u2019alumnat de P4 i P5 va a fer ambients.&nbsp;<o:p><\/o:p><\/span><\/div>\n<div style=\"text-align: justify;\"><span style=\"font-family: &quot;verdana&quot; , sans-serif;\"><br \/><\/span><\/div>\n<div><!--[if gte vml 1]><v:polyline style='position:absolute;  z-index:251659264' points=\"362.75pt,833.5pt,362.75pt,833.5pt\" coordorigin=\"3489,8249\"  coordsize=\"1,1\" filled=\"f\" strokecolor=\"red\" strokeweight=\"1.5pt\"> <v:stroke endcap=\"round\"\/> <v:path shadowok=\"f\" o:extrusionok=\"f\" fillok=\"f\" insetpenok=\"f\"\/> <o:lock v:ext=\"edit\" rotation=\"t\" aspectratio=\"t\" verticies=\"t\" text=\"t\"   shapetype=\"t\"\/> <o:ink i=\"AIkBHQIGBgEgAGgMAAAAAADAAAAAAAAARljPVIrml8VPjwb4utLhmyIDIWQGPoBED\/AAAEgRRP8B RTUbAgCt\/0Y1GwIArf9XDQAAAAUCC2UZFDIIAIAUAnaM4kEzCADADAJK8+JBFaVATUGlQE1BAACA OQAAgDkKEwEKRAALUGAKABEg4EBRbrer0wG= \" annotation=\"t\"\/><\/v:polyline><![endif]--><!--[if !vml]--><span style=\"height: 14px; margin-left: 313px; margin-top: 752px; mso-ignore: vglayout; position: absolute; width: 14px; z-index: 251659264;\"><span style=\"font-family: &quot;verdana&quot; , sans-serif;\"><img loading=\"lazy\" decoding=\"async\" height=\"11\" src=\"file:\/\/\/C:\/Users\/joang\/AppData\/Local\/Temp\/msohtmlclip1\/01\/clip_image001.png\" v:shapes=\"_x0000_s1026\" width=\"11\" \/><\/span><\/span><!--[endif]--><span style=\"font-family: &quot;verdana&quot; , sans-serif;\">Els diferents ambients d\u2019aprenentatge s\u00f3n :<o:p><\/o:p><\/span><\/div>\n<div><span style=\"font-family: &quot;verdana&quot; , sans-serif;\"><br \/><\/span><\/div>\n<div><span style=\"font-family: &quot;verdana&quot; , sans-serif;\">&#8211; Sensorial i simb\u00f2lic (Marco Polo).<\/span><\/div>\n<div><span style=\"font-family: &quot;verdana&quot; , sans-serif;\">&#8211; Expressi\u00f3 i teatre (Charlie Rivel).<o:p><\/o:p><\/span><\/div>\n<div><span style=\"font-family: &quot;verdana&quot; , sans-serif;\">&#8211; Simb\u00f2lic&nbsp; (casa, metge, botiga i cafeteria).<o:p><\/o:p><\/span><\/div>\n<div><span style=\"font-family: &quot;verdana&quot; , sans-serif;\">&#8211; Llum i ombres (Germans Lumi\u00e8re).<o:p><\/o:p><\/span><\/div>\n<div><span style=\"font-family: &quot;verdana&quot; , sans-serif;\">&#8211; Construccions (Gaud\u00ed).<o:p><\/o:p><\/span><\/div>\n<div><span style=\"font-family: &quot;verdana&quot; , sans-serif;\">&#8211; Llengua (Joana Raspall).<o:p><\/o:p><\/span><\/div>\n<div style=\"clear: both; text-align: center;\"><\/div>\n<div><span style=\"font-family: &quot;verdana&quot; , sans-serif;\">&#8211; Expressi\u00f3 Pl\u00e0stica (Joan Mir\u00f3).<\/span><br \/><span style=\"font-family: &quot;verdana&quot; , sans-serif;\"><br \/><\/span><span style=\"font-family: &quot;verdana&quot; , sans-serif;\">Us convidem a veure com gaudeixen els nens i nenes als ambients!!?<\/span><\/div>\n<div><\/div>\n<div style=\"clear: both; text-align: center;\"><iframe loading=\"lazy\" allowfullscreen=\"\" data-thumbnail-src=\"https:\/\/i.ytimg.com\/vi\/5kJRFbqFn1k\/0.jpg\" frameborder=\"0\" height=\"266\" src=\"https:\/\/www.youtube.com\/embed\/5kJRFbqFn1k?feature=player_embedded\" width=\"320\"><\/iframe><\/div>\n<p><\/p>\n","protected":false},"excerpt":{"rendered":"<p>Despr\u00e9s de Nadal a Educaci\u00f3 Infantil hem posat en marxa un nou projecte metodol\u00f2gic i organitzatiu: els ambients d\u2019aprenentatge.&nbsp; &nbsp;&nbsp;&nbsp; El treball per ambients consisteix en crear espais tem\u00e0tics (molt preparats i pensats), on els infants puguin trobar materials i activitats aut\u00f2nomes que facilitin el seu desenvolupament. Aquests ambients, motivadors i relaxats, permeten als nostres [&hellip;]<\/p>\n","protected":false},"author":1,"featured_media":0,"comment_status":"open","ping_status":"closed","sticky":false,"template":"","format":"standard","meta":{"_bbp_topic_count":0,"_bbp_reply_count":0,"_bbp_total_topic_count":0,"_bbp_total_reply_count":0,"_bbp_voice_count":0,"_bbp_anonymous_reply_count":0,"_bbp_topic_count_hidden":0,"_bbp_reply_count_hidden":0,"_bbp_forum_subforum_count":0,"site-sidebar-layout":"default","site-content-layout":"","ast-site-content-layout":"","site-content-style":"default","site-sidebar-style":"default","ast-global-header-display":"","ast-banner-title-visibility":"","ast-main-header-display":"","ast-hfb-above-header-display":"","ast-hfb-below-header-display":"","ast-hfb-mobile-header-display":"","site-post-title":"","ast-breadcrumbs-content":"","ast-featured-img":"","footer-sml-layout":"","theme-transparent-header-meta":"","adv-header-id-meta":"","stick-header-meta":"","header-above-stick-meta":"","header-main-stick-meta":"","header-below-stick-meta":"","astra-migrate-meta-layouts":"default","ast-page-background-enabled":"default","ast-page-background-meta":{"desktop":{"background-color":"var(--ast-global-color-4)","background-image":"","background-repeat":"repeat","background-position":"center center","background-size":"auto","background-attachment":"scroll","background-type":"","background-media":"","overlay-type":"","overlay-color":"","overlay-opacity":"","overlay-gradient":""},"tablet":{"background-color":"","background-image":"","background-repeat":"repeat","background-position":"center center","background-size":"auto","background-attachment":"scroll","background-type":"","background-media":"","overlay-type":"","overlay-color":"","overlay-opacity":"","overlay-gradient":""},"mobile":{"background-color":"","background-image":"","background-repeat":"repeat","background-position":"center center","background-size":"auto","background-attachment":"scroll","background-type":"","background-media":"","overlay-type":"","overlay-color":"","overlay-opacity":"","overlay-gradient":""}},"ast-content-background-meta":{"desktop":{"background-color":"var(--ast-global-color-5)","background-image":"","background-repeat":"repeat","background-position":"center center","background-size":"auto","background-attachment":"scroll","background-type":"","background-media":"","overlay-type":"","overlay-color":"","overlay-opacity":"","overlay-gradient":""},"tablet":{"background-color":"var(--ast-global-color-5)","background-image":"","background-repeat":"repeat","background-position":"center center","background-size":"auto","background-attachment":"scroll","background-type":"","background-media":"","overlay-type":"","overlay-color":"","overlay-opacity":"","overlay-gradient":""},"mobile":{"background-color":"var(--ast-global-color-5)","background-image":"","background-repeat":"repeat","background-position":"center center","background-size":"auto","background-attachment":"scroll","background-type":"","background-media":"","overlay-type":"","overlay-color":"","overlay-opacity":"","overlay-gradient":""}},"footnotes":""},"categories":[75],"tags":[83],"class_list":["post-768","post","type-post","status-publish","format-standard","hentry","category-infantil","tag-antic-blog-educacio-infantil"],"post_mailing_queue_ids":[],"_links":{"self":[{"href":"https:\/\/agora.xtec.cat\/ceiplacarpa\/wp-json\/wp\/v2\/posts\/768","targetHints":{"allow":["GET"]}}],"collection":[{"href":"https:\/\/agora.xtec.cat\/ceiplacarpa\/wp-json\/wp\/v2\/posts"}],"about":[{"href":"https:\/\/agora.xtec.cat\/ceiplacarpa\/wp-json\/wp\/v2\/types\/post"}],"author":[{"embeddable":true,"href":"https:\/\/agora.xtec.cat\/ceiplacarpa\/wp-json\/wp\/v2\/users\/1"}],"replies":[{"embeddable":true,"href":"https:\/\/agora.xtec.cat\/ceiplacarpa\/wp-json\/wp\/v2\/comments?post=768"}],"version-history":[{"count":0,"href":"https:\/\/agora.xtec.cat\/ceiplacarpa\/wp-json\/wp\/v2\/posts\/768\/revisions"}],"wp:attachment":[{"href":"https:\/\/agora.xtec.cat\/ceiplacarpa\/wp-json\/wp\/v2\/media?parent=768"}],"wp:term":[{"taxonomy":"category","embeddable":true,"href":"https:\/\/agora.xtec.cat\/ceiplacarpa\/wp-json\/wp\/v2\/categories?post=768"},{"taxonomy":"post_tag","embeddable":true,"href":"https:\/\/agora.xtec.cat\/ceiplacarpa\/wp-json\/wp\/v2\/tags?post=768"}],"curies":[{"name":"wp","href":"https:\/\/api.w.org\/{rel}","templated":true}]}}