{"id":3087,"date":"2020-03-31T17:46:07","date_gmt":"2020-03-31T15:46:07","guid":{"rendered":"http:\/\/agora.xtec.cat\/ceiplacarpa\/?p=3087"},"modified":"2020-04-06T17:00:00","modified_gmt":"2020-04-06T15:00:00","slug":"proposta-3r-de-primaria-30-03-2020","status":"publish","type":"post","link":"https:\/\/agora.xtec.cat\/ceiplacarpa\/general\/primaria\/2n-cicle\/3r\/proposta-3r-de-primaria-30-03-2020\/","title":{"rendered":"Proposta 3r de PRIM\u00c0RIA (30\/03\/2020)"},"content":{"rendered":"<p><span style=\"font-weight: 400;\">Hola a tots i a totes!<\/span><\/p>\n<p><span style=\"font-weight: 400;\">Com esteu? Com porteu aquests dies a casa? <\/span><\/p>\n<p><span style=\"font-weight: 400;\">Nosaltres hem pensat algunes propostes perqu\u00e8 feu a casa. <\/span><\/p>\n<p><span style=\"font-weight: 400;\">Aqu\u00ed us deixem alguns enlla\u00e7os que us porten a activitats o p\u00e0gines web on podeu continuar practicant tot all\u00f2 que hem apr\u00e8s fins ara. S\u00f3n bastant divertides i us ajudaran a passar una estona mentre repasseu.<\/span><\/p>\n<p><span style=\"font-weight: 400;\">Us trobem molt a faltar a tots i totes. Estem desitjant tornar a l\u2019escola per veure-us<\/span>i per a que ens expliqueu tot el munt de coses que estareu fent.<span style=\"font-family: inherit; font-size: 1em;\"> Segur que esteu creixent molt i us trobem molt grans a la tornada.<\/span><\/p>\n<p>Per comen\u00e7ar, l&#8217;<strong>Alicia<\/strong> us vol enviar a tots i totes un document amb una s\u00e8rie de propostes. Cliqueu <span style=\"text-decoration: underline;\"><em><strong><a href=\"https:\/\/agora.xtec.cat\/ceiplacarpa\/wp-content\/uploads\/usu1915\/2020\/03\/3r-30_03_2020-EE.pdf\" target=\"_blank\" rel=\"noopener noreferrer\">AQU\u00cd<\/a><\/strong><\/em><\/span><span style=\"font-family: inherit; font-size: 1em;\">\u00a0per veure&#8217;l.<\/span><\/p>\n<p><span style=\"font-weight: 400;\">La <strong>Natalia<\/strong> us ha penjat una proposta al bloc de l\u2019<a href=\"https:\/\/agora.xtec.cat\/ceiplacarpa\/categoria\/acollida\/\" target=\"_blank\" rel=\"noopener noreferrer\">AULA D\u2019ACOLLIDA<\/a>. Us animem a revisar tot el material i que intenteu treure-li el m\u00e0xim profit.<\/span><\/p>\n<p>&nbsp;<\/p>\n<p>De part de les tutores, teniu tot aquest seguit d&#8217;activitats:<\/p>\n<p style=\"text-align: center;\"><b>LECTURA<\/b><\/p>\n<p><span style=\"font-weight: 400;\">Ja fa molts dies que estem a casa. Per aix\u00f2, us donem la possibilitat de transportar-vos a altres llocs i viure aventures extraordin\u00e0ries, a trav\u00e9s de la lectura.\u00a0<\/span><\/p>\n<p><span style=\"font-weight: 400;\">Us deixem tres enlla\u00e7os:<\/span><\/p>\n<ul>\n<li><span style=\"font-weight: 400;\">la revista d&#8217;aquest mes del Cavall fort, <\/span><\/li>\n<li><span style=\"font-weight: 400;\">un link on podeu agafar llibres on\u00b7line de pr\u00e9stec gratu\u00eft<\/span><\/li>\n<li><span style=\"font-weight: 400;\">un d\u2019escolta, on trobareu contes en castell\u00e0.<\/span><\/li>\n<\/ul>\n<table style=\"height: 237px;\" width=\"730\">\n<tbody>\n<tr>\n<td style=\"width: 237px;\"><span style=\"font-weight: 400;\"><a href=\"https:\/\/www.iquiosc.cat\/visor\/edicio\/35347\" target=\"_blank\" rel=\"noopener noreferrer\"><img loading=\"lazy\" decoding=\"async\" class=\"aligncenter wp-image-3090\" src=\"https:\/\/agora.xtec.cat\/ceiplacarpa\/wp-content\/uploads\/usu1915\/2020\/03\/cavall-fort-220x300.jpg\" alt=\"\" width=\"127\" height=\"173\" srcset=\"https:\/\/agora.xtec.cat\/ceiplacarpa\/wp-content\/uploads\/usu1915\/2020\/03\/cavall-fort-220x300.jpg 220w, https:\/\/agora.xtec.cat\/ceiplacarpa\/wp-content\/uploads\/usu1915\/2020\/03\/cavall-fort-768x1046.jpg 768w, https:\/\/agora.xtec.cat\/ceiplacarpa\/wp-content\/uploads\/usu1915\/2020\/03\/cavall-fort-752x1024.jpg 752w, https:\/\/agora.xtec.cat\/ceiplacarpa\/wp-content\/uploads\/usu1915\/2020\/03\/cavall-fort.jpg 1200w\" sizes=\"auto, (max-width: 127px) 100vw, 127px\" \/><\/a><\/span><\/td>\n<td style=\"width: 240px;\"><span style=\"font-weight: 400;\"><a href=\"https:\/\/catalunya.ebiblio.es\/opac\/#resultados\" target=\"_blank\" rel=\"noopener noreferrer\"><img loading=\"lazy\" decoding=\"async\" class=\"aligncenter wp-image-3093\" src=\"https:\/\/agora.xtec.cat\/ceiplacarpa\/wp-content\/uploads\/usu1915\/2020\/03\/e-biblio-300x146.png\" alt=\"\" width=\"157\" height=\"76\" srcset=\"https:\/\/agora.xtec.cat\/ceiplacarpa\/wp-content\/uploads\/usu1915\/2020\/03\/e-biblio-300x146.png 300w, https:\/\/agora.xtec.cat\/ceiplacarpa\/wp-content\/uploads\/usu1915\/2020\/03\/e-biblio.png 322w\" sizes=\"auto, (max-width: 157px) 100vw, 157px\" \/><\/a><\/span><\/td>\n<td style=\"width: 243px;\"><a href=\"http:\/\/www.ayudaparamaestros.com\/2020\/03\/increible-coleccion-de-audiolibros.html?m=1\" target=\"_blank\" rel=\"noopener noreferrer\"><img loading=\"lazy\" decoding=\"async\" class=\"aligncenter wp-image-3094 size-medium\" src=\"https:\/\/agora.xtec.cat\/ceiplacarpa\/wp-content\/uploads\/usu1915\/2020\/03\/amazon-libros-300x157.png\" alt=\"\" width=\"300\" height=\"157\" srcset=\"https:\/\/agora.xtec.cat\/ceiplacarpa\/wp-content\/uploads\/usu1915\/2020\/03\/amazon-libros-300x157.png 300w, https:\/\/agora.xtec.cat\/ceiplacarpa\/wp-content\/uploads\/usu1915\/2020\/03\/amazon-libros.png 640w\" sizes=\"auto, (max-width: 300px) 100vw, 300px\" \/><\/a><\/td>\n<\/tr>\n<\/tbody>\n<\/table>\n<p>&nbsp;<\/p>\n<p style=\"text-align: center;\"><b>MATEM\u00c0TIQUES<\/b><\/p>\n<p><span style=\"font-weight: 400;\">Aqu\u00ed teniu dos jocs de matem\u00e0tiques:<\/span><\/p>\n<table class=\" aligncenter\" style=\"height: 202px; width: 1061px;\">\n<tbody>\n<tr style=\"height: 119px;\">\n<td style=\"width: 495px; height: 119px;\"><a href=\"https:\/\/clic.xtec.cat\/projects\/jocnum2\/jclic.js\/index.html\" target=\"_blank\" rel=\"noopener noreferrer\"><img loading=\"lazy\" decoding=\"async\" class=\"aligncenter wp-image-3095\" src=\"https:\/\/agora.xtec.cat\/ceiplacarpa\/wp-content\/uploads\/usu1915\/2020\/03\/mates-3r-300x179.jpg\" alt=\"\" width=\"271\" height=\"161\" srcset=\"https:\/\/agora.xtec.cat\/ceiplacarpa\/wp-content\/uploads\/usu1915\/2020\/03\/mates-3r-300x179.jpg 300w, https:\/\/agora.xtec.cat\/ceiplacarpa\/wp-content\/uploads\/usu1915\/2020\/03\/mates-3r-768x458.jpg 768w, https:\/\/agora.xtec.cat\/ceiplacarpa\/wp-content\/uploads\/usu1915\/2020\/03\/mates-3r.jpg 845w\" sizes=\"auto, (max-width: 271px) 100vw, 271px\" \/><\/a><\/td>\n<td style=\"width: 558px; height: 119px;\"><a href=\"https:\/\/micetf.fr\/Symetrie\/\" target=\"_blank\" rel=\"noopener noreferrer\"><img loading=\"lazy\" decoding=\"async\" class=\"aligncenter wp-image-3096\" src=\"https:\/\/agora.xtec.cat\/ceiplacarpa\/wp-content\/uploads\/usu1915\/2020\/03\/simetria-3r-300x196.jpg\" alt=\"\" width=\"242\" height=\"158\" srcset=\"https:\/\/agora.xtec.cat\/ceiplacarpa\/wp-content\/uploads\/usu1915\/2020\/03\/simetria-3r-300x196.jpg 300w, https:\/\/agora.xtec.cat\/ceiplacarpa\/wp-content\/uploads\/usu1915\/2020\/03\/simetria-3r.jpg 728w\" sizes=\"auto, (max-width: 242px) 100vw, 242px\" \/><\/a><\/td>\n<\/tr>\n<tr style=\"height: 64px;\">\n<td style=\"width: 495px; height: 64px;\"><span style=\"font-size: 16px; text-align: center; background-color: #ffffff;\">Joc amb nombres per practicar la numeraci\u00f3 i el c\u00e0lcul\u00a0<\/span><\/td>\n<td style=\"width: 558px; height: 64px;\"><span style=\"font-size: 16px; background-color: #ffffff;\">Joc de simetria on heu de seguir el quadradet el m\u00e9s r\u00e0pid possible.<\/span><\/td>\n<\/tr>\n<\/tbody>\n<\/table>\n<p>&nbsp;<\/p>\n<p><span style=\"font-weight: 400;\">Tamb\u00e9 us proposem una p\u00e0gina web on trobareu exercicis i un joc molt divertit per repassar les taules de multiplicar de l\u20191 al 12.<\/span><\/p>\n<p><span style=\"font-weight: 400;\">Exercicis: <\/span><span style=\"text-decoration: underline;\"><em><strong><a href=\"https:\/\/www.tablasdemultiplicar.com\/\" target=\"_blank\" rel=\"noopener noreferrer\">https:\/\/www.tablasdemultiplicar.com\/<\/a><\/strong><\/em><\/span><\/p>\n<p><span style=\"font-weight: 400;\">Joc de taules: <\/span><span style=\"text-decoration: underline;\"><em><strong><a href=\"https:\/\/www.tablasdemultiplicar.com\/happy-burger.html\" target=\"_blank\" rel=\"noopener noreferrer\">https:\/\/www.tablasdemultiplicar.com\/happy-burger.html<\/a><\/strong><\/em><\/span><\/p>\n<p>&nbsp;<\/p>\n<p style=\"text-align: center;\"><b>CATAL\u00c0<\/b><\/p>\n<p><span style=\"font-weight: 400;\">Poseu a prova el vostre vocabulari en catal\u00e0;\u00a0 per fer-ho us deixem uns mots encreuats i una sopa de lletres.<\/span><\/p>\n<p><span style=\"font-weight: 400;\">Mots encreuats: <\/span><span style=\"text-decoration: underline;\"><em><strong><a href=\"https:\/\/clic.xtec.cat\/projects\/encreuats\/jclic.js\/index.html\" target=\"_blank\" rel=\"noopener noreferrer\">https:\/\/clic.xtec.cat\/projects\/encreuats\/jclic.js\/index.html<\/a><\/strong><\/em><\/span><\/p>\n<p><span style=\"font-weight: 400;\">Sopa de lletres: <\/span><span style=\"text-decoration: underline;\"><em><strong><a href=\"https:\/\/es.educaplay.com\/recursos-educativos\/594634-jocs_50.html\" target=\"_blank\" rel=\"noopener noreferrer\">https:\/\/es.educaplay.com\/recursos-educativos\/594634-jocs_50.html<\/a><\/strong><\/em><\/span><\/p>\n<p>&nbsp;<\/p>\n<p style=\"text-align: center;\"><b>PL\u00c0STICA<\/b><\/p>\n<p><span style=\"font-weight: 400;\">Com sabem que sou uns artistes, per a aquesta setmana us proposem, un tutorial d\u2019origami i unes activitats d\u2019Antoni T\u00e0pies, per fer una mica de mem\u00f2ria.<\/span><\/p>\n<p><span style=\"font-weight: 400;\">Origami de conill: <\/span><\/p>\n<p><span style=\"font-weight: 400;\"><iframe loading=\"lazy\" src=\"\/\/www.youtube.com\/embed\/68oz7mCVLKY\" width=\"560\" height=\"314\"><\/iframe><\/span><\/p>\n<p><span style=\"font-weight: 400;\">\u00a0<\/span><span style=\"font-weight: 400;\">Activitats d\u2019Antoni T\u00e0pies:<\/span><\/p>\n<p><span style=\"text-decoration: underline;\"><em><strong><a href=\"https:\/\/clic.xtec.cat\/projects\/tapies\/jclic.js\/index.html\">https:\/\/clic.xtec.cat\/projects\/tapies\/jclic.js\/index.html<\/a><\/strong><\/em><\/span><\/p>\n<p>&nbsp;<\/p>\n<p><span style=\"font-weight: 400;\">Molts \u00e0nims a tots i totes, ho esteu fent molt b\u00e9!\u00a0<\/span><\/p>\n<p><span style=\"font-weight: 400;\">Una s\u00faper abra\u00e7ada!<\/span><\/p>\n<p style=\"text-align: right;\"><strong>Teresa, Sandra, Tere i Alicia.<\/strong><\/p>\n<p style=\"text-align: right;\"><strong>31\/03\/2020<\/strong><\/p>\n","protected":false},"excerpt":{"rendered":"<p>Aqu\u00ed teniu la proposta de tasques i activitats per a l&#8217;alumnat de 3r en aquesta \u00faltima setmana abans de les vacances de Setmana Santa.<\/p>\n","protected":false},"author":8,"featured_media":3099,"comment_status":"closed","ping_status":"closed","sticky":false,"template":"","format":"standard","meta":{"_bbp_topic_count":0,"_bbp_reply_count":0,"_bbp_total_topic_count":0,"_bbp_total_reply_count":0,"_bbp_voice_count":0,"_bbp_anonymous_reply_count":0,"_bbp_topic_count_hidden":0,"_bbp_reply_count_hidden":0,"_bbp_forum_subforum_count":0,"site-sidebar-layout":"default","site-content-layout":"","ast-site-content-layout":"","site-content-style":"default","site-sidebar-style":"default","ast-global-header-display":"","ast-banner-title-visibility":"","ast-main-header-display":"","ast-hfb-above-header-display":"","ast-hfb-below-header-display":"","ast-hfb-mobile-header-display":"","site-post-title":"","ast-breadcrumbs-content":"","ast-featured-img":"","footer-sml-layout":"","theme-transparent-header-meta":"","adv-header-id-meta":"","stick-header-meta":"","header-above-stick-meta":"","header-main-stick-meta":"","header-below-stick-meta":"","astra-migrate-meta-layouts":"default","ast-page-background-enabled":"default","ast-page-background-meta":{"desktop":{"background-color":"var(--ast-global-color-4)","background-image":"","background-repeat":"repeat","background-position":"center center","background-size":"auto","background-attachment":"scroll","background-type":"","background-media":"","overlay-type":"","overlay-color":"","overlay-opacity":"","overlay-gradient":""},"tablet":{"background-color":"","background-image":"","background-repeat":"repeat","background-position":"center center","background-size":"auto","background-attachment":"scroll","background-type":"","background-media":"","overlay-type":"","overlay-color":"","overlay-opacity":"","overlay-gradient":""},"mobile":{"background-color":"","background-image":"","background-repeat":"repeat","background-position":"center center","background-size":"auto","background-attachment":"scroll","background-type":"","background-media":"","overlay-type":"","overlay-color":"","overlay-opacity":"","overlay-gradient":""}},"ast-content-background-meta":{"desktop":{"background-color":"var(--ast-global-color-5)","background-image":"","background-repeat":"repeat","background-position":"center center","background-size":"auto","background-attachment":"scroll","background-type":"","background-media":"","overlay-type":"","overlay-color":"","overlay-opacity":"","overlay-gradient":""},"tablet":{"background-color":"var(--ast-global-color-5)","background-image":"","background-repeat":"repeat","background-position":"center center","background-size":"auto","background-attachment":"scroll","background-type":"","background-media":"","overlay-type":"","overlay-color":"","overlay-opacity":"","overlay-gradient":""},"mobile":{"background-color":"var(--ast-global-color-5)","background-image":"","background-repeat":"repeat","background-position":"center center","background-size":"auto","background-attachment":"scroll","background-type":"","background-media":"","overlay-type":"","overlay-color":"","overlay-opacity":"","overlay-gradient":""}},"footnotes":""},"categories":[12,159,162],"tags":[],"class_list":["post-3087","post","type-post","status-publish","format-standard","has-post-thumbnail","hentry","category-3r","category-escola-a-casa","category-propostes-per-a-cicle-mitja"],"post_mailing_queue_ids":[],"_links":{"self":[{"href":"https:\/\/agora.xtec.cat\/ceiplacarpa\/wp-json\/wp\/v2\/posts\/3087","targetHints":{"allow":["GET"]}}],"collection":[{"href":"https:\/\/agora.xtec.cat\/ceiplacarpa\/wp-json\/wp\/v2\/posts"}],"about":[{"href":"https:\/\/agora.xtec.cat\/ceiplacarpa\/wp-json\/wp\/v2\/types\/post"}],"author":[{"embeddable":true,"href":"https:\/\/agora.xtec.cat\/ceiplacarpa\/wp-json\/wp\/v2\/users\/8"}],"replies":[{"embeddable":true,"href":"https:\/\/agora.xtec.cat\/ceiplacarpa\/wp-json\/wp\/v2\/comments?post=3087"}],"version-history":[{"count":3,"href":"https:\/\/agora.xtec.cat\/ceiplacarpa\/wp-json\/wp\/v2\/posts\/3087\/revisions"}],"predecessor-version":[{"id":3174,"href":"https:\/\/agora.xtec.cat\/ceiplacarpa\/wp-json\/wp\/v2\/posts\/3087\/revisions\/3174"}],"wp:featuredmedia":[{"embeddable":true,"href":"https:\/\/agora.xtec.cat\/ceiplacarpa\/wp-json\/wp\/v2\/media\/3099"}],"wp:attachment":[{"href":"https:\/\/agora.xtec.cat\/ceiplacarpa\/wp-json\/wp\/v2\/media?parent=3087"}],"wp:term":[{"taxonomy":"category","embeddable":true,"href":"https:\/\/agora.xtec.cat\/ceiplacarpa\/wp-json\/wp\/v2\/categories?post=3087"},{"taxonomy":"post_tag","embeddable":true,"href":"https:\/\/agora.xtec.cat\/ceiplacarpa\/wp-json\/wp\/v2\/tags?post=3087"}],"curies":[{"name":"wp","href":"https:\/\/api.w.org\/{rel}","templated":true}]}}