{"id":2660,"date":"2020-02-27T13:00:16","date_gmt":"2020-02-27T12:00:16","guid":{"rendered":"http:\/\/agora.xtec.cat\/ceiplacarpa\/?p=2660"},"modified":"2020-02-27T13:00:22","modified_gmt":"2020-02-27T12:00:22","slug":"la-classe-de-musica-de-1r-2n-i-3r","status":"publish","type":"post","link":"https:\/\/agora.xtec.cat\/ceiplacarpa\/general\/la-classe-de-musica-de-1r-2n-i-3r\/","title":{"rendered":"La classe de m\u00fasica de 1r , 2n i 3r."},"content":{"rendered":"<p>La classe de m\u00fasica \u00e9s on fan m\u00fasica 1r,\u00a02n i 3r\u00a0.<\/p>\n<p>En\u00a0la classe de m\u00fasica \u00e9s on aprenen\u00a0m\u00fasica i a\u00a0\u00a0tocar\u00a0instruments el cicle inicial i 3r\u00a0.<\/p>\n<p>En\u00a0la classe de m\u00fasica no\u00a0hi ha\u00a0taules per fer\u00a0danses.<\/p>\n<p>A la classe de m\u00fasica: cantem, ballem i ens divertim.<\/p>\n<p>A aquesta aula es troba en el primer pis a la dreta, el\u00a0mateix\u00a0passad\u00eds\u00a0que 1r.<\/p>\n<p><a href=\"https:\/\/agora.xtec.cat\/ceiplacarpa\/wp-content\/uploads\/usu1915\/2020\/02\/musica-4.jpg\"><img loading=\"lazy\" decoding=\"async\" class=\"alignnone size-large wp-image-2816\" src=\"https:\/\/agora.xtec.cat\/ceiplacarpa\/wp-content\/uploads\/usu1915\/2020\/02\/musica-4-1024x768.jpg\" alt=\"\" width=\"1024\" height=\"768\" srcset=\"https:\/\/agora.xtec.cat\/ceiplacarpa\/wp-content\/uploads\/usu1915\/2020\/02\/musica-4-1024x768.jpg 1024w, https:\/\/agora.xtec.cat\/ceiplacarpa\/wp-content\/uploads\/usu1915\/2020\/02\/musica-4-300x225.jpg 300w, https:\/\/agora.xtec.cat\/ceiplacarpa\/wp-content\/uploads\/usu1915\/2020\/02\/musica-4-768x576.jpg 768w, https:\/\/agora.xtec.cat\/ceiplacarpa\/wp-content\/uploads\/usu1915\/2020\/02\/musica-4-200x150.jpg 200w\" sizes=\"auto, (max-width: 1024px) 100vw, 1024px\" \/><\/a><\/p>\n<p>Article\u00a0per: Martin, Pablo\u00a0i\u00a0<span class=\"hiddenSpellError\">Yassin<\/span>.<\/p>\n<p><span style=\"color: #ff6600;\"><em>Exercici d&#8217;inform\u00e0tica fet pels alumnes de 6\u00e8. La tasca en petit grup ha consistit en fer fotografies amb la tauleta, descarregar-les i anomenar-les, escriure la not\u00edcia i publicar-la al web. Finalment han generat un codi QR que enlla\u00e7a a la not\u00edcia per poder penjar-lo a l&#8217;espai corresponent.<\/em><\/span><\/p>\n","protected":false},"excerpt":{"rendered":"<p>La classe de m\u00fasica \u00e9s on fan m\u00fasica 1r,\u00a02n i 3r\u00a0. En\u00a0la classe de m\u00fasica \u00e9s on aprenen\u00a0m\u00fasica i a\u00a0\u00a0tocar\u00a0instruments el cicle inicial i 3r\u00a0. En\u00a0la classe de m\u00fasica no\u00a0hi ha\u00a0taules per fer\u00a0danses. A la classe de m\u00fasica: cantem, ballem i ens divertim. A aquesta aula es troba en el primer pis a la dreta, [&hellip;]<\/p>\n","protected":false},"author":14,"featured_media":0,"comment_status":"open","ping_status":"closed","sticky":false,"template":"","format":"standard","meta":{"_bbp_topic_count":0,"_bbp_reply_count":0,"_bbp_total_topic_count":0,"_bbp_total_reply_count":0,"_bbp_voice_count":0,"_bbp_anonymous_reply_count":0,"_bbp_topic_count_hidden":0,"_bbp_reply_count_hidden":0,"_bbp_forum_subforum_count":0,"site-sidebar-layout":"default","site-content-layout":"","ast-site-content-layout":"","site-content-style":"default","site-sidebar-style":"default","ast-global-header-display":"","ast-banner-title-visibility":"","ast-main-header-display":"","ast-hfb-above-header-display":"","ast-hfb-below-header-display":"","ast-hfb-mobile-header-display":"","site-post-title":"","ast-breadcrumbs-content":"","ast-featured-img":"","footer-sml-layout":"","theme-transparent-header-meta":"","adv-header-id-meta":"","stick-header-meta":"","header-above-stick-meta":"","header-main-stick-meta":"","header-below-stick-meta":"","astra-migrate-meta-layouts":"default","ast-page-background-enabled":"default","ast-page-background-meta":{"desktop":{"background-color":"var(--ast-global-color-4)","background-image":"","background-repeat":"repeat","background-position":"center center","background-size":"auto","background-attachment":"scroll","background-type":"","background-media":"","overlay-type":"","overlay-color":"","overlay-opacity":"","overlay-gradient":""},"tablet":{"background-color":"","background-image":"","background-repeat":"repeat","background-position":"center center","background-size":"auto","background-attachment":"scroll","background-type":"","background-media":"","overlay-type":"","overlay-color":"","overlay-opacity":"","overlay-gradient":""},"mobile":{"background-color":"","background-image":"","background-repeat":"repeat","background-position":"center center","background-size":"auto","background-attachment":"scroll","background-type":"","background-media":"","overlay-type":"","overlay-color":"","overlay-opacity":"","overlay-gradient":""}},"ast-content-background-meta":{"desktop":{"background-color":"var(--ast-global-color-5)","background-image":"","background-repeat":"repeat","background-position":"center center","background-size":"auto","background-attachment":"scroll","background-type":"","background-media":"","overlay-type":"","overlay-color":"","overlay-opacity":"","overlay-gradient":""},"tablet":{"background-color":"var(--ast-global-color-5)","background-image":"","background-repeat":"repeat","background-position":"center center","background-size":"auto","background-attachment":"scroll","background-type":"","background-media":"","overlay-type":"","overlay-color":"","overlay-opacity":"","overlay-gradient":""},"mobile":{"background-color":"var(--ast-global-color-5)","background-image":"","background-repeat":"repeat","background-position":"center center","background-size":"auto","background-attachment":"scroll","background-type":"","background-media":"","overlay-type":"","overlay-color":"","overlay-opacity":"","overlay-gradient":""}},"footnotes":""},"categories":[1],"tags":[149],"class_list":["post-2660","post","type-post","status-publish","format-standard","hentry","category-general","tag-visita-virtual-qr"],"post_mailing_queue_ids":[],"_links":{"self":[{"href":"https:\/\/agora.xtec.cat\/ceiplacarpa\/wp-json\/wp\/v2\/posts\/2660","targetHints":{"allow":["GET"]}}],"collection":[{"href":"https:\/\/agora.xtec.cat\/ceiplacarpa\/wp-json\/wp\/v2\/posts"}],"about":[{"href":"https:\/\/agora.xtec.cat\/ceiplacarpa\/wp-json\/wp\/v2\/types\/post"}],"author":[{"embeddable":true,"href":"https:\/\/agora.xtec.cat\/ceiplacarpa\/wp-json\/wp\/v2\/users\/14"}],"replies":[{"embeddable":true,"href":"https:\/\/agora.xtec.cat\/ceiplacarpa\/wp-json\/wp\/v2\/comments?post=2660"}],"version-history":[{"count":2,"href":"https:\/\/agora.xtec.cat\/ceiplacarpa\/wp-json\/wp\/v2\/posts\/2660\/revisions"}],"predecessor-version":[{"id":2819,"href":"https:\/\/agora.xtec.cat\/ceiplacarpa\/wp-json\/wp\/v2\/posts\/2660\/revisions\/2819"}],"wp:attachment":[{"href":"https:\/\/agora.xtec.cat\/ceiplacarpa\/wp-json\/wp\/v2\/media?parent=2660"}],"wp:term":[{"taxonomy":"category","embeddable":true,"href":"https:\/\/agora.xtec.cat\/ceiplacarpa\/wp-json\/wp\/v2\/categories?post=2660"},{"taxonomy":"post_tag","embeddable":true,"href":"https:\/\/agora.xtec.cat\/ceiplacarpa\/wp-json\/wp\/v2\/tags?post=2660"}],"curies":[{"name":"wp","href":"https:\/\/api.w.org\/{rel}","templated":true}]}}