{"id":29048,"date":"2026-04-24T12:28:38","date_gmt":"2026-04-24T10:28:38","guid":{"rendered":"https:\/\/agora.xtec.cat\/ceiplacanonja\/?p=29048"},"modified":"2026-04-24T12:29:03","modified_gmt":"2026-04-24T10:29:03","slug":"difusio-espectacle-caracolitos-amb-la-participacio-de-la-coral-canongina-escola-la-canonja","status":"publish","type":"post","link":"https:\/\/agora.xtec.cat\/ceiplacanonja\/general\/difusio-espectacle-caracolitos-amb-la-participacio-de-la-coral-canongina-escola-la-canonja\/","title":{"rendered":"DIFUSI\u00d3 ESPECTACLE &#8220;CARACOLITOS&#8221; &#8211; AMB LA PARTICIPACI\u00d3 DE LA CORAL CANONGINA (Escola La Canonja)."},"content":{"rendered":"<p data-pm-slice=\"1 1 []\">Benvolgudes fam\u00edlies,<\/p>\n<p>Us comuniquem que la &#8220;CORAL CANONGINA&#8221; de la nostra escola , aquest diumenge vinent, dia 26 d&#8217;abril, participar\u00e0 a l&#8217;ESPECTACLE: CARACOLITOS , a la Cripta de l&#8217;Ermita de Cambrils.<\/p>\n<p>Les entrades es poden comprar mitjan\u00e7ant el seg\u00fcent enlla\u00e7:\u00a0<a href=\"https:\/\/entradas.codetickets.com\/entradas\/joan-marcia\/85402\/ajuntament-cambrils\/online\" target=\"_blank\" rel=\"noreferrer noopener\">https:\/\/entradas.codetickets.com\/entradas\/joan-marcia\/85402\/ajuntament-cambrils\/online<\/a><\/p>\n<p>Adjunto el cartell.<\/p>\n<p><a href=\"https:\/\/agora.xtec.cat\/ceiplacanonja\/wp-content\/uploads\/usu1266\/2026\/04\/unnamed.jpg\"><img loading=\"lazy\" decoding=\"async\" class=\"alignnone size-large wp-image-29049\" src=\"https:\/\/agora.xtec.cat\/ceiplacanonja\/wp-content\/uploads\/usu1266\/2026\/04\/unnamed-691x1024.jpg\" alt=\"\" width=\"691\" height=\"1024\" srcset=\"https:\/\/agora.xtec.cat\/ceiplacanonja\/wp-content\/uploads\/usu1266\/2026\/04\/unnamed-691x1024.jpg 691w, https:\/\/agora.xtec.cat\/ceiplacanonja\/wp-content\/uploads\/usu1266\/2026\/04\/unnamed-203x300.jpg 203w, https:\/\/agora.xtec.cat\/ceiplacanonja\/wp-content\/uploads\/usu1266\/2026\/04\/unnamed-768x1138.jpg 768w, https:\/\/agora.xtec.cat\/ceiplacanonja\/wp-content\/uploads\/usu1266\/2026\/04\/unnamed-1037x1536.jpg 1037w, https:\/\/agora.xtec.cat\/ceiplacanonja\/wp-content\/uploads\/usu1266\/2026\/04\/unnamed.jpg 1080w\" sizes=\"auto, (max-width: 691px) 100vw, 691px\" \/><\/a><\/p>\n<p>Rebeu una salutaci\u00f3 cordial.<\/p>\n","protected":false},"excerpt":{"rendered":"<p>Benvolgudes fam\u00edlies, Us comuniquem que la &#8220;CORAL CANONGINA&#8221; de la nostra escola , aquest diumenge vinent, dia 26 d&#8217;abril, participar\u00e0 a l&#8217;ESPECTACLE: CARACOLITOS , a la Cripta de l&#8217;Ermita de Cambrils. Les entrades es poden comprar mitjan\u00e7ant el seg\u00fcent enlla\u00e7:\u00a0https:\/\/entradas.codetickets.com\/entradas\/joan-marcia\/85402\/ajuntament-cambrils\/online Adjunto el cartell. Rebeu una salutaci\u00f3 cordial.<\/p>\n","protected":false},"author":5,"featured_media":0,"comment_status":"closed","ping_status":"open","sticky":false,"template":"","format":"standard","meta":{"_bbp_topic_count":0,"_bbp_reply_count":0,"_bbp_total_topic_count":0,"_bbp_total_reply_count":0,"_bbp_voice_count":0,"_bbp_anonymous_reply_count":0,"_bbp_topic_count_hidden":0,"_bbp_reply_count_hidden":0,"_bbp_forum_subforum_count":0,"site-sidebar-layout":"default","site-content-layout":"","ast-site-content-layout":"default","site-content-style":"default","site-sidebar-style":"default","ast-global-header-display":"","ast-banner-title-visibility":"","ast-main-header-display":"","ast-hfb-above-header-display":"","ast-hfb-below-header-display":"","ast-hfb-mobile-header-display":"","site-post-title":"","ast-breadcrumbs-content":"","ast-featured-img":"","footer-sml-layout":"","theme-transparent-header-meta":"default","adv-header-id-meta":"","stick-header-meta":"","header-above-stick-meta":"","header-main-stick-meta":"","header-below-stick-meta":"","astra-migrate-meta-layouts":"set","ast-page-background-enabled":"default","ast-page-background-meta":{"desktop":{"background-color":"var(--ast-global-color-4)","background-image":"","background-repeat":"repeat","background-position":"center center","background-size":"auto","background-attachment":"scroll","background-type":"","background-media":"","overlay-type":"","overlay-color":"","overlay-opacity":"","overlay-gradient":""},"tablet":{"background-color":"","background-image":"","background-repeat":"repeat","background-position":"center center","background-size":"auto","background-attachment":"scroll","background-type":"","background-media":"","overlay-type":"","overlay-color":"","overlay-opacity":"","overlay-gradient":""},"mobile":{"background-color":"","background-image":"","background-repeat":"repeat","background-position":"center center","background-size":"auto","background-attachment":"scroll","background-type":"","background-media":"","overlay-type":"","overlay-color":"","overlay-opacity":"","overlay-gradient":""}},"ast-content-background-meta":{"desktop":{"background-color":"var(--ast-global-color-5)","background-image":"","background-repeat":"repeat","background-position":"center center","background-size":"auto","background-attachment":"scroll","background-type":"","background-media":"","overlay-type":"","overlay-color":"","overlay-opacity":"","overlay-gradient":""},"tablet":{"background-color":"var(--ast-global-color-5)","background-image":"","background-repeat":"repeat","background-position":"center center","background-size":"auto","background-attachment":"scroll","background-type":"","background-media":"","overlay-type":"","overlay-color":"","overlay-opacity":"","overlay-gradient":""},"mobile":{"background-color":"var(--ast-global-color-5)","background-image":"","background-repeat":"repeat","background-position":"center center","background-size":"auto","background-attachment":"scroll","background-type":"","background-media":"","overlay-type":"","overlay-color":"","overlay-opacity":"","overlay-gradient":""}},"footnotes":""},"categories":[1,74,4],"tags":[],"class_list":["post-29048","post","type-post","status-publish","format-standard","hentry","category-general","category-musica","category-portada"],"post_mailing_queue_ids":[],"_links":{"self":[{"href":"https:\/\/agora.xtec.cat\/ceiplacanonja\/wp-json\/wp\/v2\/posts\/29048","targetHints":{"allow":["GET"]}}],"collection":[{"href":"https:\/\/agora.xtec.cat\/ceiplacanonja\/wp-json\/wp\/v2\/posts"}],"about":[{"href":"https:\/\/agora.xtec.cat\/ceiplacanonja\/wp-json\/wp\/v2\/types\/post"}],"author":[{"embeddable":true,"href":"https:\/\/agora.xtec.cat\/ceiplacanonja\/wp-json\/wp\/v2\/users\/5"}],"replies":[{"embeddable":true,"href":"https:\/\/agora.xtec.cat\/ceiplacanonja\/wp-json\/wp\/v2\/comments?post=29048"}],"version-history":[{"count":1,"href":"https:\/\/agora.xtec.cat\/ceiplacanonja\/wp-json\/wp\/v2\/posts\/29048\/revisions"}],"predecessor-version":[{"id":29050,"href":"https:\/\/agora.xtec.cat\/ceiplacanonja\/wp-json\/wp\/v2\/posts\/29048\/revisions\/29050"}],"wp:attachment":[{"href":"https:\/\/agora.xtec.cat\/ceiplacanonja\/wp-json\/wp\/v2\/media?parent=29048"}],"wp:term":[{"taxonomy":"category","embeddable":true,"href":"https:\/\/agora.xtec.cat\/ceiplacanonja\/wp-json\/wp\/v2\/categories?post=29048"},{"taxonomy":"post_tag","embeddable":true,"href":"https:\/\/agora.xtec.cat\/ceiplacanonja\/wp-json\/wp\/v2\/tags?post=29048"}],"curies":[{"name":"wp","href":"https:\/\/api.w.org\/{rel}","templated":true}]}}