{"id":28730,"date":"2026-04-15T11:10:39","date_gmt":"2026-04-15T09:10:39","guid":{"rendered":"https:\/\/agora.xtec.cat\/ceiplacanonja\/?p=28730"},"modified":"2026-04-15T11:13:13","modified_gmt":"2026-04-15T09:13:13","slug":"%f0%9f%93%a3%f0%9f%93%a3%f0%9f%93%a3recordatori-punt-de-venda-gorres-afanoc-escola-la-canonja-campanya-les-escoles-es-posen-la-gorra-16-i-17-04-26%f0%9f%93%a3%f0%9f%93%a3%f0%9f%93%a3","status":"publish","type":"post","link":"https:\/\/agora.xtec.cat\/ceiplacanonja\/general\/%f0%9f%93%a3%f0%9f%93%a3%f0%9f%93%a3recordatori-punt-de-venda-gorres-afanoc-escola-la-canonja-campanya-les-escoles-es-posen-la-gorra-16-i-17-04-26%f0%9f%93%a3%f0%9f%93%a3%f0%9f%93%a3\/","title":{"rendered":"\ud83d\udce3\ud83d\udce3\ud83d\udce3RECORDATORI PUNT DE VENDA GORRES AFANOC &#8211; ESCOLA LA CANONJA &#8211; campanya &#8220;Les escoles es posen la gorra! = 16 i 17\/04\/26\ud83d\udce3\ud83d\udce3\ud83d\udce3"},"content":{"rendered":"<p>Benvolgudes fam\u00edlies,<\/p>\n<div>\n<div>\n<div>\n<div>\n<div>\n<div>\n<div>\n<div>\n<p>M&#8217;adre\u00e7o a vosaltres amb l&#8217;inter\u00e8s de fer recordatori&#8230;.<\/p>\n<p><strong>Dem\u00e0 dijous dia 16 i divendres dia 17 d&#8217;abril,\u00a0<u>muntarem un estand \u00a0de gorres solid\u00e0ries de l\u2019AFANOC a l&#8217;entrada principal de l&#8217;escola ,de 16:15 a 17h.<\/u><\/strong><\/p>\n<p>RECORDEU = La gorra\u00a0es pot adquirir per\u00a0<strong>8 euros<\/strong>\u00a0<strong>(talla\u00a0d&#8217;adult i d&#8217;infant).<\/strong><\/p>\n<p><a href=\"https:\/\/agora.xtec.cat\/ceiplacanonja\/wp-content\/uploads\/usu1266\/2026\/04\/8be369e7-d099-3334-77a9-b5483ddf015e-1-scaled.jpg\"><img loading=\"lazy\" decoding=\"async\" class=\"alignnone size-large wp-image-28732\" src=\"https:\/\/agora.xtec.cat\/ceiplacanonja\/wp-content\/uploads\/usu1266\/2026\/04\/8be369e7-d099-3334-77a9-b5483ddf015e-1-741x1024.jpg\" alt=\"\" width=\"741\" height=\"1024\" srcset=\"https:\/\/agora.xtec.cat\/ceiplacanonja\/wp-content\/uploads\/usu1266\/2026\/04\/8be369e7-d099-3334-77a9-b5483ddf015e-1-741x1024.jpg 741w, https:\/\/agora.xtec.cat\/ceiplacanonja\/wp-content\/uploads\/usu1266\/2026\/04\/8be369e7-d099-3334-77a9-b5483ddf015e-1-217x300.jpg 217w, https:\/\/agora.xtec.cat\/ceiplacanonja\/wp-content\/uploads\/usu1266\/2026\/04\/8be369e7-d099-3334-77a9-b5483ddf015e-1-768x1061.jpg 768w, https:\/\/agora.xtec.cat\/ceiplacanonja\/wp-content\/uploads\/usu1266\/2026\/04\/8be369e7-d099-3334-77a9-b5483ddf015e-1-1112x1536.jpg 1112w, https:\/\/agora.xtec.cat\/ceiplacanonja\/wp-content\/uploads\/usu1266\/2026\/04\/8be369e7-d099-3334-77a9-b5483ddf015e-1-1483x2048.jpg 1483w, https:\/\/agora.xtec.cat\/ceiplacanonja\/wp-content\/uploads\/usu1266\/2026\/04\/8be369e7-d099-3334-77a9-b5483ddf015e-1-scaled.jpg 1853w\" sizes=\"auto, (max-width: 741px) 100vw, 741px\" \/><\/a><\/p>\n<div>\n<p>US HI ESPEREM!!!<\/p>\n<\/div>\n<p>Rebeu una salutaci\u00f3 cordial,<\/p>\n<p><strong>ELISENDA VIRGILI I JOS\u00c9<\/strong><\/p>\n<p><strong>DIRECTORA ESCOLA LA CANONJA.<\/strong><\/p>\n<\/div>\n<\/div>\n<\/div>\n<\/div>\n<\/div>\n<\/div>\n<\/div>\n<\/div>\n","protected":false},"excerpt":{"rendered":"<p>Benvolgudes fam\u00edlies, M&#8217;adre\u00e7o a vosaltres amb l&#8217;inter\u00e8s de fer recordatori&#8230;. Dem\u00e0 dijous dia 16 i divendres dia 17 d&#8217;abril,\u00a0muntarem un estand \u00a0de gorres solid\u00e0ries de l\u2019AFANOC a l&#8217;entrada principal de l&#8217;escola ,de 16:15 a 17h. RECORDEU = La gorra\u00a0es pot adquirir per\u00a08 euros\u00a0(talla\u00a0d&#8217;adult i d&#8217;infant). US HI ESPEREM!!! Rebeu una salutaci\u00f3 cordial, ELISENDA VIRGILI I [&hellip;]<\/p>\n","protected":false},"author":5,"featured_media":28732,"comment_status":"closed","ping_status":"open","sticky":false,"template":"","format":"standard","meta":{"_bbp_topic_count":0,"_bbp_reply_count":0,"_bbp_total_topic_count":0,"_bbp_total_reply_count":0,"_bbp_voice_count":0,"_bbp_anonymous_reply_count":0,"_bbp_topic_count_hidden":0,"_bbp_reply_count_hidden":0,"_bbp_forum_subforum_count":0,"site-sidebar-layout":"default","site-content-layout":"","ast-site-content-layout":"default","site-content-style":"default","site-sidebar-style":"default","ast-global-header-display":"","ast-banner-title-visibility":"","ast-main-header-display":"","ast-hfb-above-header-display":"","ast-hfb-below-header-display":"","ast-hfb-mobile-header-display":"","site-post-title":"","ast-breadcrumbs-content":"","ast-featured-img":"","footer-sml-layout":"","theme-transparent-header-meta":"default","adv-header-id-meta":"","stick-header-meta":"","header-above-stick-meta":"","header-main-stick-meta":"","header-below-stick-meta":"","astra-migrate-meta-layouts":"set","ast-page-background-enabled":"default","ast-page-background-meta":{"desktop":{"background-color":"var(--ast-global-color-4)","background-image":"","background-repeat":"repeat","background-position":"center center","background-size":"auto","background-attachment":"scroll","background-type":"","background-media":"","overlay-type":"","overlay-color":"","overlay-opacity":"","overlay-gradient":""},"tablet":{"background-color":"","background-image":"","background-repeat":"repeat","background-position":"center center","background-size":"auto","background-attachment":"scroll","background-type":"","background-media":"","overlay-type":"","overlay-color":"","overlay-opacity":"","overlay-gradient":""},"mobile":{"background-color":"","background-image":"","background-repeat":"repeat","background-position":"center center","background-size":"auto","background-attachment":"scroll","background-type":"","background-media":"","overlay-type":"","overlay-color":"","overlay-opacity":"","overlay-gradient":""}},"ast-content-background-meta":{"desktop":{"background-color":"var(--ast-global-color-5)","background-image":"","background-repeat":"repeat","background-position":"center center","background-size":"auto","background-attachment":"scroll","background-type":"","background-media":"","overlay-type":"","overlay-color":"","overlay-opacity":"","overlay-gradient":""},"tablet":{"background-color":"var(--ast-global-color-5)","background-image":"","background-repeat":"repeat","background-position":"center center","background-size":"auto","background-attachment":"scroll","background-type":"","background-media":"","overlay-type":"","overlay-color":"","overlay-opacity":"","overlay-gradient":""},"mobile":{"background-color":"var(--ast-global-color-5)","background-image":"","background-repeat":"repeat","background-position":"center center","background-size":"auto","background-attachment":"scroll","background-type":"","background-media":"","overlay-type":"","overlay-color":"","overlay-opacity":"","overlay-gradient":""}},"footnotes":""},"categories":[61,62,63,1,2,4],"tags":[],"class_list":["post-28730","post","type-post","status-publish","format-standard","has-post-thumbnail","hentry","category-ci","category-cicle-mitja","category-cicle-superior","category-general","category-infantil","category-portada"],"post_mailing_queue_ids":[],"_links":{"self":[{"href":"https:\/\/agora.xtec.cat\/ceiplacanonja\/wp-json\/wp\/v2\/posts\/28730","targetHints":{"allow":["GET"]}}],"collection":[{"href":"https:\/\/agora.xtec.cat\/ceiplacanonja\/wp-json\/wp\/v2\/posts"}],"about":[{"href":"https:\/\/agora.xtec.cat\/ceiplacanonja\/wp-json\/wp\/v2\/types\/post"}],"author":[{"embeddable":true,"href":"https:\/\/agora.xtec.cat\/ceiplacanonja\/wp-json\/wp\/v2\/users\/5"}],"replies":[{"embeddable":true,"href":"https:\/\/agora.xtec.cat\/ceiplacanonja\/wp-json\/wp\/v2\/comments?post=28730"}],"version-history":[{"count":2,"href":"https:\/\/agora.xtec.cat\/ceiplacanonja\/wp-json\/wp\/v2\/posts\/28730\/revisions"}],"predecessor-version":[{"id":28733,"href":"https:\/\/agora.xtec.cat\/ceiplacanonja\/wp-json\/wp\/v2\/posts\/28730\/revisions\/28733"}],"wp:featuredmedia":[{"embeddable":true,"href":"https:\/\/agora.xtec.cat\/ceiplacanonja\/wp-json\/wp\/v2\/media\/28732"}],"wp:attachment":[{"href":"https:\/\/agora.xtec.cat\/ceiplacanonja\/wp-json\/wp\/v2\/media?parent=28730"}],"wp:term":[{"taxonomy":"category","embeddable":true,"href":"https:\/\/agora.xtec.cat\/ceiplacanonja\/wp-json\/wp\/v2\/categories?post=28730"},{"taxonomy":"post_tag","embeddable":true,"href":"https:\/\/agora.xtec.cat\/ceiplacanonja\/wp-json\/wp\/v2\/tags?post=28730"}],"curies":[{"name":"wp","href":"https:\/\/api.w.org\/{rel}","templated":true}]}}