{"id":28686,"date":"2026-04-13T09:07:52","date_gmt":"2026-04-13T07:07:52","guid":{"rendered":"https:\/\/agora.xtec.cat\/ceiplacanonja\/?p=28686"},"modified":"2026-04-12T14:10:36","modified_gmt":"2026-04-12T12:10:36","slug":"%f0%9f%93%a3%f0%9f%93%a3%f0%9f%93%a3punt-de-venda-gorres-afanoc-associacio-de-nens-amb-cancer-a-tarragona-escola-la-canonja-campanya-les-escoles-es-posen-la-gorra%f0%9f%93%a3%f0%9f%93%a3","status":"publish","type":"post","link":"https:\/\/agora.xtec.cat\/ceiplacanonja\/general\/%f0%9f%93%a3%f0%9f%93%a3%f0%9f%93%a3punt-de-venda-gorres-afanoc-associacio-de-nens-amb-cancer-a-tarragona-escola-la-canonja-campanya-les-escoles-es-posen-la-gorra%f0%9f%93%a3%f0%9f%93%a3\/","title":{"rendered":"\ud83d\udce3\ud83d\udce3\ud83d\udce3PUNT DE VENDA GORRES AFANOC (Associaci\u00f3 de Nens amb C\u00e0ncer a Tarragona ) &#8211; ESCOLA LA CANONJA &#8211; campanya &#8220;Les escoles es posen la gorra!\ud83d\udce3\ud83d\udce3\ud83d\udce3"},"content":{"rendered":"<p data-v-fc8a7608=\"\"><b data-v-fc8a7608=\"\">PUNT DE VENDA GORRES AFANOC (Associaci\u00f3 de Nens amb C\u00e0ncer a Tarragona ) &#8211; ESCOLA LA CANONJA &#8211; campanya &#8220;Les escoles es posen la gorra!<\/b><\/p>\n<div data-v-fc8a7608=\"\">\n<div class=\"rich-text-editor position-relative message-body\" data-v-4a6d1098=\"\" data-v-fc8a7608=\"\">\n<div class=\"editor message-body disabled\" spellcheck=\"false\" data-v-4a6d1098=\"\">\n<div id=\"uid-15634-editor\" class=\"tiptap ProseMirror ProseMirror-focused\" tabindex=\"-1\" role=\"textbox\" contenteditable=\"false\" translate=\"no\" aria-multiline=\"true\">\n<p>Benvolgudes fam\u00edlies,<\/p>\n<div>\n<div>\n<div>\n<div>\n<p>M&#8217;adre\u00e7o a vosaltres amb l&#8217;inter\u00e8s d&#8217;explicar que enguany, per sis\u00e8 any consecutiu posen en marxa <strong>la campanya &#8220;Les escoles es posen la gorra!&#8221;<\/strong>, una campanya de sensibilitzaci\u00f3 pr\u00e8via a la festa que celebraran el diumenge 7 de juny al Camp de Mart de Tarragona.<\/p>\n<p>Amb la gorra hi podreu accedir lliurement i gaudir de les actuacions i dels tallers! M\u00e9s endavant us farem arribar tots els detalls de la festa, per\u00f2 ja des d\u2019ara, us convidem a participar-hi.<\/p>\n<p><strong>La gorra, el s\u00edmbol de l\u2019AFANOC, arriba als seus 25 anys d\u2019exist\u00e8ncia&#8230;<\/strong><\/p>\n<p><a href=\"https:\/\/click.mailchimp.com\/track\/click\/30010842\/afanoc.org?p=eyJzIjoiWk9Za1M2dVhTaVNRcVQxalYxUEg3OU40RkVVIiwidiI6MiwicCI6IntcInVcIjozMDAxMDg0MixcInZcIjoyLFwidXJsXCI6XCJodHRwczpcXFwvXFxcL2FmYW5vYy5vcmdcXFwvcG9zYXQtbGEtZ29ycmFcXFwvXCIsXCJpZFwiOlwiMWVmMGZkMzUzNDk0NDNjM2ExYzMxMTYxMzdmY2M3ZmFcIixcInVybF9pZHNcIjpbXCIyNGYzZWM0MGM1M2FiNzZiYTE3MjkzMDkyZjRhMjQ0MTlkMjc3NDA3XCJdLFwibXNnX3RzXCI6MTc2OTQ0NjI2NX0ifQ\" target=\"_blank\" rel=\"noreferrer noopener\"><strong><u>\u201cAcompanyem-nos\u201d<\/u><\/strong><\/a><a href=\"https:\/\/click.mailchimp.com\/track\/click\/30010842\/afanoc.org?p=eyJzIjoiWk9Za1M2dVhTaVNRcVQxalYxUEg3OU40RkVVIiwidiI6MiwicCI6IntcInVcIjozMDAxMDg0MixcInZcIjoyLFwidXJsXCI6XCJodHRwczpcXFwvXFxcL2FmYW5vYy5vcmdcXFwvcG9zYXQtbGEtZ29ycmFcXFwvXCIsXCJpZFwiOlwiMWVmMGZkMzUzNDk0NDNjM2ExYzMxMTYxMzdmY2M3ZmFcIixcInVybF9pZHNcIjpbXCIyNGYzZWM0MGM1M2FiNzZiYTE3MjkzMDkyZjRhMjQ0MTlkMjc3NDA3XCJdLFwibXNnX3RzXCI6MTc2OTQ0NjI2NX0ifQ\" target=\"_blank\" rel=\"noreferrer noopener\"><u>\u00a0<\/u><\/a>\u00e9s el missatge que la gorra llen\u00e7a per aquest 25\u00e8 aniversari, per <strong>posar en valor la tasca conjunta de tots els agents que intervenen en el cam\u00ed que s&#8217;inicia amb el diagn\u00f2stic del c\u00e0ncer infantil <\/strong>i en la necessitat d&#8217;anar plegats en aquest acompanyament.<\/p>\n<p>Enguany, la gorra ha estat dissenyada per <a href=\"https:\/\/click.mailchimp.com\/track\/click\/30010842\/afanoc.org?p=eyJzIjoiZGlyeXFBaC1ONGY3MXpRRWdQYkZ2QnZYQ1dFIiwidiI6MiwicCI6IntcInVcIjozMDAxMDg0MixcInZcIjoyLFwidXJsXCI6XCJodHRwczpcXFwvXFxcL2FmYW5vYy5vcmdcXFwvYmxvZ1xcXC9saWxsdXN0cmFkb3ItY2F0YWxhLWpvYW4tdHVydS1zaWduYS1sYS1nb3JyYS1kZWwtMjVlLWFuaXZlcnNhcmlcXFwvXCIsXCJpZFwiOlwiMWVmMGZkMzUzNDk0NDNjM2ExYzMxMTYxMzdmY2M3ZmFcIixcInVybF9pZHNcIjpbXCJhYWM0MDQyM2Y5OTE1MmNhM2EzZTA5MWUxMDhiYmNlYmQ1NGUyNGM4XCJdLFwibXNnX3RzXCI6MTc2OTQ0NjI2NX0ifQ\" target=\"_blank\" rel=\"noreferrer noopener\"><u>Joan Turu,<\/u><\/a><strong>\u00a0reconegut artista catal\u00e0 <\/strong>comprom\u00e8s amb <strong>l\u2019educaci\u00f3, els valors humans i la transformaci\u00f3 social.<\/strong>\u00a0En els seus treballs s&#8217;hi troben m\u00faltiples refer\u00e8ncies a\u00a0l\u2019estima, la complicitat i l&#8217;acompanyament.<br \/>\nLa gorra\u00a0es pot adquirir per <strong>8 euros<\/strong> <strong>(talla\u00a0d&#8217;adult i d&#8217;infant).<\/strong><\/p>\n<p>Des d\u2019ara, la campanya de la gorra compta amb un <a href=\"https:\/\/click.mailchimp.com\/track\/click\/30010842\/www.youtube.com?p=eyJzIjoiTDE4OUUteWFxelBTeUtPMEhQZU5BRVNIQXBvIiwidiI6MiwicCI6IntcInVcIjozMDAxMDg0MixcInZcIjoyLFwidXJsXCI6XCJodHRwczpcXFwvXFxcL3d3dy55b3V0dWJlLmNvbVxcXC93YXRjaD92PVN1cEc0TFc4bHg4Jmxpc3Q9UExJb1JPcVRmOTNZTDVQbnNPVFhROC1jZ1g4eG9EOEVLNiZpbmRleD01NFwiLFwiaWRcIjpcIjFlZjBmZDM1MzQ5NDQzYzNhMWMzMTE2MTM3ZmNjN2ZhXCIsXCJ1cmxfaWRzXCI6W1wiNzc0Zjc0MTJkMWEzNjlkMWMwNGFiMGJiOTY0NjE0Y2Q1NWU3ZTI5NFwiXSxcIm1zZ190c1wiOjE3Njk0NDYyNjV9In0\" target=\"_blank\" rel=\"noreferrer noopener\"><strong><u>himne propi<\/u><\/strong><\/a>. Creat pel <strong>grup musical Xiula<\/strong>, tracta amb delicadesa, respecte, amor i molta pedagogia el que significa posar-se la gorra i perqu\u00e8 cal fer-ho. <strong>Posem-nos la gorra i acompanyem-nos!<\/strong><\/p>\n<p><strong>Us certifico que l&#8217;ESCOLA LA CANONJA, participa en la campanya adquirint 250 gorres solid\u00e0ries (100 talla adult + 150 talla infant , fins els 6-7 anys&#8230;.!<\/strong><br \/>\n<br class=\"ProseMirror-trailingBreak\" \/><\/p>\n<p><strong><u>Qu\u00e8 farem amb aquestes 250 gorres?<\/u><\/strong><\/p>\n<div>\n<p><strong><u>Muntarem un estand \u00a0de gorres solid\u00e0ries de l\u2019AFANOC a l&#8217;entrada principal de l&#8217;escola , el proper dijous dia 16 d&#8217;abril i el divendres dia 17 d&#8217;abril de 16:15 a 17h.<\/u><\/strong><\/p>\n<p>US HI ESPEREM!!!<\/p>\n<\/div>\n<p>Rebeu una salutaci\u00f3 cordial,<\/p>\n<\/div>\n<\/div>\n<\/div>\n<\/div>\n<\/div>\n<\/div>\n<\/div>\n<\/div>\n","protected":false},"excerpt":{"rendered":"<p>PUNT DE VENDA GORRES AFANOC (Associaci\u00f3 de Nens amb C\u00e0ncer a Tarragona ) &#8211; ESCOLA LA CANONJA &#8211; campanya &#8220;Les escoles es posen la gorra! Benvolgudes fam\u00edlies, M&#8217;adre\u00e7o a vosaltres amb l&#8217;inter\u00e8s d&#8217;explicar que enguany, per sis\u00e8 any consecutiu posen en marxa la campanya &#8220;Les escoles es posen la gorra!&#8221;, una campanya de sensibilitzaci\u00f3 pr\u00e8via [&hellip;]<\/p>\n","protected":false},"author":5,"featured_media":28687,"comment_status":"closed","ping_status":"open","sticky":false,"template":"","format":"standard","meta":{"_bbp_topic_count":0,"_bbp_reply_count":0,"_bbp_total_topic_count":0,"_bbp_total_reply_count":0,"_bbp_voice_count":0,"_bbp_anonymous_reply_count":0,"_bbp_topic_count_hidden":0,"_bbp_reply_count_hidden":0,"_bbp_forum_subforum_count":0,"site-sidebar-layout":"default","site-content-layout":"","ast-site-content-layout":"default","site-content-style":"default","site-sidebar-style":"default","ast-global-header-display":"","ast-banner-title-visibility":"","ast-main-header-display":"","ast-hfb-above-header-display":"","ast-hfb-below-header-display":"","ast-hfb-mobile-header-display":"","site-post-title":"","ast-breadcrumbs-content":"","ast-featured-img":"","footer-sml-layout":"","theme-transparent-header-meta":"default","adv-header-id-meta":"","stick-header-meta":"","header-above-stick-meta":"","header-main-stick-meta":"","header-below-stick-meta":"","astra-migrate-meta-layouts":"set","ast-page-background-enabled":"default","ast-page-background-meta":{"desktop":{"background-color":"var(--ast-global-color-4)","background-image":"","background-repeat":"repeat","background-position":"center center","background-size":"auto","background-attachment":"scroll","background-type":"","background-media":"","overlay-type":"","overlay-color":"","overlay-opacity":"","overlay-gradient":""},"tablet":{"background-color":"","background-image":"","background-repeat":"repeat","background-position":"center center","background-size":"auto","background-attachment":"scroll","background-type":"","background-media":"","overlay-type":"","overlay-color":"","overlay-opacity":"","overlay-gradient":""},"mobile":{"background-color":"","background-image":"","background-repeat":"repeat","background-position":"center center","background-size":"auto","background-attachment":"scroll","background-type":"","background-media":"","overlay-type":"","overlay-color":"","overlay-opacity":"","overlay-gradient":""}},"ast-content-background-meta":{"desktop":{"background-color":"var(--ast-global-color-5)","background-image":"","background-repeat":"repeat","background-position":"center center","background-size":"auto","background-attachment":"scroll","background-type":"","background-media":"","overlay-type":"","overlay-color":"","overlay-opacity":"","overlay-gradient":""},"tablet":{"background-color":"var(--ast-global-color-5)","background-image":"","background-repeat":"repeat","background-position":"center center","background-size":"auto","background-attachment":"scroll","background-type":"","background-media":"","overlay-type":"","overlay-color":"","overlay-opacity":"","overlay-gradient":""},"mobile":{"background-color":"var(--ast-global-color-5)","background-image":"","background-repeat":"repeat","background-position":"center center","background-size":"auto","background-attachment":"scroll","background-type":"","background-media":"","overlay-type":"","overlay-color":"","overlay-opacity":"","overlay-gradient":""}},"footnotes":""},"categories":[61,62,63,1,2,4],"tags":[],"class_list":["post-28686","post","type-post","status-publish","format-standard","has-post-thumbnail","hentry","category-ci","category-cicle-mitja","category-cicle-superior","category-general","category-infantil","category-portada"],"post_mailing_queue_ids":[],"_links":{"self":[{"href":"https:\/\/agora.xtec.cat\/ceiplacanonja\/wp-json\/wp\/v2\/posts\/28686","targetHints":{"allow":["GET"]}}],"collection":[{"href":"https:\/\/agora.xtec.cat\/ceiplacanonja\/wp-json\/wp\/v2\/posts"}],"about":[{"href":"https:\/\/agora.xtec.cat\/ceiplacanonja\/wp-json\/wp\/v2\/types\/post"}],"author":[{"embeddable":true,"href":"https:\/\/agora.xtec.cat\/ceiplacanonja\/wp-json\/wp\/v2\/users\/5"}],"replies":[{"embeddable":true,"href":"https:\/\/agora.xtec.cat\/ceiplacanonja\/wp-json\/wp\/v2\/comments?post=28686"}],"version-history":[{"count":1,"href":"https:\/\/agora.xtec.cat\/ceiplacanonja\/wp-json\/wp\/v2\/posts\/28686\/revisions"}],"predecessor-version":[{"id":28688,"href":"https:\/\/agora.xtec.cat\/ceiplacanonja\/wp-json\/wp\/v2\/posts\/28686\/revisions\/28688"}],"wp:featuredmedia":[{"embeddable":true,"href":"https:\/\/agora.xtec.cat\/ceiplacanonja\/wp-json\/wp\/v2\/media\/28687"}],"wp:attachment":[{"href":"https:\/\/agora.xtec.cat\/ceiplacanonja\/wp-json\/wp\/v2\/media?parent=28686"}],"wp:term":[{"taxonomy":"category","embeddable":true,"href":"https:\/\/agora.xtec.cat\/ceiplacanonja\/wp-json\/wp\/v2\/categories?post=28686"},{"taxonomy":"post_tag","embeddable":true,"href":"https:\/\/agora.xtec.cat\/ceiplacanonja\/wp-json\/wp\/v2\/tags?post=28686"}],"curies":[{"name":"wp","href":"https:\/\/api.w.org\/{rel}","templated":true}]}}