{"id":28683,"date":"2026-04-13T10:04:46","date_gmt":"2026-04-13T08:04:46","guid":{"rendered":"https:\/\/agora.xtec.cat\/ceiplacanonja\/?p=28683"},"modified":"2026-04-12T14:07:33","modified_gmt":"2026-04-12T12:07:33","slug":"%f0%9f%93%a3%f0%9f%93%a3%f0%9f%93%a3important-recordatori-recollida-de-piles-ultima-setmana-13-17-04-26%f0%9f%93%a3%f0%9f%93%a3%f0%9f%93%a3","status":"publish","type":"post","link":"https:\/\/agora.xtec.cat\/ceiplacanonja\/general\/%f0%9f%93%a3%f0%9f%93%a3%f0%9f%93%a3important-recordatori-recollida-de-piles-ultima-setmana-13-17-04-26%f0%9f%93%a3%f0%9f%93%a3%f0%9f%93%a3\/","title":{"rendered":"\ud83d\udce3\ud83d\udce3\ud83d\udce3IMPORTANT! RECORDATORI! &#8211; RECOLLIDA DE PILES (\u00daLTIMA SETMANA 13-17\/04\/26)\ud83d\udce3\ud83d\udce3\ud83d\udce3"},"content":{"rendered":"<p><a href=\"https:\/\/agora.xtec.cat\/ceiplacanonja\/wp-content\/uploads\/usu1266\/2026\/04\/logo.png\"><img loading=\"lazy\" decoding=\"async\" class=\"alignnone size-full wp-image-28684\" src=\"https:\/\/agora.xtec.cat\/ceiplacanonja\/wp-content\/uploads\/usu1266\/2026\/04\/logo.png\" alt=\"\" width=\"260\" height=\"117\" \/><\/a><\/p>\n<p data-v-fc8a7608=\"\"><b data-v-fc8a7608=\"\">RECORDATORI: FINALITZA EL TERMINI PER RECOLLIR PILES (CONCURS DE RECOLLIDA DE PILES: \u201cLES PILES, A L\u2019APILO DE L\u2019ESCOLA\u201d)<\/b><\/p>\n<div data-v-fc8a7608=\"\">\n<div class=\"rich-text-editor position-relative message-body\" data-v-4a6d1098=\"\" data-v-fc8a7608=\"\">\n<div class=\"editor message-body disabled\" spellcheck=\"false\" data-v-4a6d1098=\"\">\n<div id=\"uid-14745-editor\" class=\"tiptap ProseMirror ProseMirror-focused\" tabindex=\"-1\" role=\"textbox\" contenteditable=\"false\" translate=\"no\" aria-multiline=\"true\">\n<p>Benvolgudes fam\u00edlies,<\/p>\n<div>\n<div>\n<div>\n<div>\n<p>Ja us vam informar de que enguany l&#8217;escola La Canonja , participa a l&#8217;11a edici\u00f3 del CONCURS DE RECOLLIDA DE PILES: <strong>\u201cLES PILES, A L\u2019APILO DE L\u2019ESCOLA\u201d.<\/strong><\/p>\n<p><strong><u>Comunicar-vos que aquesta \u00e9s l&#8217;\u00faltima setmana per poder recollir les piles&#8230;<\/u><\/strong><\/p>\n<p>L\u2019objectiu del concurs \u00e9s <strong>recollir en el contenidor Apilo la m\u00e0xima quantitat de piles i acumuladors port\u00e0tils procedents de les fam\u00edlies dels alumnes durant la vig\u00e8ncia de l\u2019acci\u00f3 promocional<\/strong><\/p>\n<p><br class=\"ProseMirror-trailingBreak\" \/><\/p>\n<p><strong>Canongins i canongines&#8230;. necessitem comptar amb la vostra ajuda!!! Recollirem totes les vostres piles!!!!<\/strong><\/p>\n<p><strong>Salutacions,<\/strong><\/p>\n<\/div>\n<\/div>\n<\/div>\n<\/div>\n<\/div>\n<\/div>\n<\/div>\n<\/div>\n","protected":false},"excerpt":{"rendered":"<p>RECORDATORI: FINALITZA EL TERMINI PER RECOLLIR PILES (CONCURS DE RECOLLIDA DE PILES: \u201cLES PILES, A L\u2019APILO DE L\u2019ESCOLA\u201d) Benvolgudes fam\u00edlies, Ja us vam informar de que enguany l&#8217;escola La Canonja , participa a l&#8217;11a edici\u00f3 del CONCURS DE RECOLLIDA DE PILES: \u201cLES PILES, A L\u2019APILO DE L\u2019ESCOLA\u201d. Comunicar-vos que aquesta \u00e9s l&#8217;\u00faltima setmana per poder [&hellip;]<\/p>\n","protected":false},"author":5,"featured_media":28684,"comment_status":"closed","ping_status":"open","sticky":false,"template":"","format":"standard","meta":{"_bbp_topic_count":0,"_bbp_reply_count":0,"_bbp_total_topic_count":0,"_bbp_total_reply_count":0,"_bbp_voice_count":0,"_bbp_anonymous_reply_count":0,"_bbp_topic_count_hidden":0,"_bbp_reply_count_hidden":0,"_bbp_forum_subforum_count":0,"site-sidebar-layout":"default","site-content-layout":"","ast-site-content-layout":"default","site-content-style":"default","site-sidebar-style":"default","ast-global-header-display":"","ast-banner-title-visibility":"","ast-main-header-display":"","ast-hfb-above-header-display":"","ast-hfb-below-header-display":"","ast-hfb-mobile-header-display":"","site-post-title":"","ast-breadcrumbs-content":"","ast-featured-img":"","footer-sml-layout":"","theme-transparent-header-meta":"default","adv-header-id-meta":"","stick-header-meta":"","header-above-stick-meta":"","header-main-stick-meta":"","header-below-stick-meta":"","astra-migrate-meta-layouts":"set","ast-page-background-enabled":"default","ast-page-background-meta":{"desktop":{"background-color":"var(--ast-global-color-4)","background-image":"","background-repeat":"repeat","background-position":"center center","background-size":"auto","background-attachment":"scroll","background-type":"","background-media":"","overlay-type":"","overlay-color":"","overlay-opacity":"","overlay-gradient":""},"tablet":{"background-color":"","background-image":"","background-repeat":"repeat","background-position":"center center","background-size":"auto","background-attachment":"scroll","background-type":"","background-media":"","overlay-type":"","overlay-color":"","overlay-opacity":"","overlay-gradient":""},"mobile":{"background-color":"","background-image":"","background-repeat":"repeat","background-position":"center center","background-size":"auto","background-attachment":"scroll","background-type":"","background-media":"","overlay-type":"","overlay-color":"","overlay-opacity":"","overlay-gradient":""}},"ast-content-background-meta":{"desktop":{"background-color":"var(--ast-global-color-5)","background-image":"","background-repeat":"repeat","background-position":"center center","background-size":"auto","background-attachment":"scroll","background-type":"","background-media":"","overlay-type":"","overlay-color":"","overlay-opacity":"","overlay-gradient":""},"tablet":{"background-color":"var(--ast-global-color-5)","background-image":"","background-repeat":"repeat","background-position":"center center","background-size":"auto","background-attachment":"scroll","background-type":"","background-media":"","overlay-type":"","overlay-color":"","overlay-opacity":"","overlay-gradient":""},"mobile":{"background-color":"var(--ast-global-color-5)","background-image":"","background-repeat":"repeat","background-position":"center center","background-size":"auto","background-attachment":"scroll","background-type":"","background-media":"","overlay-type":"","overlay-color":"","overlay-opacity":"","overlay-gradient":""}},"footnotes":""},"categories":[61,62,63,1,2,4,90],"tags":[],"class_list":["post-28683","post","type-post","status-publish","format-standard","has-post-thumbnail","hentry","category-ci","category-cicle-mitja","category-cicle-superior","category-general","category-infantil","category-portada","category-som-escola-verda"],"post_mailing_queue_ids":[],"_links":{"self":[{"href":"https:\/\/agora.xtec.cat\/ceiplacanonja\/wp-json\/wp\/v2\/posts\/28683","targetHints":{"allow":["GET"]}}],"collection":[{"href":"https:\/\/agora.xtec.cat\/ceiplacanonja\/wp-json\/wp\/v2\/posts"}],"about":[{"href":"https:\/\/agora.xtec.cat\/ceiplacanonja\/wp-json\/wp\/v2\/types\/post"}],"author":[{"embeddable":true,"href":"https:\/\/agora.xtec.cat\/ceiplacanonja\/wp-json\/wp\/v2\/users\/5"}],"replies":[{"embeddable":true,"href":"https:\/\/agora.xtec.cat\/ceiplacanonja\/wp-json\/wp\/v2\/comments?post=28683"}],"version-history":[{"count":1,"href":"https:\/\/agora.xtec.cat\/ceiplacanonja\/wp-json\/wp\/v2\/posts\/28683\/revisions"}],"predecessor-version":[{"id":28685,"href":"https:\/\/agora.xtec.cat\/ceiplacanonja\/wp-json\/wp\/v2\/posts\/28683\/revisions\/28685"}],"wp:featuredmedia":[{"embeddable":true,"href":"https:\/\/agora.xtec.cat\/ceiplacanonja\/wp-json\/wp\/v2\/media\/28684"}],"wp:attachment":[{"href":"https:\/\/agora.xtec.cat\/ceiplacanonja\/wp-json\/wp\/v2\/media?parent=28683"}],"wp:term":[{"taxonomy":"category","embeddable":true,"href":"https:\/\/agora.xtec.cat\/ceiplacanonja\/wp-json\/wp\/v2\/categories?post=28683"},{"taxonomy":"post_tag","embeddable":true,"href":"https:\/\/agora.xtec.cat\/ceiplacanonja\/wp-json\/wp\/v2\/tags?post=28683"}],"curies":[{"name":"wp","href":"https:\/\/api.w.org\/{rel}","templated":true}]}}