{"id":28642,"date":"2026-04-07T14:01:19","date_gmt":"2026-04-07T12:01:19","guid":{"rendered":"https:\/\/agora.xtec.cat\/ceiplacanonja\/?p=28642"},"modified":"2026-04-07T15:11:13","modified_gmt":"2026-04-07T13:11:13","slug":"%f0%9f%93%a3%f0%9f%93%a3%f0%9f%93%a3important-recordatori-taller-xerrada-de-parentalitat-positiva-soaf-les-tic-com-acompanyar-els-les-fills-es-en-lera-digital-14-04-26%f0%9f%93%a3","status":"publish","type":"post","link":"https:\/\/agora.xtec.cat\/ceiplacanonja\/general\/%f0%9f%93%a3%f0%9f%93%a3%f0%9f%93%a3important-recordatori-taller-xerrada-de-parentalitat-positiva-soaf-les-tic-com-acompanyar-els-les-fills-es-en-lera-digital-14-04-26%f0%9f%93%a3\/","title":{"rendered":"\ud83d\udce3\ud83d\udce3\ud83d\udce3IMPORTANT! RECORDATORI! &#8211; TALLER \/ XERRADA DE PARENTALITAT POSITIVA (SOAF): &#8220;LES TIC: COM ACOMPANYAR ELS\/LES FILLS\/ES EN L&#8217;ERA DIGITAL?&#8221; = 14\/04\/26\ud83d\udce3\ud83d\udce3\ud83d\udce3"},"content":{"rendered":"<div data-pm-slice=\"2 3 [&quot;divBlock&quot;,{},&quot;divBlock&quot;,{},&quot;divBlock&quot;,{}]\">\n<p>Benvolgudes fam\u00edlies,<\/p>\n<p>M&#8217;adre\u00e7o a vosaltres amb l&#8217;objectiu de <strong>fer recordatori de l&#8217;activitat programada i adre\u00e7ada de manera gratu\u00efta a les fam\u00edlies, que es dur\u00e0 a terme el dimarts de la setmana vinent el dia 14 d&#8217;abril de 2026, a la biblioteca de l&#8217;escola a les 16:45h.<\/strong><\/p>\n<p>Des del SOAF, m&#8217;han confirmat , que tot i el baix nombre d&#8217;inscripcions duran a terme el taller.<\/p>\n<p><strong>Aquest taller t\u00e9 l\u2019objectiu d\u2019orientar i acompanyar a les fam\u00edlies en el cam\u00ed de la crian\u00e7a dels seus infants, es facilita un espai de reflexi\u00f3 per treballar conjuntament els dubtes i inquietuds que es generin durant l\u2019activitat.<\/strong><\/p>\n<div>\n<p>Destacar que el <strong>SOAF<\/strong> disposa d\u2019un <strong>servei de canguratge mentre duri el taller dirigit a infants de 3 a 12 anys. <\/strong>Aquesta iniciativa t\u00e9 com a objectiu proporcionar un entorn segur i estimulant on els infants puguin jugar i aprendre mentre els seus progenitors\/res o tutors\/res assisteixen al taller.<\/p>\n<p><strong>Inscripcions: <\/strong><a href=\"mailto:soaf@tarragones.cat\" target=\"_blank\" rel=\"noreferrer noopener\">mailto:soaf@tarragones.cat<\/a> (indicar nom i cognoms, nom de l\u2019Escola i el n\u00famero de fills que necessitaran canguratge) .<\/p>\n<p>Informaci\u00f3 concreta:<\/p>\n<p><strong>LES TIC: COM ACOMPANYAR ELS\/LES FILLS\/ES EN L&#8217;ERA DIGITAL?<\/strong><\/p>\n<p><strong>Data: <u>14 d&#8217;abril de 2026<\/u><\/strong><\/p>\n<p><strong>Lloc: Escola La Canonja (Biblioteca escolar)<\/strong><\/p>\n<p><strong>Horari: 16:45-18:15h<\/strong><\/p>\n<p>Adjunto el cartell .<\/p>\n<p><strong>Us hi esperem!<\/strong><\/p>\n<p>Rebeu una salutaci\u00f3 cordial,<\/p>\n<p><strong>ELISENDA VIRGILI I JOS\u00c9.<\/strong><\/p>\n<p><strong>DIRECTORA DE L&#8217;ESCOLA LA CANONJA.<\/strong><\/p>\n<\/div>\n<p><a href=\"https:\/\/agora.xtec.cat\/ceiplacanonja\/wp-content\/uploads\/usu1266\/2026\/04\/641179713_1433406105005131_6614282174561080818_n.jpg\"><img loading=\"lazy\" decoding=\"async\" class=\"alignnone size-large wp-image-28643\" src=\"https:\/\/agora.xtec.cat\/ceiplacanonja\/wp-content\/uploads\/usu1266\/2026\/04\/641179713_1433406105005131_6614282174561080818_n-724x1024.jpg\" alt=\"\" width=\"724\" height=\"1024\" srcset=\"https:\/\/agora.xtec.cat\/ceiplacanonja\/wp-content\/uploads\/usu1266\/2026\/04\/641179713_1433406105005131_6614282174561080818_n-724x1024.jpg 724w, https:\/\/agora.xtec.cat\/ceiplacanonja\/wp-content\/uploads\/usu1266\/2026\/04\/641179713_1433406105005131_6614282174561080818_n-212x300.jpg 212w, https:\/\/agora.xtec.cat\/ceiplacanonja\/wp-content\/uploads\/usu1266\/2026\/04\/641179713_1433406105005131_6614282174561080818_n-768x1086.jpg 768w, https:\/\/agora.xtec.cat\/ceiplacanonja\/wp-content\/uploads\/usu1266\/2026\/04\/641179713_1433406105005131_6614282174561080818_n-1086x1536.jpg 1086w, https:\/\/agora.xtec.cat\/ceiplacanonja\/wp-content\/uploads\/usu1266\/2026\/04\/641179713_1433406105005131_6614282174561080818_n.jpg 1448w\" sizes=\"auto, (max-width: 724px) 100vw, 724px\" \/><\/a><\/p>\n<\/div>\n","protected":false},"excerpt":{"rendered":"<p>Benvolgudes fam\u00edlies, M&#8217;adre\u00e7o a vosaltres amb l&#8217;objectiu de fer recordatori de l&#8217;activitat programada i adre\u00e7ada de manera gratu\u00efta a les fam\u00edlies, que es dur\u00e0 a terme el dimarts de la setmana vinent el dia 14 d&#8217;abril de 2026, a la biblioteca de l&#8217;escola a les 16:45h. Des del SOAF, m&#8217;han confirmat , que tot i [&hellip;]<\/p>\n","protected":false},"author":5,"featured_media":28643,"comment_status":"closed","ping_status":"open","sticky":false,"template":"","format":"standard","meta":{"_bbp_topic_count":0,"_bbp_reply_count":0,"_bbp_total_topic_count":0,"_bbp_total_reply_count":0,"_bbp_voice_count":0,"_bbp_anonymous_reply_count":0,"_bbp_topic_count_hidden":0,"_bbp_reply_count_hidden":0,"_bbp_forum_subforum_count":0,"site-sidebar-layout":"default","site-content-layout":"","ast-site-content-layout":"default","site-content-style":"default","site-sidebar-style":"default","ast-global-header-display":"","ast-banner-title-visibility":"","ast-main-header-display":"","ast-hfb-above-header-display":"","ast-hfb-below-header-display":"","ast-hfb-mobile-header-display":"","site-post-title":"","ast-breadcrumbs-content":"","ast-featured-img":"","footer-sml-layout":"","theme-transparent-header-meta":"default","adv-header-id-meta":"","stick-header-meta":"","header-above-stick-meta":"","header-main-stick-meta":"","header-below-stick-meta":"","astra-migrate-meta-layouts":"set","ast-page-background-enabled":"default","ast-page-background-meta":{"desktop":{"background-color":"var(--ast-global-color-4)","background-image":"","background-repeat":"repeat","background-position":"center center","background-size":"auto","background-attachment":"scroll","background-type":"","background-media":"","overlay-type":"","overlay-color":"","overlay-opacity":"","overlay-gradient":""},"tablet":{"background-color":"","background-image":"","background-repeat":"repeat","background-position":"center center","background-size":"auto","background-attachment":"scroll","background-type":"","background-media":"","overlay-type":"","overlay-color":"","overlay-opacity":"","overlay-gradient":""},"mobile":{"background-color":"","background-image":"","background-repeat":"repeat","background-position":"center center","background-size":"auto","background-attachment":"scroll","background-type":"","background-media":"","overlay-type":"","overlay-color":"","overlay-opacity":"","overlay-gradient":""}},"ast-content-background-meta":{"desktop":{"background-color":"var(--ast-global-color-5)","background-image":"","background-repeat":"repeat","background-position":"center center","background-size":"auto","background-attachment":"scroll","background-type":"","background-media":"","overlay-type":"","overlay-color":"","overlay-opacity":"","overlay-gradient":""},"tablet":{"background-color":"var(--ast-global-color-5)","background-image":"","background-repeat":"repeat","background-position":"center center","background-size":"auto","background-attachment":"scroll","background-type":"","background-media":"","overlay-type":"","overlay-color":"","overlay-opacity":"","overlay-gradient":""},"mobile":{"background-color":"var(--ast-global-color-5)","background-image":"","background-repeat":"repeat","background-position":"center center","background-size":"auto","background-attachment":"scroll","background-type":"","background-media":"","overlay-type":"","overlay-color":"","overlay-opacity":"","overlay-gradient":""}},"footnotes":""},"categories":[61,62,63,1,2,4],"tags":[],"class_list":["post-28642","post","type-post","status-publish","format-standard","has-post-thumbnail","hentry","category-ci","category-cicle-mitja","category-cicle-superior","category-general","category-infantil","category-portada"],"post_mailing_queue_ids":[],"_links":{"self":[{"href":"https:\/\/agora.xtec.cat\/ceiplacanonja\/wp-json\/wp\/v2\/posts\/28642","targetHints":{"allow":["GET"]}}],"collection":[{"href":"https:\/\/agora.xtec.cat\/ceiplacanonja\/wp-json\/wp\/v2\/posts"}],"about":[{"href":"https:\/\/agora.xtec.cat\/ceiplacanonja\/wp-json\/wp\/v2\/types\/post"}],"author":[{"embeddable":true,"href":"https:\/\/agora.xtec.cat\/ceiplacanonja\/wp-json\/wp\/v2\/users\/5"}],"replies":[{"embeddable":true,"href":"https:\/\/agora.xtec.cat\/ceiplacanonja\/wp-json\/wp\/v2\/comments?post=28642"}],"version-history":[{"count":1,"href":"https:\/\/agora.xtec.cat\/ceiplacanonja\/wp-json\/wp\/v2\/posts\/28642\/revisions"}],"predecessor-version":[{"id":28644,"href":"https:\/\/agora.xtec.cat\/ceiplacanonja\/wp-json\/wp\/v2\/posts\/28642\/revisions\/28644"}],"wp:featuredmedia":[{"embeddable":true,"href":"https:\/\/agora.xtec.cat\/ceiplacanonja\/wp-json\/wp\/v2\/media\/28643"}],"wp:attachment":[{"href":"https:\/\/agora.xtec.cat\/ceiplacanonja\/wp-json\/wp\/v2\/media?parent=28642"}],"wp:term":[{"taxonomy":"category","embeddable":true,"href":"https:\/\/agora.xtec.cat\/ceiplacanonja\/wp-json\/wp\/v2\/categories?post=28642"},{"taxonomy":"post_tag","embeddable":true,"href":"https:\/\/agora.xtec.cat\/ceiplacanonja\/wp-json\/wp\/v2\/tags?post=28642"}],"curies":[{"name":"wp","href":"https:\/\/api.w.org\/{rel}","templated":true}]}}