{"id":27220,"date":"2026-01-13T12:30:21","date_gmt":"2026-01-13T11:30:21","guid":{"rendered":"https:\/\/agora.xtec.cat\/ceiplacanonja\/?p=27220"},"modified":"2026-01-12T15:58:59","modified_gmt":"2026-01-12T14:58:59","slug":"les-families-protagonistes-a-laula-dacollida-aula-dacollida","status":"publish","type":"post","link":"https:\/\/agora.xtec.cat\/ceiplacanonja\/general\/les-families-protagonistes-a-laula-dacollida-aula-dacollida\/","title":{"rendered":"LES FAM\u00cdLIES, PROTAGONISTES A L&#8217;AULA D&#8217;ACOLLIDA &#8211; Aula d&#8217;acollida"},"content":{"rendered":"<p>A la nostra escola entenem que l\u2019aprenentatge de la llengua \u00e9s molt m\u00e9s ric quan es fa en comunitat. Per aquest motiu, les fam\u00edlies de l\u2019aula d\u2019acollida participen una vegada a la setmana durant dues hores en activitats d\u2019aprenentatge del catal\u00e0. Aquest espai compartit afavoreix la implicaci\u00f3 de les fam\u00edlies en el proc\u00e9s educatiu dels seus fills i filles, i refor\u00e7a el vincle entre escola i entorn familiar. Durant la primera hora, fam\u00edlies i alumnat comparteixen l\u2019aula, aprenent plegats i creant un clima de confian\u00e7a i col\u00b7laboraci\u00f3.<\/p>\n<p>En aquestes sessions treballem categories b\u00e0siques de vocabulari relacionades amb la vida quotidiana, aix\u00ed com la comprensi\u00f3 i l\u2019expressi\u00f3 oral, que \u00e9s sempre el primer pas en l\u2019aprenentatge de la llengua. Les fam\u00edlies i l\u2019alumnat aprenen a expressar-se en catal\u00e0 de manera natural, a trav\u00e9s de jocs, din\u00e0miques participatives, situacions comunicatives reals i activitats manipulatives.<\/p>\n<p>Aquest espai de trobada rep el nom de \u201cVeus en acci\u00f3\u201d. \u00c9s un espai de relaci\u00f3 i intercanvi, on fam\u00edlies i alumnat participen en sessions de nivell b\u00e0sic d\u2019aprenentatge del catal\u00e0, per\u00f2 tamb\u00e9 comparteixen viv\u00e8ncies, cultures i aprenentatges. \u201cVeus en acci\u00f3\u201d t\u00e9 com a objectiu donar veu a tothom i refor\u00e7ar la idea que la llengua \u00e9s una eina per comunicar-nos, entendre\u2019ns i cr\u00e9ixer junts com a comunitat educativa.<\/p>\n\r\n\t<div class=\"slideshow_container slideshow_container_style-light\" style=\"height: 350px; \" data-slideshow-id=\"27213\" data-style-name=\"style-light\" data-style-version=\"2.3.1\" >\r\n\r\n\t\t\t\t\t<div class=\"slideshow_loading_icon\"><\/div>\r\n\t\t\r\n\t\t<div class=\"slideshow_content\" style=\"display: none;\">\r\n\r\n\t\t\t<div class=\"slideshow_view\">\r\n\t\t\t\t<div class=\"slideshow_slide slideshow_slide_image\">\r\n\t\t\t\t\t\t\t\t\t\t\t<img src=\"https:\/\/agora.xtec.cat\/ceiplacanonja\/wp-content\/uploads\/usu1266\/2026\/01\/WhatsApp-Image-2026-01-12-at-13.25.54.jpeg\" alt=\"WhatsApp Image 2026-01-12 at 13.25.54\" width=\"1600\" height=\"1200\" \/>\r\n\t\t\t\t\t\t\t\t\t\t<div class=\"slideshow_description_box slideshow_transparent\">\r\n\t\t\t\t\t\t\t\t\t\t\t\t\t\t\t\t\t<\/div>\r\n\t\t\t\t<\/div>\r\n\r\n\t\t\t\t\t\t<div style=\"clear: both;\"><\/div><\/div><div class=\"slideshow_view\">\r\n\t\t\t\t<div class=\"slideshow_slide slideshow_slide_image\">\r\n\t\t\t\t\t\t\t\t\t\t\t<img src=\"https:\/\/agora.xtec.cat\/ceiplacanonja\/wp-content\/uploads\/usu1266\/2026\/01\/WhatsApp-Image-2026-01-12-at-13.25.54-1.jpeg\" alt=\"WhatsApp Image 2026-01-12 at 13.25.54 (1)\" width=\"1600\" height=\"1200\" \/>\r\n\t\t\t\t\t\t\t\t\t\t<div class=\"slideshow_description_box slideshow_transparent\">\r\n\t\t\t\t\t\t\t\t\t\t\t\t\t\t\t\t\t<\/div>\r\n\t\t\t\t<\/div>\r\n\r\n\t\t\t\t\t\t<div style=\"clear: both;\"><\/div><\/div><div class=\"slideshow_view\">\r\n\t\t\t\t<div class=\"slideshow_slide slideshow_slide_image\">\r\n\t\t\t\t\t\t\t\t\t\t\t<img src=\"https:\/\/agora.xtec.cat\/ceiplacanonja\/wp-content\/uploads\/usu1266\/2026\/01\/WhatsApp-Image-2026-01-12-at-13.25.54-2.jpeg\" alt=\"WhatsApp Image 2026-01-12 at 13.25.54 (2)\" width=\"1600\" height=\"1200\" \/>\r\n\t\t\t\t\t\t\t\t\t\t<div class=\"slideshow_description_box slideshow_transparent\">\r\n\t\t\t\t\t\t\t\t\t\t\t\t\t\t\t\t\t<\/div>\r\n\t\t\t\t<\/div>\r\n\r\n\t\t\t\t\t\t<div style=\"clear: both;\"><\/div><\/div><div class=\"slideshow_view\">\r\n\t\t\t\t<div class=\"slideshow_slide slideshow_slide_image\">\r\n\t\t\t\t\t\t\t\t\t\t\t<img src=\"https:\/\/agora.xtec.cat\/ceiplacanonja\/wp-content\/uploads\/usu1266\/2026\/01\/WhatsApp-Image-2026-01-12-at-13.25.54-3.jpeg\" alt=\"WhatsApp Image 2026-01-12 at 13.25.54 (3)\" width=\"1600\" height=\"1200\" \/>\r\n\t\t\t\t\t\t\t\t\t\t<div class=\"slideshow_description_box slideshow_transparent\">\r\n\t\t\t\t\t\t\t\t\t\t\t\t\t\t\t\t\t<\/div>\r\n\t\t\t\t<\/div>\r\n\r\n\t\t\t\t\t\t<div style=\"clear: both;\"><\/div><\/div><div class=\"slideshow_view\">\r\n\t\t\t\t<div class=\"slideshow_slide slideshow_slide_image\">\r\n\t\t\t\t\t\t\t\t\t\t\t<img src=\"https:\/\/agora.xtec.cat\/ceiplacanonja\/wp-content\/uploads\/usu1266\/2026\/01\/WhatsApp-Image-2026-01-12-at-13.25.54-4.jpeg\" alt=\"WhatsApp Image 2026-01-12 at 13.25.54 (4)\" width=\"1600\" height=\"1200\" \/>\r\n\t\t\t\t\t\t\t\t\t\t<div class=\"slideshow_description_box slideshow_transparent\">\r\n\t\t\t\t\t\t\t\t\t\t\t\t\t\t\t\t\t<\/div>\r\n\t\t\t\t<\/div>\r\n\r\n\t\t\t\t\t\t<div style=\"clear: both;\"><\/div><\/div><div class=\"slideshow_view\">\r\n\t\t\t\t<div class=\"slideshow_slide slideshow_slide_image\">\r\n\t\t\t\t\t\t\t\t\t\t\t<img src=\"https:\/\/agora.xtec.cat\/ceiplacanonja\/wp-content\/uploads\/usu1266\/2026\/01\/WhatsApp-Image-2026-01-12-at-13.25.54-5.jpeg\" alt=\"WhatsApp Image 2026-01-12 at 13.25.54 (5)\" width=\"1600\" height=\"1200\" \/>\r\n\t\t\t\t\t\t\t\t\t\t<div class=\"slideshow_description_box slideshow_transparent\">\r\n\t\t\t\t\t\t\t\t\t\t\t\t\t\t\t\t\t<\/div>\r\n\t\t\t\t<\/div>\r\n\r\n\t\t\t\t\t\t<div style=\"clear: both;\"><\/div><\/div>\r\n\t\t<\/div>\r\n\r\n\t\t<div class=\"slideshow_controlPanel slideshow_transparent\" style=\"display: none;\"><ul><li class=\"slideshow_togglePlay\" data-play-text=\"Visualitza\" data-pause-text=\"Pausa\"><\/li><\/ul><\/div>\r\n\r\n\t\t<div class=\"slideshow_button slideshow_previous slideshow_transparent\" role=\"button\" data-previous-text=\"Anterior\" style=\"display: none;\"><\/div>\r\n\t\t<div class=\"slideshow_button slideshow_next slideshow_transparent\" role=\"button\" data-next-text=\"Seg\u00fcent\" style=\"display: none;\"><\/div>\r\n\r\n\t\t<div class=\"slideshow_pagination\" style=\"display: none;\" data-go-to-text=\"V\u00e9s a la diapositiva\"><div class=\"slideshow_pagination_center\"><\/div><\/div>\r\n\r\n\t\t<!-- WordPress Slideshow Version 2.3.1 -->\r\n\r\n\t\t\t<\/div>\r\n\r\n\n","protected":false},"excerpt":{"rendered":"<p>A la nostra escola entenem que l\u2019aprenentatge de la llengua \u00e9s molt m\u00e9s ric quan es fa en comunitat. Per aquest motiu, les fam\u00edlies de l\u2019aula d\u2019acollida participen una vegada a la setmana durant dues hores en activitats d\u2019aprenentatge del catal\u00e0. Aquest espai compartit afavoreix la implicaci\u00f3 de les fam\u00edlies en el proc\u00e9s educatiu dels [&hellip;]<\/p>\n","protected":false},"author":24,"featured_media":27214,"comment_status":"closed","ping_status":"open","sticky":false,"template":"","format":"standard","meta":{"_bbp_topic_count":0,"_bbp_reply_count":0,"_bbp_total_topic_count":0,"_bbp_total_reply_count":0,"_bbp_voice_count":0,"_bbp_anonymous_reply_count":0,"_bbp_topic_count_hidden":0,"_bbp_reply_count_hidden":0,"_bbp_forum_subforum_count":0,"site-sidebar-layout":"default","site-content-layout":"","ast-site-content-layout":"default","site-content-style":"default","site-sidebar-style":"default","ast-global-header-display":"","ast-banner-title-visibility":"","ast-main-header-display":"","ast-hfb-above-header-display":"","ast-hfb-below-header-display":"","ast-hfb-mobile-header-display":"","site-post-title":"","ast-breadcrumbs-content":"","ast-featured-img":"","footer-sml-layout":"","theme-transparent-header-meta":"default","adv-header-id-meta":"","stick-header-meta":"","header-above-stick-meta":"","header-main-stick-meta":"","header-below-stick-meta":"","astra-migrate-meta-layouts":"set","ast-page-background-enabled":"default","ast-page-background-meta":{"desktop":{"background-color":"var(--ast-global-color-4)","background-image":"","background-repeat":"repeat","background-position":"center center","background-size":"auto","background-attachment":"scroll","background-type":"","background-media":"","overlay-type":"","overlay-color":"","overlay-opacity":"","overlay-gradient":""},"tablet":{"background-color":"","background-image":"","background-repeat":"repeat","background-position":"center center","background-size":"auto","background-attachment":"scroll","background-type":"","background-media":"","overlay-type":"","overlay-color":"","overlay-opacity":"","overlay-gradient":""},"mobile":{"background-color":"","background-image":"","background-repeat":"repeat","background-position":"center center","background-size":"auto","background-attachment":"scroll","background-type":"","background-media":"","overlay-type":"","overlay-color":"","overlay-opacity":"","overlay-gradient":""}},"ast-content-background-meta":{"desktop":{"background-color":"var(--ast-global-color-5)","background-image":"","background-repeat":"repeat","background-position":"center center","background-size":"auto","background-attachment":"scroll","background-type":"","background-media":"","overlay-type":"","overlay-color":"","overlay-opacity":"","overlay-gradient":""},"tablet":{"background-color":"var(--ast-global-color-5)","background-image":"","background-repeat":"repeat","background-position":"center center","background-size":"auto","background-attachment":"scroll","background-type":"","background-media":"","overlay-type":"","overlay-color":"","overlay-opacity":"","overlay-gradient":""},"mobile":{"background-color":"var(--ast-global-color-5)","background-image":"","background-repeat":"repeat","background-position":"center center","background-size":"auto","background-attachment":"scroll","background-type":"","background-media":"","overlay-type":"","overlay-color":"","overlay-opacity":"","overlay-gradient":""}},"footnotes":""},"categories":[144,61,62,63,72,1,4],"tags":[215,93,82,234],"class_list":["post-27220","post","type-post","status-publish","format-standard","has-post-thumbnail","hentry","category-aula-acollida","category-ci","category-cicle-mitja","category-cicle-superior","category-els-blocs-de-lescola","category-general","category-portada","tag-aula-dacollida","tag-cicle-mitja","tag-cicle-superior","tag-llengua-catalana"],"post_mailing_queue_ids":[],"_links":{"self":[{"href":"https:\/\/agora.xtec.cat\/ceiplacanonja\/wp-json\/wp\/v2\/posts\/27220","targetHints":{"allow":["GET"]}}],"collection":[{"href":"https:\/\/agora.xtec.cat\/ceiplacanonja\/wp-json\/wp\/v2\/posts"}],"about":[{"href":"https:\/\/agora.xtec.cat\/ceiplacanonja\/wp-json\/wp\/v2\/types\/post"}],"author":[{"embeddable":true,"href":"https:\/\/agora.xtec.cat\/ceiplacanonja\/wp-json\/wp\/v2\/users\/24"}],"replies":[{"embeddable":true,"href":"https:\/\/agora.xtec.cat\/ceiplacanonja\/wp-json\/wp\/v2\/comments?post=27220"}],"version-history":[{"count":2,"href":"https:\/\/agora.xtec.cat\/ceiplacanonja\/wp-json\/wp\/v2\/posts\/27220\/revisions"}],"predecessor-version":[{"id":27222,"href":"https:\/\/agora.xtec.cat\/ceiplacanonja\/wp-json\/wp\/v2\/posts\/27220\/revisions\/27222"}],"wp:featuredmedia":[{"embeddable":true,"href":"https:\/\/agora.xtec.cat\/ceiplacanonja\/wp-json\/wp\/v2\/media\/27214"}],"wp:attachment":[{"href":"https:\/\/agora.xtec.cat\/ceiplacanonja\/wp-json\/wp\/v2\/media?parent=27220"}],"wp:term":[{"taxonomy":"category","embeddable":true,"href":"https:\/\/agora.xtec.cat\/ceiplacanonja\/wp-json\/wp\/v2\/categories?post=27220"},{"taxonomy":"post_tag","embeddable":true,"href":"https:\/\/agora.xtec.cat\/ceiplacanonja\/wp-json\/wp\/v2\/tags?post=27220"}],"curies":[{"name":"wp","href":"https:\/\/api.w.org\/{rel}","templated":true}]}}