{"id":27210,"date":"2026-01-12T12:19:17","date_gmt":"2026-01-12T11:19:17","guid":{"rendered":"https:\/\/agora.xtec.cat\/ceiplacanonja\/?p=27210"},"modified":"2026-01-12T12:19:17","modified_gmt":"2026-01-12T11:19:17","slug":"informacio-biblioteca-municipal-activitat-senallo-de-contes-mes-de-gener-2026","status":"publish","type":"post","link":"https:\/\/agora.xtec.cat\/ceiplacanonja\/general\/informacio-biblioteca-municipal-activitat-senallo-de-contes-mes-de-gener-2026\/","title":{"rendered":"INFORMACI\u00d3 BIBLIOTECA MUNICIPAL : ACTIVITAT SENALL\u00d3 DE CONTES MES DE GENER 2026"},"content":{"rendered":"<div class=\"xdj266r x14z9mp xat24cr x1lziwak x1vvkbs x126k92a\">\n<div dir=\"auto\"><img decoding=\"async\" src=\"https:\/\/static.xx.fbcdn.net\/images\/emoji.php\/v9\/tba\/1\/16\/1f4e3.png\" alt=\"\ud83d\udce3\" \/><img decoding=\"async\" src=\"https:\/\/static.xx.fbcdn.net\/images\/emoji.php\/v9\/tba\/1\/16\/1f4e3.png\" alt=\"\ud83d\udce3\" \/><img decoding=\"async\" src=\"https:\/\/static.xx.fbcdn.net\/images\/emoji.php\/v9\/tba\/1\/16\/1f4e3.png\" alt=\"\ud83d\udce3\" \/>INFORMACI\u00d3 BIBLIOTECA MUNICIPAL : ACTIVITAT SENALL\u00d3 DE CONTES MES DE GENER 2026<img decoding=\"async\" src=\"https:\/\/static.xx.fbcdn.net\/images\/emoji.php\/v9\/tba\/1\/16\/1f4e3.png\" alt=\"\ud83d\udce3\" \/><img decoding=\"async\" src=\"https:\/\/static.xx.fbcdn.net\/images\/emoji.php\/v9\/tba\/1\/16\/1f4e3.png\" alt=\"\ud83d\udce3\" \/><img decoding=\"async\" src=\"https:\/\/static.xx.fbcdn.net\/images\/emoji.php\/v9\/tba\/1\/16\/1f4e3.png\" alt=\"\ud83d\udce3\" \/><\/div>\n<\/div>\n<div dir=\"auto\"><\/div>\n<div class=\"x14z9mp xat24cr x1lziwak x1vvkbs xtlvy1s x126k92a\">\n<div dir=\"auto\">Benvolgudes fam\u00edlies,<\/div>\n<\/div>\n<div class=\"x14z9mp xat24cr x1lziwak x1vvkbs xtlvy1s x126k92a\">\n<div dir=\"auto\">Des de la Biblioteca Municipal, ens demanen poder fer difusi\u00f3 de l&#8217;activitat (SENALL\u00d3 DE CONTES) que es dur\u00e0 a terme dem\u00e0 dimarts dia 13 de gener a les 17h: CONTES DE FESTA MAJOR (a c\u00e0rrec d&#8217; Agus Farr\u00e9).<\/div>\n<\/div>\n<div class=\"x14z9mp xat24cr x1lziwak x1vvkbs xtlvy1s x126k92a\">\n<div dir=\"auto\">Adjunto cartell\/ infografia.<\/div>\n<div dir=\"auto\"><a href=\"https:\/\/agora.xtec.cat\/ceiplacanonja\/wp-content\/uploads\/usu1266\/2026\/01\/Senallo_Agus-Farre_gener26_page-0001.jpg\"><img loading=\"lazy\" decoding=\"async\" class=\"alignnone size-large wp-image-27211\" src=\"https:\/\/agora.xtec.cat\/ceiplacanonja\/wp-content\/uploads\/usu1266\/2026\/01\/Senallo_Agus-Farre_gener26_page-0001-725x1024.jpg\" alt=\"\" width=\"725\" height=\"1024\" srcset=\"https:\/\/agora.xtec.cat\/ceiplacanonja\/wp-content\/uploads\/usu1266\/2026\/01\/Senallo_Agus-Farre_gener26_page-0001-725x1024.jpg 725w, https:\/\/agora.xtec.cat\/ceiplacanonja\/wp-content\/uploads\/usu1266\/2026\/01\/Senallo_Agus-Farre_gener26_page-0001-212x300.jpg 212w, https:\/\/agora.xtec.cat\/ceiplacanonja\/wp-content\/uploads\/usu1266\/2026\/01\/Senallo_Agus-Farre_gener26_page-0001-768x1085.jpg 768w, https:\/\/agora.xtec.cat\/ceiplacanonja\/wp-content\/uploads\/usu1266\/2026\/01\/Senallo_Agus-Farre_gener26_page-0001-1087x1536.jpg 1087w, https:\/\/agora.xtec.cat\/ceiplacanonja\/wp-content\/uploads\/usu1266\/2026\/01\/Senallo_Agus-Farre_gener26_page-0001-1449x2048.jpg 1449w, https:\/\/agora.xtec.cat\/ceiplacanonja\/wp-content\/uploads\/usu1266\/2026\/01\/Senallo_Agus-Farre_gener26_page-0001.jpg 1755w\" sizes=\"auto, (max-width: 725px) 100vw, 725px\" \/><\/a><\/div>\n<\/div>\n<div dir=\"auto\"><\/div>\n<div class=\"x14z9mp xat24cr x1lziwak x1vvkbs xtlvy1s x126k92a\">\n<div dir=\"auto\">Salutacions,<\/div>\n<\/div>\n","protected":false},"excerpt":{"rendered":"<p>INFORMACI\u00d3 BIBLIOTECA MUNICIPAL : ACTIVITAT SENALL\u00d3 DE CONTES MES DE GENER 2026 Benvolgudes fam\u00edlies, Des de la Biblioteca Municipal, ens demanen poder fer difusi\u00f3 de l&#8217;activitat (SENALL\u00d3 DE CONTES) que es dur\u00e0 a terme dem\u00e0 dimarts dia 13 de gener a les 17h: CONTES DE FESTA MAJOR (a c\u00e0rrec d&#8217; Agus Farr\u00e9). Adjunto cartell\/ infografia. [&hellip;]<\/p>\n","protected":false},"author":5,"featured_media":27211,"comment_status":"closed","ping_status":"open","sticky":false,"template":"","format":"standard","meta":{"_bbp_topic_count":0,"_bbp_reply_count":0,"_bbp_total_topic_count":0,"_bbp_total_reply_count":0,"_bbp_voice_count":0,"_bbp_anonymous_reply_count":0,"_bbp_topic_count_hidden":0,"_bbp_reply_count_hidden":0,"_bbp_forum_subforum_count":0,"site-sidebar-layout":"default","site-content-layout":"","ast-site-content-layout":"default","site-content-style":"default","site-sidebar-style":"default","ast-global-header-display":"","ast-banner-title-visibility":"","ast-main-header-display":"","ast-hfb-above-header-display":"","ast-hfb-below-header-display":"","ast-hfb-mobile-header-display":"","site-post-title":"","ast-breadcrumbs-content":"","ast-featured-img":"","footer-sml-layout":"","theme-transparent-header-meta":"default","adv-header-id-meta":"","stick-header-meta":"","header-above-stick-meta":"","header-main-stick-meta":"","header-below-stick-meta":"","astra-migrate-meta-layouts":"set","ast-page-background-enabled":"default","ast-page-background-meta":{"desktop":{"background-color":"var(--ast-global-color-4)","background-image":"","background-repeat":"repeat","background-position":"center center","background-size":"auto","background-attachment":"scroll","background-type":"","background-media":"","overlay-type":"","overlay-color":"","overlay-opacity":"","overlay-gradient":""},"tablet":{"background-color":"","background-image":"","background-repeat":"repeat","background-position":"center center","background-size":"auto","background-attachment":"scroll","background-type":"","background-media":"","overlay-type":"","overlay-color":"","overlay-opacity":"","overlay-gradient":""},"mobile":{"background-color":"","background-image":"","background-repeat":"repeat","background-position":"center center","background-size":"auto","background-attachment":"scroll","background-type":"","background-media":"","overlay-type":"","overlay-color":"","overlay-opacity":"","overlay-gradient":""}},"ast-content-background-meta":{"desktop":{"background-color":"var(--ast-global-color-5)","background-image":"","background-repeat":"repeat","background-position":"center center","background-size":"auto","background-attachment":"scroll","background-type":"","background-media":"","overlay-type":"","overlay-color":"","overlay-opacity":"","overlay-gradient":""},"tablet":{"background-color":"var(--ast-global-color-5)","background-image":"","background-repeat":"repeat","background-position":"center center","background-size":"auto","background-attachment":"scroll","background-type":"","background-media":"","overlay-type":"","overlay-color":"","overlay-opacity":"","overlay-gradient":""},"mobile":{"background-color":"var(--ast-global-color-5)","background-image":"","background-repeat":"repeat","background-position":"center center","background-size":"auto","background-attachment":"scroll","background-type":"","background-media":"","overlay-type":"","overlay-color":"","overlay-opacity":"","overlay-gradient":""}},"footnotes":""},"categories":[175,1,4],"tags":[],"class_list":["post-27210","post","type-post","status-publish","format-standard","has-post-thumbnail","hentry","category-biblioteca","category-general","category-portada"],"post_mailing_queue_ids":[],"_links":{"self":[{"href":"https:\/\/agora.xtec.cat\/ceiplacanonja\/wp-json\/wp\/v2\/posts\/27210","targetHints":{"allow":["GET"]}}],"collection":[{"href":"https:\/\/agora.xtec.cat\/ceiplacanonja\/wp-json\/wp\/v2\/posts"}],"about":[{"href":"https:\/\/agora.xtec.cat\/ceiplacanonja\/wp-json\/wp\/v2\/types\/post"}],"author":[{"embeddable":true,"href":"https:\/\/agora.xtec.cat\/ceiplacanonja\/wp-json\/wp\/v2\/users\/5"}],"replies":[{"embeddable":true,"href":"https:\/\/agora.xtec.cat\/ceiplacanonja\/wp-json\/wp\/v2\/comments?post=27210"}],"version-history":[{"count":1,"href":"https:\/\/agora.xtec.cat\/ceiplacanonja\/wp-json\/wp\/v2\/posts\/27210\/revisions"}],"predecessor-version":[{"id":27212,"href":"https:\/\/agora.xtec.cat\/ceiplacanonja\/wp-json\/wp\/v2\/posts\/27210\/revisions\/27212"}],"wp:featuredmedia":[{"embeddable":true,"href":"https:\/\/agora.xtec.cat\/ceiplacanonja\/wp-json\/wp\/v2\/media\/27211"}],"wp:attachment":[{"href":"https:\/\/agora.xtec.cat\/ceiplacanonja\/wp-json\/wp\/v2\/media?parent=27210"}],"wp:term":[{"taxonomy":"category","embeddable":true,"href":"https:\/\/agora.xtec.cat\/ceiplacanonja\/wp-json\/wp\/v2\/categories?post=27210"},{"taxonomy":"post_tag","embeddable":true,"href":"https:\/\/agora.xtec.cat\/ceiplacanonja\/wp-json\/wp\/v2\/tags?post=27210"}],"curies":[{"name":"wp","href":"https:\/\/api.w.org\/{rel}","templated":true}]}}