{"id":23419,"date":"2025-03-14T09:38:37","date_gmt":"2025-03-14T08:38:37","guid":{"rendered":"https:\/\/agora.xtec.cat\/ceiplacanonja\/?p=23419"},"modified":"2025-03-14T09:38:37","modified_gmt":"2025-03-14T08:38:37","slug":"musica-projecte-sona-sona-musica-i-dones","status":"publish","type":"post","link":"https:\/\/agora.xtec.cat\/ceiplacanonja\/portada\/musica-projecte-sona-sona-musica-i-dones\/","title":{"rendered":"M\u00daSICA &#8211; PROJECTE SONA-SONA &#8211; M\u00fasica i dones"},"content":{"rendered":"<p>Durant les properes setmanes, els altaveus de l\u2019escola s\u2019ompliran de m\u00fasica amb veu de dona! Com a part del projecte <em data-start=\"117\" data-end=\"128\">Sona-Sona<\/em>, sonaran can\u00e7ons interpretades per dones que han deixat una empremta important en la hist\u00f2ria de la m\u00fasica. Des de veus ic\u00f2niques del passat fins a artistes actuals que continuen trencant motlles, descobrirem el poder i la diversitat de la m\u00fasica feta per dones. Can\u00e7ons d&#8217;estils molt diferents, per\u00f2 que al final tenen un objectiu com\u00fa; posar en valor all\u00f2 que pensen i senten les dones i recordar que ens hem de tenir m\u00e9s amor propi!<\/p>\n<p>Aquest projecte no nom\u00e9s ens permetr\u00e0 gaudir de grans can\u00e7ons, sin\u00f3 tamb\u00e9 con\u00e8ixer millor el llegat de totes aquestes artistes.<\/p>\n<p>Aqu\u00ed teniu la informaci\u00f3 de les m\u00fasiques que estan sonant:<\/p>\n<p><a href=\"https:\/\/agora.xtec.cat\/ceiplacanonja\/wp-content\/uploads\/usu1266\/2025\/03\/21.jpg\"><img loading=\"lazy\" decoding=\"async\" class=\"size-large wp-image-23420 aligncenter\" src=\"https:\/\/agora.xtec.cat\/ceiplacanonja\/wp-content\/uploads\/usu1266\/2025\/03\/21-724x1024.jpg\" alt=\"\" width=\"724\" height=\"1024\" srcset=\"https:\/\/agora.xtec.cat\/ceiplacanonja\/wp-content\/uploads\/usu1266\/2025\/03\/21-724x1024.jpg 724w, https:\/\/agora.xtec.cat\/ceiplacanonja\/wp-content\/uploads\/usu1266\/2025\/03\/21-212x300.jpg 212w, https:\/\/agora.xtec.cat\/ceiplacanonja\/wp-content\/uploads\/usu1266\/2025\/03\/21-768x1086.jpg 768w, https:\/\/agora.xtec.cat\/ceiplacanonja\/wp-content\/uploads\/usu1266\/2025\/03\/21-1086x1536.jpg 1086w, https:\/\/agora.xtec.cat\/ceiplacanonja\/wp-content\/uploads\/usu1266\/2025\/03\/21.jpg 1414w\" sizes=\"auto, (max-width: 724px) 100vw, 724px\" \/><\/a> <a href=\"https:\/\/agora.xtec.cat\/ceiplacanonja\/wp-content\/uploads\/usu1266\/2025\/03\/22.jpg\"><img loading=\"lazy\" decoding=\"async\" class=\"size-large wp-image-23421 aligncenter\" src=\"https:\/\/agora.xtec.cat\/ceiplacanonja\/wp-content\/uploads\/usu1266\/2025\/03\/22-724x1024.jpg\" alt=\"\" width=\"724\" height=\"1024\" srcset=\"https:\/\/agora.xtec.cat\/ceiplacanonja\/wp-content\/uploads\/usu1266\/2025\/03\/22-724x1024.jpg 724w, https:\/\/agora.xtec.cat\/ceiplacanonja\/wp-content\/uploads\/usu1266\/2025\/03\/22-212x300.jpg 212w, https:\/\/agora.xtec.cat\/ceiplacanonja\/wp-content\/uploads\/usu1266\/2025\/03\/22-768x1086.jpg 768w, https:\/\/agora.xtec.cat\/ceiplacanonja\/wp-content\/uploads\/usu1266\/2025\/03\/22-1086x1536.jpg 1086w, https:\/\/agora.xtec.cat\/ceiplacanonja\/wp-content\/uploads\/usu1266\/2025\/03\/22.jpg 1414w\" sizes=\"auto, (max-width: 724px) 100vw, 724px\" \/><\/a> <a href=\"https:\/\/agora.xtec.cat\/ceiplacanonja\/wp-content\/uploads\/usu1266\/2025\/03\/23.jpg\"><img loading=\"lazy\" decoding=\"async\" class=\"size-large wp-image-23422 aligncenter\" src=\"https:\/\/agora.xtec.cat\/ceiplacanonja\/wp-content\/uploads\/usu1266\/2025\/03\/23-724x1024.jpg\" alt=\"\" width=\"724\" height=\"1024\" srcset=\"https:\/\/agora.xtec.cat\/ceiplacanonja\/wp-content\/uploads\/usu1266\/2025\/03\/23-724x1024.jpg 724w, https:\/\/agora.xtec.cat\/ceiplacanonja\/wp-content\/uploads\/usu1266\/2025\/03\/23-212x300.jpg 212w, https:\/\/agora.xtec.cat\/ceiplacanonja\/wp-content\/uploads\/usu1266\/2025\/03\/23-768x1086.jpg 768w, https:\/\/agora.xtec.cat\/ceiplacanonja\/wp-content\/uploads\/usu1266\/2025\/03\/23-1086x1536.jpg 1086w, https:\/\/agora.xtec.cat\/ceiplacanonja\/wp-content\/uploads\/usu1266\/2025\/03\/23.jpg 1414w\" sizes=\"auto, (max-width: 724px) 100vw, 724px\" \/><\/a><\/p>\n","protected":false},"excerpt":{"rendered":"<p>Durant les properes setmanes, els altaveus de l\u2019escola s\u2019ompliran de m\u00fasica amb veu de dona! Com a part del projecte Sona-Sona, sonaran can\u00e7ons interpretades per dones que han deixat una empremta important en la hist\u00f2ria de la m\u00fasica. Des de veus ic\u00f2niques del passat fins a artistes actuals que continuen trencant motlles, descobrirem el poder [&hellip;]<\/p>\n","protected":false},"author":36,"featured_media":23420,"comment_status":"closed","ping_status":"closed","sticky":false,"template":"","format":"standard","meta":{"_bbp_topic_count":0,"_bbp_reply_count":0,"_bbp_total_topic_count":0,"_bbp_total_reply_count":0,"_bbp_voice_count":0,"_bbp_anonymous_reply_count":0,"_bbp_topic_count_hidden":0,"_bbp_reply_count_hidden":0,"_bbp_forum_subforum_count":0,"site-sidebar-layout":"default","site-content-layout":"","ast-site-content-layout":"","site-content-style":"default","site-sidebar-style":"default","ast-global-header-display":"","ast-banner-title-visibility":"","ast-main-header-display":"","ast-hfb-above-header-display":"","ast-hfb-below-header-display":"","ast-hfb-mobile-header-display":"","site-post-title":"","ast-breadcrumbs-content":"","ast-featured-img":"","footer-sml-layout":"","theme-transparent-header-meta":"","adv-header-id-meta":"","stick-header-meta":"","header-above-stick-meta":"","header-main-stick-meta":"","header-below-stick-meta":"","astra-migrate-meta-layouts":"default","ast-page-background-enabled":"default","ast-page-background-meta":{"desktop":{"background-color":"var(--ast-global-color-4)","background-image":"","background-repeat":"repeat","background-position":"center center","background-size":"auto","background-attachment":"scroll","background-type":"","background-media":"","overlay-type":"","overlay-color":"","overlay-opacity":"","overlay-gradient":""},"tablet":{"background-color":"","background-image":"","background-repeat":"repeat","background-position":"center center","background-size":"auto","background-attachment":"scroll","background-type":"","background-media":"","overlay-type":"","overlay-color":"","overlay-opacity":"","overlay-gradient":""},"mobile":{"background-color":"","background-image":"","background-repeat":"repeat","background-position":"center center","background-size":"auto","background-attachment":"scroll","background-type":"","background-media":"","overlay-type":"","overlay-color":"","overlay-opacity":"","overlay-gradient":""}},"ast-content-background-meta":{"desktop":{"background-color":"var(--ast-global-color-5)","background-image":"","background-repeat":"repeat","background-position":"center center","background-size":"auto","background-attachment":"scroll","background-type":"","background-media":"","overlay-type":"","overlay-color":"","overlay-opacity":"","overlay-gradient":""},"tablet":{"background-color":"var(--ast-global-color-5)","background-image":"","background-repeat":"repeat","background-position":"center center","background-size":"auto","background-attachment":"scroll","background-type":"","background-media":"","overlay-type":"","overlay-color":"","overlay-opacity":"","overlay-gradient":""},"mobile":{"background-color":"var(--ast-global-color-5)","background-image":"","background-repeat":"repeat","background-position":"center center","background-size":"auto","background-attachment":"scroll","background-type":"","background-media":"","overlay-type":"","overlay-color":"","overlay-opacity":"","overlay-gradient":""}},"footnotes":""},"categories":[176,74,4],"tags":[],"class_list":["post-23419","post","type-post","status-publish","format-standard","has-post-thumbnail","hentry","category-especialitats","category-musica","category-portada"],"post_mailing_queue_ids":[],"_links":{"self":[{"href":"https:\/\/agora.xtec.cat\/ceiplacanonja\/wp-json\/wp\/v2\/posts\/23419","targetHints":{"allow":["GET"]}}],"collection":[{"href":"https:\/\/agora.xtec.cat\/ceiplacanonja\/wp-json\/wp\/v2\/posts"}],"about":[{"href":"https:\/\/agora.xtec.cat\/ceiplacanonja\/wp-json\/wp\/v2\/types\/post"}],"author":[{"embeddable":true,"href":"https:\/\/agora.xtec.cat\/ceiplacanonja\/wp-json\/wp\/v2\/users\/36"}],"replies":[{"embeddable":true,"href":"https:\/\/agora.xtec.cat\/ceiplacanonja\/wp-json\/wp\/v2\/comments?post=23419"}],"version-history":[{"count":1,"href":"https:\/\/agora.xtec.cat\/ceiplacanonja\/wp-json\/wp\/v2\/posts\/23419\/revisions"}],"predecessor-version":[{"id":23423,"href":"https:\/\/agora.xtec.cat\/ceiplacanonja\/wp-json\/wp\/v2\/posts\/23419\/revisions\/23423"}],"wp:featuredmedia":[{"embeddable":true,"href":"https:\/\/agora.xtec.cat\/ceiplacanonja\/wp-json\/wp\/v2\/media\/23420"}],"wp:attachment":[{"href":"https:\/\/agora.xtec.cat\/ceiplacanonja\/wp-json\/wp\/v2\/media?parent=23419"}],"wp:term":[{"taxonomy":"category","embeddable":true,"href":"https:\/\/agora.xtec.cat\/ceiplacanonja\/wp-json\/wp\/v2\/categories?post=23419"},{"taxonomy":"post_tag","embeddable":true,"href":"https:\/\/agora.xtec.cat\/ceiplacanonja\/wp-json\/wp\/v2\/tags?post=23419"}],"curies":[{"name":"wp","href":"https:\/\/api.w.org\/{rel}","templated":true}]}}