{"id":21901,"date":"2024-12-17T12:30:06","date_gmt":"2024-12-17T11:30:06","guid":{"rendered":"https:\/\/agora.xtec.cat\/ceiplacanonja\/?p=21901"},"modified":"2024-12-17T10:27:43","modified_gmt":"2024-12-17T09:27:43","slug":"recitacio-poema-salseta-dhivern-cicle-superior-5e","status":"publish","type":"post","link":"https:\/\/agora.xtec.cat\/ceiplacanonja\/general\/recitacio-poema-salseta-dhivern-cicle-superior-5e\/","title":{"rendered":"RECITACI\u00d3 POEMA &#8220;SALSETA D&#8217;HIVERN&#8221; &#8211; Cicle Superior 5\u00e8"},"content":{"rendered":"<p>L&#8217;alumnat de 5\u00e8 d&#8217;Educaci\u00f3 Prim\u00e0ria ha dut a terme la recitaci\u00f3 del poema <em>Salseta d&#8217;hivern<\/em> de l&#8217;autor \u00c0ngel Daban al sal\u00f3 d&#8217;actes de l&#8217;escola.<\/p>\n<p>L&#8217;objectiu de la recitaci\u00f3 del poema \u00e9s el treball d&#8217;una obra po\u00e8tica en llengua catalana. La poesia anomena diferents elements culturals, tradicionals i contextuals destacables de l&#8217;hivern. A m\u00e9s, serveix per treballar la compet\u00e8ncia oral de l&#8217;alumnat, a partir dels diferents aspectes necessaris en la recitaci\u00f3 d&#8217;un text po\u00e8tic, com s\u00f3n la tonalitat de la veu, la flu\u00efdesa, la mem\u00f2ria, l&#8217;entonaci\u00f3 i la coordinaci\u00f3 amb tots els companys i companyes. Tanmateix, durant la recitaci\u00f3, els nens i nenes s&#8217;han posat alguns complements hivernals que han afegit una mica d&#8217;ornamentaci\u00f3 al seu vestuari.<\/p>\n<p>L&#8217;alumnat ha gaudit de l&#8217;activitat tant en la preparaci\u00f3 a l&#8217;aula com en el moment de dur-ho a terme de manera cooperativa amb els companys\/es de les altres classes del curs. Ha sigut una molt bona experi\u00e8ncia per anar tancant aquest trimestre.<\/p>\n<p>Per poder visualitzar el v\u00eddeo, heu de clicar a la imatge que teniu a sota.<\/p>\n<p><a href=\"https:\/\/drive.google.com\/file\/d\/1wNzT60nVdf1Sko6yDfzGFv_ua_FfpAPf\/view?usp=sharing\"><img loading=\"lazy\" decoding=\"async\" class=\"alignnone size-large wp-image-21907\" src=\"https:\/\/agora.xtec.cat\/ceiplacanonja\/wp-content\/uploads\/usu1266\/2024\/12\/SALSETA-DHIVERN-1024x576.jpg\" alt=\"\" width=\"1024\" height=\"576\" srcset=\"https:\/\/agora.xtec.cat\/ceiplacanonja\/wp-content\/uploads\/usu1266\/2024\/12\/SALSETA-DHIVERN-1024x576.jpg 1024w, https:\/\/agora.xtec.cat\/ceiplacanonja\/wp-content\/uploads\/usu1266\/2024\/12\/SALSETA-DHIVERN-300x169.jpg 300w, https:\/\/agora.xtec.cat\/ceiplacanonja\/wp-content\/uploads\/usu1266\/2024\/12\/SALSETA-DHIVERN-768x432.jpg 768w, https:\/\/agora.xtec.cat\/ceiplacanonja\/wp-content\/uploads\/usu1266\/2024\/12\/SALSETA-DHIVERN-1536x864.jpg 1536w, https:\/\/agora.xtec.cat\/ceiplacanonja\/wp-content\/uploads\/usu1266\/2024\/12\/SALSETA-DHIVERN.jpg 1920w\" sizes=\"auto, (max-width: 1024px) 100vw, 1024px\" \/><\/a><\/p>\n<p>&nbsp;<\/p>\n","protected":false},"excerpt":{"rendered":"<p>L&#8217;alumnat de 5\u00e8 d&#8217;Educaci\u00f3 Prim\u00e0ria ha dut a terme la recitaci\u00f3 del poema Salseta d&#8217;hivern de l&#8217;autor \u00c0ngel Daban al sal\u00f3 d&#8217;actes de l&#8217;escola. L&#8217;objectiu de la recitaci\u00f3 del poema \u00e9s el treball d&#8217;una obra po\u00e8tica en llengua catalana. La poesia anomena diferents elements culturals, tradicionals i contextuals destacables de l&#8217;hivern. A m\u00e9s, serveix per [&hellip;]<\/p>\n","protected":false},"author":24,"featured_media":21907,"comment_status":"closed","ping_status":"closed","sticky":false,"template":"","format":"standard","meta":{"_bbp_topic_count":0,"_bbp_reply_count":0,"_bbp_total_topic_count":0,"_bbp_total_reply_count":0,"_bbp_voice_count":0,"_bbp_anonymous_reply_count":0,"_bbp_topic_count_hidden":0,"_bbp_reply_count_hidden":0,"_bbp_forum_subforum_count":0,"site-sidebar-layout":"default","site-content-layout":"","ast-site-content-layout":"","site-content-style":"default","site-sidebar-style":"default","ast-global-header-display":"","ast-banner-title-visibility":"","ast-main-header-display":"","ast-hfb-above-header-display":"","ast-hfb-below-header-display":"","ast-hfb-mobile-header-display":"","site-post-title":"","ast-breadcrumbs-content":"","ast-featured-img":"","footer-sml-layout":"","theme-transparent-header-meta":"","adv-header-id-meta":"","stick-header-meta":"","header-above-stick-meta":"","header-main-stick-meta":"","header-below-stick-meta":"","astra-migrate-meta-layouts":"default","ast-page-background-enabled":"default","ast-page-background-meta":{"desktop":{"background-color":"var(--ast-global-color-4)","background-image":"","background-repeat":"repeat","background-position":"center center","background-size":"auto","background-attachment":"scroll","background-type":"","background-media":"","overlay-type":"","overlay-color":"","overlay-opacity":"","overlay-gradient":""},"tablet":{"background-color":"","background-image":"","background-repeat":"repeat","background-position":"center center","background-size":"auto","background-attachment":"scroll","background-type":"","background-media":"","overlay-type":"","overlay-color":"","overlay-opacity":"","overlay-gradient":""},"mobile":{"background-color":"","background-image":"","background-repeat":"repeat","background-position":"center center","background-size":"auto","background-attachment":"scroll","background-type":"","background-media":"","overlay-type":"","overlay-color":"","overlay-opacity":"","overlay-gradient":""}},"ast-content-background-meta":{"desktop":{"background-color":"var(--ast-global-color-5)","background-image":"","background-repeat":"repeat","background-position":"center center","background-size":"auto","background-attachment":"scroll","background-type":"","background-media":"","overlay-type":"","overlay-color":"","overlay-opacity":"","overlay-gradient":""},"tablet":{"background-color":"var(--ast-global-color-5)","background-image":"","background-repeat":"repeat","background-position":"center center","background-size":"auto","background-attachment":"scroll","background-type":"","background-media":"","overlay-type":"","overlay-color":"","overlay-opacity":"","overlay-gradient":""},"mobile":{"background-color":"var(--ast-global-color-5)","background-image":"","background-repeat":"repeat","background-position":"center center","background-size":"auto","background-attachment":"scroll","background-type":"","background-media":"","overlay-type":"","overlay-color":"","overlay-opacity":"","overlay-gradient":""}},"footnotes":""},"categories":[63,72,1,4],"tags":[161,201,82],"class_list":["post-21901","post","type-post","status-publish","format-standard","has-post-thumbnail","hentry","category-cicle-superior","category-els-blocs-de-lescola","category-general","category-portada","tag-5e","tag-catala","tag-cicle-superior"],"post_mailing_queue_ids":[],"_links":{"self":[{"href":"https:\/\/agora.xtec.cat\/ceiplacanonja\/wp-json\/wp\/v2\/posts\/21901","targetHints":{"allow":["GET"]}}],"collection":[{"href":"https:\/\/agora.xtec.cat\/ceiplacanonja\/wp-json\/wp\/v2\/posts"}],"about":[{"href":"https:\/\/agora.xtec.cat\/ceiplacanonja\/wp-json\/wp\/v2\/types\/post"}],"author":[{"embeddable":true,"href":"https:\/\/agora.xtec.cat\/ceiplacanonja\/wp-json\/wp\/v2\/users\/24"}],"replies":[{"embeddable":true,"href":"https:\/\/agora.xtec.cat\/ceiplacanonja\/wp-json\/wp\/v2\/comments?post=21901"}],"version-history":[{"count":4,"href":"https:\/\/agora.xtec.cat\/ceiplacanonja\/wp-json\/wp\/v2\/posts\/21901\/revisions"}],"predecessor-version":[{"id":21908,"href":"https:\/\/agora.xtec.cat\/ceiplacanonja\/wp-json\/wp\/v2\/posts\/21901\/revisions\/21908"}],"wp:featuredmedia":[{"embeddable":true,"href":"https:\/\/agora.xtec.cat\/ceiplacanonja\/wp-json\/wp\/v2\/media\/21907"}],"wp:attachment":[{"href":"https:\/\/agora.xtec.cat\/ceiplacanonja\/wp-json\/wp\/v2\/media?parent=21901"}],"wp:term":[{"taxonomy":"category","embeddable":true,"href":"https:\/\/agora.xtec.cat\/ceiplacanonja\/wp-json\/wp\/v2\/categories?post=21901"},{"taxonomy":"post_tag","embeddable":true,"href":"https:\/\/agora.xtec.cat\/ceiplacanonja\/wp-json\/wp\/v2\/tags?post=21901"}],"curies":[{"name":"wp","href":"https:\/\/api.w.org\/{rel}","templated":true}]}}