{"id":21649,"date":"2024-12-05T16:30:36","date_gmt":"2024-12-05T15:30:36","guid":{"rendered":"https:\/\/agora.xtec.cat\/ceiplacanonja\/?p=21649"},"modified":"2024-12-04T18:43:23","modified_gmt":"2024-12-04T17:43:23","slug":"setmana-mundial-de-la-discapacitat-educacio-fisica","status":"publish","type":"post","link":"https:\/\/agora.xtec.cat\/ceiplacanonja\/general\/setmana-mundial-de-la-discapacitat-educacio-fisica\/","title":{"rendered":"SETMANA MUNDIAL DE LA DISCAPACITAT- Educaci\u00f3 f\u00edsica"},"content":{"rendered":"<p style=\"text-align: justify;\">El passat dimarts 3 de desembre va ser el dia internacional de les persones amb discapacitat. Durant aquesta setmana, s\u2019han fet unes sessions per conscienciar a l\u2019alumnat de 1r a 6\u00e8 i potenciar l\u2019empatia.<\/p>\n<p style=\"text-align: justify;\">A trav\u00e9s d\u2019un passeig sensorial, per parelles, fem que l\u2019alumnat simuli la sensaci\u00f3 de l\u2019orientaci\u00f3 espacial, pujant i baixant escales, estimulant el tacte, l\u2019o\u00efda&#8230;, intentant fer l\u2019activitat en silenci. Com a segona activitat, els alumnes, en cercle i amb els ulls tancats s\u2019han de passar una pilota amb cascavells, incloent\u2013hi un m\u00f2bil a la sensaci\u00f3 de l\u2019orientaci\u00f3 espacial ja treballada.<\/p>\n<p style=\"text-align: justify;\">A mesura que els mestres d\u2019educaci\u00f3 f\u00edsica ens facin arribar m\u00e9s fotos, anirem incorporant-les a l\u2019article. No us ho perdeu!<\/p>\n\r\n\t<div class=\"slideshow_container slideshow_container_style-light\" style=\"height: 300px; \" data-slideshow-id=\"21638\" data-style-name=\"style-light\" data-style-version=\"2.3.1\" >\r\n\r\n\t\t\t\t\t<div class=\"slideshow_loading_icon\"><\/div>\r\n\t\t\r\n\t\t<div class=\"slideshow_content\" style=\"display: none;\">\r\n\r\n\t\t\t<div class=\"slideshow_view\">\r\n\t\t\t\t<div class=\"slideshow_slide slideshow_slide_image\">\r\n\t\t\t\t\t\t\t\t\t\t\t<img src=\"https:\/\/agora.xtec.cat\/ceiplacanonja\/wp-content\/uploads\/usu1266\/2024\/12\/ef91438c-55bd-476a-9f72-de88c3d4fcfc.jpeg\" alt=\"ef91438c-55bd-476a-9f72-de88c3d4fcfc\" width=\"2048\" height=\"1536\" \/>\r\n\t\t\t\t\t\t\t\t\t\t<div class=\"slideshow_description_box slideshow_transparent\">\r\n\t\t\t\t\t\t\t\t\t\t\t\t\t\t\t\t\t<\/div>\r\n\t\t\t\t<\/div>\r\n\r\n\t\t\t\t\t\t<div style=\"clear: both;\"><\/div><\/div><div class=\"slideshow_view\">\r\n\t\t\t\t<div class=\"slideshow_slide slideshow_slide_image\">\r\n\t\t\t\t\t\t\t\t\t\t\t<img src=\"https:\/\/agora.xtec.cat\/ceiplacanonja\/wp-content\/uploads\/usu1266\/2024\/12\/e2736175-34a2-45d7-9c7e-41f527c2e4fd.jpeg\" alt=\"e2736175-34a2-45d7-9c7e-41f527c2e4fd\" width=\"2048\" height=\"1536\" \/>\r\n\t\t\t\t\t\t\t\t\t\t<div class=\"slideshow_description_box slideshow_transparent\">\r\n\t\t\t\t\t\t\t\t\t\t\t\t\t\t\t\t\t<\/div>\r\n\t\t\t\t<\/div>\r\n\r\n\t\t\t\t\t\t<div style=\"clear: both;\"><\/div><\/div><div class=\"slideshow_view\">\r\n\t\t\t\t<div class=\"slideshow_slide slideshow_slide_image\">\r\n\t\t\t\t\t\t\t\t\t\t\t<img src=\"https:\/\/agora.xtec.cat\/ceiplacanonja\/wp-content\/uploads\/usu1266\/2024\/12\/db6d9672-0a80-436f-9217-2f24a6b51fe6.jpeg\" alt=\"db6d9672-0a80-436f-9217-2f24a6b51fe6\" width=\"2048\" height=\"1536\" \/>\r\n\t\t\t\t\t\t\t\t\t\t<div class=\"slideshow_description_box slideshow_transparent\">\r\n\t\t\t\t\t\t\t\t\t\t\t\t\t\t\t\t\t<\/div>\r\n\t\t\t\t<\/div>\r\n\r\n\t\t\t\t\t\t<div style=\"clear: both;\"><\/div><\/div><div class=\"slideshow_view\">\r\n\t\t\t\t<div class=\"slideshow_slide slideshow_slide_image\">\r\n\t\t\t\t\t\t\t\t\t\t\t<img src=\"https:\/\/agora.xtec.cat\/ceiplacanonja\/wp-content\/uploads\/usu1266\/2024\/12\/cd2112fd-8a6a-4444-8e97-434d9c73586f.jpeg\" alt=\"cd2112fd-8a6a-4444-8e97-434d9c73586f\" width=\"1200\" height=\"1600\" \/>\r\n\t\t\t\t\t\t\t\t\t\t<div class=\"slideshow_description_box slideshow_transparent\">\r\n\t\t\t\t\t\t\t\t\t\t\t\t\t\t\t\t\t<\/div>\r\n\t\t\t\t<\/div>\r\n\r\n\t\t\t\t\t\t<div style=\"clear: both;\"><\/div><\/div><div class=\"slideshow_view\">\r\n\t\t\t\t<div class=\"slideshow_slide slideshow_slide_image\">\r\n\t\t\t\t\t\t\t\t\t\t\t<img src=\"https:\/\/agora.xtec.cat\/ceiplacanonja\/wp-content\/uploads\/usu1266\/2024\/12\/c821f566-d416-4701-8379-a48059704f22.jpeg\" alt=\"c821f566-d416-4701-8379-a48059704f22\" width=\"2048\" height=\"1536\" \/>\r\n\t\t\t\t\t\t\t\t\t\t<div class=\"slideshow_description_box slideshow_transparent\">\r\n\t\t\t\t\t\t\t\t\t\t\t\t\t\t\t\t\t<\/div>\r\n\t\t\t\t<\/div>\r\n\r\n\t\t\t\t\t\t<div style=\"clear: both;\"><\/div><\/div><div class=\"slideshow_view\">\r\n\t\t\t\t<div class=\"slideshow_slide slideshow_slide_image\">\r\n\t\t\t\t\t\t\t\t\t\t\t<img src=\"https:\/\/agora.xtec.cat\/ceiplacanonja\/wp-content\/uploads\/usu1266\/2024\/12\/ab798e76-78c8-471e-b627-89fd30339845.jpeg\" alt=\"ab798e76-78c8-471e-b627-89fd30339845\" width=\"1600\" height=\"1200\" \/>\r\n\t\t\t\t\t\t\t\t\t\t<div class=\"slideshow_description_box slideshow_transparent\">\r\n\t\t\t\t\t\t\t\t\t\t\t\t\t\t\t\t\t<\/div>\r\n\t\t\t\t<\/div>\r\n\r\n\t\t\t\t\t\t<div style=\"clear: both;\"><\/div><\/div><div class=\"slideshow_view\">\r\n\t\t\t\t<div class=\"slideshow_slide slideshow_slide_image\">\r\n\t\t\t\t\t\t\t\t\t\t\t<img src=\"https:\/\/agora.xtec.cat\/ceiplacanonja\/wp-content\/uploads\/usu1266\/2024\/12\/a583fa60-3f6b-4f6d-a97b-b069ac070f10.jpeg\" alt=\"a583fa60-3f6b-4f6d-a97b-b069ac070f10\" width=\"2048\" height=\"1536\" \/>\r\n\t\t\t\t\t\t\t\t\t\t<div class=\"slideshow_description_box slideshow_transparent\">\r\n\t\t\t\t\t\t\t\t\t\t\t\t\t\t\t\t\t<\/div>\r\n\t\t\t\t<\/div>\r\n\r\n\t\t\t\t\t\t<div style=\"clear: both;\"><\/div><\/div><div class=\"slideshow_view\">\r\n\t\t\t\t<div class=\"slideshow_slide slideshow_slide_image\">\r\n\t\t\t\t\t\t\t\t\t\t\t<img src=\"https:\/\/agora.xtec.cat\/ceiplacanonja\/wp-content\/uploads\/usu1266\/2024\/12\/00023623-9dcc-418e-9688-574a49a501fc.jpeg\" alt=\"00023623-9dcc-418e-9688-574a49a501fc\" width=\"1200\" height=\"1600\" \/>\r\n\t\t\t\t\t\t\t\t\t\t<div class=\"slideshow_description_box slideshow_transparent\">\r\n\t\t\t\t\t\t\t\t\t\t\t\t\t\t\t\t\t<\/div>\r\n\t\t\t\t<\/div>\r\n\r\n\t\t\t\t\t\t<div style=\"clear: both;\"><\/div><\/div><div class=\"slideshow_view\">\r\n\t\t\t\t<div class=\"slideshow_slide slideshow_slide_image\">\r\n\t\t\t\t\t\t\t\t\t\t\t<img src=\"https:\/\/agora.xtec.cat\/ceiplacanonja\/wp-content\/uploads\/usu1266\/2024\/12\/78a2bfdb-87e3-431d-ab28-7ba4e58e3b23.jpeg\" alt=\"78a2bfdb-87e3-431d-ab28-7ba4e58e3b23\" width=\"1200\" height=\"1600\" \/>\r\n\t\t\t\t\t\t\t\t\t\t<div class=\"slideshow_description_box slideshow_transparent\">\r\n\t\t\t\t\t\t\t\t\t\t\t\t\t\t\t\t\t<\/div>\r\n\t\t\t\t<\/div>\r\n\r\n\t\t\t\t\t\t<div style=\"clear: both;\"><\/div><\/div><div class=\"slideshow_view\">\r\n\t\t\t\t<div class=\"slideshow_slide slideshow_slide_image\">\r\n\t\t\t\t\t\t\t\t\t\t\t<img src=\"https:\/\/agora.xtec.cat\/ceiplacanonja\/wp-content\/uploads\/usu1266\/2024\/12\/6f943553-c13a-4aa0-9b8f-9b8ad4b64d13.jpeg\" alt=\"\" width=\"1200\" height=\"1600\" \/>\r\n\t\t\t\t\t\t\t\t\t\t<div class=\"slideshow_description_box slideshow_transparent\">\r\n\t\t\t\t\t\t\t\t\t\t\t\t\t\t\t\t\t<\/div>\r\n\t\t\t\t<\/div>\r\n\r\n\t\t\t\t\t\t<div style=\"clear: both;\"><\/div><\/div>\r\n\t\t<\/div>\r\n\r\n\t\t<div class=\"slideshow_controlPanel slideshow_transparent\" style=\"display: none;\"><ul><li class=\"slideshow_togglePlay\" data-play-text=\"Visualitza\" data-pause-text=\"Pausa\"><\/li><\/ul><\/div>\r\n\r\n\t\t<div class=\"slideshow_button slideshow_previous slideshow_transparent\" role=\"button\" data-previous-text=\"Anterior\" style=\"display: none;\"><\/div>\r\n\t\t<div class=\"slideshow_button slideshow_next slideshow_transparent\" role=\"button\" data-next-text=\"Seg\u00fcent\" style=\"display: none;\"><\/div>\r\n\r\n\t\t<div class=\"slideshow_pagination\" style=\"display: none;\" data-go-to-text=\"V\u00e9s a la diapositiva\"><div class=\"slideshow_pagination_center\"><\/div><\/div>\r\n\r\n\t\t<!-- WordPress Slideshow Version 2.3.1 -->\r\n\r\n\t\t\t<\/div>\r\n\r\n\n","protected":false},"excerpt":{"rendered":"<p>El passat dimarts 3 de desembre va ser el dia internacional de les persones amb discapacitat. Durant aquesta setmana, s\u2019han fet unes sessions per conscienciar a l\u2019alumnat de 1r a 6\u00e8 i potenciar l\u2019empatia. A trav\u00e9s d\u2019un passeig sensorial, per parelles, fem que l\u2019alumnat simuli la sensaci\u00f3 de l\u2019orientaci\u00f3 espacial, pujant i baixant escales, estimulant [&hellip;]<\/p>\n","protected":false},"author":15,"featured_media":21648,"comment_status":"closed","ping_status":"closed","sticky":false,"template":"","format":"standard","meta":{"_bbp_topic_count":0,"_bbp_reply_count":0,"_bbp_total_topic_count":0,"_bbp_total_reply_count":0,"_bbp_voice_count":0,"_bbp_anonymous_reply_count":0,"_bbp_topic_count_hidden":0,"_bbp_reply_count_hidden":0,"_bbp_forum_subforum_count":0,"site-sidebar-layout":"default","site-content-layout":"","ast-site-content-layout":"","site-content-style":"default","site-sidebar-style":"default","ast-global-header-display":"","ast-banner-title-visibility":"","ast-main-header-display":"","ast-hfb-above-header-display":"","ast-hfb-below-header-display":"","ast-hfb-mobile-header-display":"","site-post-title":"","ast-breadcrumbs-content":"","ast-featured-img":"","footer-sml-layout":"","theme-transparent-header-meta":"","adv-header-id-meta":"","stick-header-meta":"","header-above-stick-meta":"","header-main-stick-meta":"","header-below-stick-meta":"","astra-migrate-meta-layouts":"default","ast-page-background-enabled":"default","ast-page-background-meta":{"desktop":{"background-color":"var(--ast-global-color-4)","background-image":"","background-repeat":"repeat","background-position":"center center","background-size":"auto","background-attachment":"scroll","background-type":"","background-media":"","overlay-type":"","overlay-color":"","overlay-opacity":"","overlay-gradient":""},"tablet":{"background-color":"","background-image":"","background-repeat":"repeat","background-position":"center center","background-size":"auto","background-attachment":"scroll","background-type":"","background-media":"","overlay-type":"","overlay-color":"","overlay-opacity":"","overlay-gradient":""},"mobile":{"background-color":"","background-image":"","background-repeat":"repeat","background-position":"center center","background-size":"auto","background-attachment":"scroll","background-type":"","background-media":"","overlay-type":"","overlay-color":"","overlay-opacity":"","overlay-gradient":""}},"ast-content-background-meta":{"desktop":{"background-color":"var(--ast-global-color-5)","background-image":"","background-repeat":"repeat","background-position":"center center","background-size":"auto","background-attachment":"scroll","background-type":"","background-media":"","overlay-type":"","overlay-color":"","overlay-opacity":"","overlay-gradient":""},"tablet":{"background-color":"var(--ast-global-color-5)","background-image":"","background-repeat":"repeat","background-position":"center center","background-size":"auto","background-attachment":"scroll","background-type":"","background-media":"","overlay-type":"","overlay-color":"","overlay-opacity":"","overlay-gradient":""},"mobile":{"background-color":"var(--ast-global-color-5)","background-image":"","background-repeat":"repeat","background-position":"center center","background-size":"auto","background-attachment":"scroll","background-type":"","background-media":"","overlay-type":"","overlay-color":"","overlay-opacity":"","overlay-gradient":""}},"footnotes":""},"categories":[61,62,63,64,1,4],"tags":[199,93,82,156,165,98],"class_list":["post-21649","post","type-post","status-publish","format-standard","has-post-thumbnail","hentry","category-ci","category-cicle-mitja","category-cicle-superior","category-educacio-fisica","category-general","category-portada","tag-cicle-incial","tag-cicle-mitja","tag-cicle-superior","tag-educacio-fisica","tag-general","tag-portada"],"post_mailing_queue_ids":[],"_links":{"self":[{"href":"https:\/\/agora.xtec.cat\/ceiplacanonja\/wp-json\/wp\/v2\/posts\/21649","targetHints":{"allow":["GET"]}}],"collection":[{"href":"https:\/\/agora.xtec.cat\/ceiplacanonja\/wp-json\/wp\/v2\/posts"}],"about":[{"href":"https:\/\/agora.xtec.cat\/ceiplacanonja\/wp-json\/wp\/v2\/types\/post"}],"author":[{"embeddable":true,"href":"https:\/\/agora.xtec.cat\/ceiplacanonja\/wp-json\/wp\/v2\/users\/15"}],"replies":[{"embeddable":true,"href":"https:\/\/agora.xtec.cat\/ceiplacanonja\/wp-json\/wp\/v2\/comments?post=21649"}],"version-history":[{"count":2,"href":"https:\/\/agora.xtec.cat\/ceiplacanonja\/wp-json\/wp\/v2\/posts\/21649\/revisions"}],"predecessor-version":[{"id":21651,"href":"https:\/\/agora.xtec.cat\/ceiplacanonja\/wp-json\/wp\/v2\/posts\/21649\/revisions\/21651"}],"wp:featuredmedia":[{"embeddable":true,"href":"https:\/\/agora.xtec.cat\/ceiplacanonja\/wp-json\/wp\/v2\/media\/21648"}],"wp:attachment":[{"href":"https:\/\/agora.xtec.cat\/ceiplacanonja\/wp-json\/wp\/v2\/media?parent=21649"}],"wp:term":[{"taxonomy":"category","embeddable":true,"href":"https:\/\/agora.xtec.cat\/ceiplacanonja\/wp-json\/wp\/v2\/categories?post=21649"},{"taxonomy":"post_tag","embeddable":true,"href":"https:\/\/agora.xtec.cat\/ceiplacanonja\/wp-json\/wp\/v2\/tags?post=21649"}],"curies":[{"name":"wp","href":"https:\/\/api.w.org\/{rel}","templated":true}]}}