{"id":985,"date":"2014-03-20T22:44:00","date_gmt":"2014-03-20T21:44:00","guid":{"rendered":"https:\/\/agora.xtec.cat\/ceipjoventutcallus\/general\/sortida-al-cosmocaixa-3r-i-4t\/"},"modified":"2020-07-25T15:54:06","modified_gmt":"2020-07-25T13:54:06","slug":"sortida-al-cosmocaixa-3r-i-4t","status":"publish","type":"post","link":"https:\/\/agora.xtec.cat\/ceipjoventutcallus\/cm\/sortida-al-cosmocaixa-3r-i-4t\/","title":{"rendered":"SORTIDA AL COSMOCAIXA 3r i 4t"},"content":{"rendered":"<p><b>SORTIDA AL COSMOCAIXA<\/b> El dia 20 de mar\u00e7 vam fer una sortida al CosmoCaixa a Barcelona. Despr\u00e9s de visitar el recinte van comen\u00e7ar els tallers. Els alumnes de tercer van comen\u00e7ar amb &#8220;<a href=\"http:\/\/www.activitatseducativesfundaciolacaixa.es\/cosmocaixa-barcelona\/activitats\/he-aqui-la-energia-51603001\/?activity=&amp;level=2&amp;calendar_type=\" style=\"background-color: white; color: #2d92dd; font-family: Arial, sans-serif; font-size: 24px; margin: 0px; text-decoration: none;\">Vet aqu\u00ed l&#8217;energia<\/a>&#8221; i els de quart &#8220;<a href=\"http:\/\/www.activitatseducativesfundaciolacaixa.es\/cosmocaixa-barcelona\/activitats\/comer-y-no-ser-comido-50136001\/?activity=&amp;level=2&amp;calendar_type=\" style=\"background-color: white; color: #2d92dd; font-family: Arial, sans-serif; font-size: 24px; margin: 0px; text-decoration: none;\">Menjar i no ser menjat<\/a>&#8220;. M\u00e9s tard v\u00e0rem canviar els tallers. Quan es van acabar els dos tallers, que per cert van ser molt interessants, vam dinar i jugar abans de tornar cap a Call\u00fas.  Ara podeu veure unes quantes fotos&#8230;  <embed flashvars=\"host=picasaweb.google.com&amp;hl=es&amp;feat=flashalbum&amp;RGB=0x000000&amp;feed=https%3A%2F%2Fpicasaweb.google.com%2Fdata%2Ffeed%2Fapi%2Fuser%2F102302793232147297125%2Falbumid%2F5992905473189506049%3Falt%3Drss%26kind%3Dphoto%26authkey%3DGv1sRgCI2px9qUt8n-ag%26hl%3Des\" height=\"192\" pluginspage=\"http:\/\/www.macromedia.com\/go\/getflashplayer\" src=\"https:\/\/photos.gstatic.com\/media\/slideshow.swf\" type=\"application\/x-shockwave-flash\" width=\"288\"><\/embed><\/p>\n","protected":false},"excerpt":{"rendered":"<p>SORTIDA AL COSMOCAIXA El dia 20 de mar\u00e7 vam fer una sortida al CosmoCaixa a Barcelona. Despr\u00e9s de visitar el recinte van comen\u00e7ar els tallers. Els alumnes de tercer van comen\u00e7ar amb &#8220;<a href=\"http:\/\/www.activitatseducativesfundaciolacaixa.es\/cosmocaixa-barcelona\/activitats\/he-aqui-la-energia-51603001\/?activity=&amp;level=2&amp;calendar_type=\" style=\"background-color: white; color: #2d92dd; font-family: Arial, sans-serif; font-size: 24px; margin: 0px;&hellip;  <a href=\"https:\/\/agora.xtec.cat\/ceipjoventutcallus\/cm\/sortida-al-cosmocaixa-3r-i-4t\/\" title=\"Read SORTIDA AL COSMOCAIXA 3r i 4t\">Llegeix m\u00e9s\u00bb<\/a><\/p>\n","protected":false},"author":7,"featured_media":0,"comment_status":"open","ping_status":"closed","sticky":false,"template":"","format":"standard","meta":{"_bbp_topic_count":0,"_bbp_reply_count":0,"_bbp_total_topic_count":0,"_bbp_total_reply_count":0,"_bbp_voice_count":0,"_bbp_anonymous_reply_count":0,"_bbp_topic_count_hidden":0,"_bbp_reply_count_hidden":0,"_bbp_forum_subforum_count":0,"footnotes":""},"categories":[62],"tags":[],"class_list":["post-985","post","type-post","status-publish","format-standard","hentry","category-cm"],"post_mailing_queue_ids":[],"_links":{"self":[{"href":"https:\/\/agora.xtec.cat\/ceipjoventutcallus\/wp-json\/wp\/v2\/posts\/985","targetHints":{"allow":["GET"]}}],"collection":[{"href":"https:\/\/agora.xtec.cat\/ceipjoventutcallus\/wp-json\/wp\/v2\/posts"}],"about":[{"href":"https:\/\/agora.xtec.cat\/ceipjoventutcallus\/wp-json\/wp\/v2\/types\/post"}],"author":[{"embeddable":true,"href":"https:\/\/agora.xtec.cat\/ceipjoventutcallus\/wp-json\/wp\/v2\/users\/7"}],"replies":[{"embeddable":true,"href":"https:\/\/agora.xtec.cat\/ceipjoventutcallus\/wp-json\/wp\/v2\/comments?post=985"}],"version-history":[{"count":1,"href":"https:\/\/agora.xtec.cat\/ceipjoventutcallus\/wp-json\/wp\/v2\/posts\/985\/revisions"}],"predecessor-version":[{"id":1124,"href":"https:\/\/agora.xtec.cat\/ceipjoventutcallus\/wp-json\/wp\/v2\/posts\/985\/revisions\/1124"}],"wp:attachment":[{"href":"https:\/\/agora.xtec.cat\/ceipjoventutcallus\/wp-json\/wp\/v2\/media?parent=985"}],"wp:term":[{"taxonomy":"category","embeddable":true,"href":"https:\/\/agora.xtec.cat\/ceipjoventutcallus\/wp-json\/wp\/v2\/categories?post=985"},{"taxonomy":"post_tag","embeddable":true,"href":"https:\/\/agora.xtec.cat\/ceipjoventutcallus\/wp-json\/wp\/v2\/tags?post=985"}],"curies":[{"name":"wp","href":"https:\/\/api.w.org\/{rel}","templated":true}]}}