{"id":901,"date":"2019-12-21T13:47:00","date_gmt":"2019-12-21T12:47:00","guid":{"rendered":"https:\/\/agora.xtec.cat\/ceipjoventutcallus\/general\/cantada-residencia-alumnes-de-cicle-mitja\/"},"modified":"2020-07-24T20:43:50","modified_gmt":"2020-07-24T18:43:50","slug":"cantada-residencia-alumnes-de-cicle-mitja","status":"publish","type":"post","link":"https:\/\/agora.xtec.cat\/ceipjoventutcallus\/cm\/cantada-residencia-alumnes-de-cicle-mitja\/","title":{"rendered":"Cantada resid\u00e8ncia alumnes de cicle mitj\u00e0"},"content":{"rendered":"<p>Aqu\u00ed teniu les \u00a0can\u00e7ons que van cantar ahir, dia 20 de desembre de 2019,<br \/>\nels alumnes de tercer a la Resid\u00e8ncia de Sant Sadurn\u00ed de Call\u00fas.<\/p>\n<p>Ho van fer molt i molt b\u00e9!!!<\/p>\n<p><iframe loading=\"lazy\" src=\"https:\/\/www.youtube.com\/embed\/tcDmkSzwI3Q\" width=\"480\" height=\"270\" frameborder=\"0\"><\/iframe><\/p>\n<p>&nbsp;<\/p>\n","protected":false},"excerpt":{"rendered":"<p>Aqu\u00ed teniu les \u00a0can\u00e7ons que van cantar ahir, dia 20 de desembre de 2019,<br \/>\nels alumnes de tercer a la Resid\u00e8ncia de Sant Sadurn\u00ed de Call\u00fas.<br \/>\nHo van fer molt i molt b\u00e9!!!<\/p>\n<p>&nbsp;<\/p>\n","protected":false},"author":7,"featured_media":0,"comment_status":"open","ping_status":"closed","sticky":false,"template":"","format":"standard","meta":{"_bbp_topic_count":0,"_bbp_reply_count":0,"_bbp_total_topic_count":0,"_bbp_total_reply_count":0,"_bbp_voice_count":0,"_bbp_anonymous_reply_count":0,"_bbp_topic_count_hidden":0,"_bbp_reply_count_hidden":0,"_bbp_forum_subforum_count":0,"footnotes":""},"categories":[62],"tags":[],"class_list":["post-901","post","type-post","status-publish","format-standard","hentry","category-cm"],"post_mailing_queue_ids":[],"_links":{"self":[{"href":"https:\/\/agora.xtec.cat\/ceipjoventutcallus\/wp-json\/wp\/v2\/posts\/901","targetHints":{"allow":["GET"]}}],"collection":[{"href":"https:\/\/agora.xtec.cat\/ceipjoventutcallus\/wp-json\/wp\/v2\/posts"}],"about":[{"href":"https:\/\/agora.xtec.cat\/ceipjoventutcallus\/wp-json\/wp\/v2\/types\/post"}],"author":[{"embeddable":true,"href":"https:\/\/agora.xtec.cat\/ceipjoventutcallus\/wp-json\/wp\/v2\/users\/7"}],"replies":[{"embeddable":true,"href":"https:\/\/agora.xtec.cat\/ceipjoventutcallus\/wp-json\/wp\/v2\/comments?post=901"}],"version-history":[{"count":1,"href":"https:\/\/agora.xtec.cat\/ceipjoventutcallus\/wp-json\/wp\/v2\/posts\/901\/revisions"}],"predecessor-version":[{"id":1074,"href":"https:\/\/agora.xtec.cat\/ceipjoventutcallus\/wp-json\/wp\/v2\/posts\/901\/revisions\/1074"}],"wp:attachment":[{"href":"https:\/\/agora.xtec.cat\/ceipjoventutcallus\/wp-json\/wp\/v2\/media?parent=901"}],"wp:term":[{"taxonomy":"category","embeddable":true,"href":"https:\/\/agora.xtec.cat\/ceipjoventutcallus\/wp-json\/wp\/v2\/categories?post=901"},{"taxonomy":"post_tag","embeddable":true,"href":"https:\/\/agora.xtec.cat\/ceipjoventutcallus\/wp-json\/wp\/v2\/tags?post=901"}],"curies":[{"name":"wp","href":"https:\/\/api.w.org\/{rel}","templated":true}]}}