{"id":881,"date":"2020-03-17T19:11:00","date_gmt":"2020-03-17T18:11:00","guid":{"rendered":""},"modified":"2020-07-24T20:31:55","modified_gmt":"2020-07-24T18:31:55","slug":"conferencia-elia","status":"publish","type":"post","link":"https:\/\/agora.xtec.cat\/ceipjoventutcallus\/cm\/conferencia-elia\/","title":{"rendered":"Confer\u00e8ncia \u00c8lia"},"content":{"rendered":"<div style=\"text-align: center;\"><i><span style=\"color: #6aa84f; font-size: large;\"><b style=\"background-color: white;\">EL TIM\u00d3 O FARIGOLA<\/b><\/span><\/i><\/div>\n<p>L&#8217;\u00c8lia ens ha explicat coses molt interessants d&#8217;aquesta planta arom\u00e0tica que podem trobar als nostres boscos i camins. Tamb\u00e9 hem pogut degustar una mica d&#8217;infusi\u00f3 que ens havia preparat.<br \/>\nMoltes gr\u00e0cies \u00c8lia!!<\/p>\n<p><span style=\"font-size: x-small;\">Per veure les altres fotografies cliqueu a sobre d&#8217;aquesta imatge.<\/span><\/p>\n<div style=\"clear: both; text-align: center;\"><a href=\"https:\/\/photos.app.goo.gl\/wtAwTvEGstMrgsPy6\" target=\"_blank\" rel=\"noopener noreferrer\"><img loading=\"lazy\" decoding=\"async\" src=\"https:\/\/agora.xtec.cat\/ceipjoventutcallus\/wp-content\/uploads\/usu1947\/2020\/03\/25C3-2588lia-2Btim-25C3-25B311-300x225.jpg\" width=\"320\" height=\"240\" border=\"0\" data-original-height=\"1200\" data-original-width=\"1600\" \/><\/a><\/div>\n<p>&nbsp;<\/p>\n","protected":false},"excerpt":{"rendered":"<p>EL TIM\u00d3 O FARIGOLA<br \/>\nL&#8217;\u00c8lia ens ha explicat coses molt interessants d&#8217;aquesta planta arom\u00e0tica que podem trobar als nostres boscos i camins. Tamb\u00e9 hem pogut degustar una mica d&#8217;infusi\u00f3 que ens havia preparat.<br \/>\nMoltes gr\u00e0cies \u00c8lia!!<br \/>\nPer veure les altres fotografies cliqueu a sobre d&#8217;aquesta imatge.<br \/>\n<a href=\"https:\/\/photos.app.goo.gl\/wtAwTvEGstMrgsPy6\" target=\"_blank\"&hellip;  <a href=\"https:\/\/agora.xtec.cat\/ceipjoventutcallus\/cm\/conferencia-elia\/\" title=\"Read Confer\u00e8ncia \u00c8lia\">Llegeix m\u00e9s\u00bb<\/a><\/p>\n","protected":false},"author":7,"featured_media":0,"comment_status":"open","ping_status":"closed","sticky":false,"template":"","format":"standard","meta":{"_bbp_topic_count":0,"_bbp_reply_count":0,"_bbp_total_topic_count":0,"_bbp_total_reply_count":0,"_bbp_voice_count":0,"_bbp_anonymous_reply_count":0,"_bbp_topic_count_hidden":0,"_bbp_reply_count_hidden":0,"_bbp_forum_subforum_count":0,"footnotes":""},"categories":[62],"tags":[],"class_list":["post-881","post","type-post","status-publish","format-standard","hentry","category-cm"],"post_mailing_queue_ids":[],"_links":{"self":[{"href":"https:\/\/agora.xtec.cat\/ceipjoventutcallus\/wp-json\/wp\/v2\/posts\/881","targetHints":{"allow":["GET"]}}],"collection":[{"href":"https:\/\/agora.xtec.cat\/ceipjoventutcallus\/wp-json\/wp\/v2\/posts"}],"about":[{"href":"https:\/\/agora.xtec.cat\/ceipjoventutcallus\/wp-json\/wp\/v2\/types\/post"}],"author":[{"embeddable":true,"href":"https:\/\/agora.xtec.cat\/ceipjoventutcallus\/wp-json\/wp\/v2\/users\/7"}],"replies":[{"embeddable":true,"href":"https:\/\/agora.xtec.cat\/ceipjoventutcallus\/wp-json\/wp\/v2\/comments?post=881"}],"version-history":[{"count":2,"href":"https:\/\/agora.xtec.cat\/ceipjoventutcallus\/wp-json\/wp\/v2\/posts\/881\/revisions"}],"predecessor-version":[{"id":1052,"href":"https:\/\/agora.xtec.cat\/ceipjoventutcallus\/wp-json\/wp\/v2\/posts\/881\/revisions\/1052"}],"wp:attachment":[{"href":"https:\/\/agora.xtec.cat\/ceipjoventutcallus\/wp-json\/wp\/v2\/media?parent=881"}],"wp:term":[{"taxonomy":"category","embeddable":true,"href":"https:\/\/agora.xtec.cat\/ceipjoventutcallus\/wp-json\/wp\/v2\/categories?post=881"},{"taxonomy":"post_tag","embeddable":true,"href":"https:\/\/agora.xtec.cat\/ceipjoventutcallus\/wp-json\/wp\/v2\/tags?post=881"}],"curies":[{"name":"wp","href":"https:\/\/api.w.org\/{rel}","templated":true}]}}