{"id":6233,"date":"2026-04-28T08:30:08","date_gmt":"2026-04-28T06:30:08","guid":{"rendered":"https:\/\/agora.xtec.cat\/ceipjoventutcallus\/?p=6233"},"modified":"2026-04-28T08:30:09","modified_gmt":"2026-04-28T06:30:09","slug":"radio-ei-grup-6-3r-trimestre-2026","status":"publish","type":"post","link":"https:\/\/agora.xtec.cat\/ceipjoventutcallus\/radio-escola-joventut\/radio-ei-grup-6-3r-trimestre-2026\/","title":{"rendered":"R\u00e0dio EI, grup 6 &#8211; 3r Trimestre 2026"},"content":{"rendered":"\n<p>Continuem una setmana m\u00e9s a R\u00e0dio Escola Joventut. En aquest cas s\u00f3n els i les alumnes d\u2019Educaci\u00f3 Infantil dels grups d\u2019I3, I4 i I5, els protagonistes del programa d\u2019aquesta setmana. Aqu\u00ed el teniu, esperem que us agradi! El podreu escoltar clicant a la imatge:<\/p>\n\n\n<div class=\"wp-block-image\">\n<figure class=\"aligncenter size-full\"><a href=\"https:\/\/drive.google.com\/file\/d\/1UYSjGBi53HB9gAiZZdk01PO11_Mf64hv\/view?usp=sharing\" target=\"_blank\" rel=\" noreferrer noopener\"><img loading=\"lazy\" decoding=\"async\" width=\"300\" height=\"300\" src=\"https:\/\/agora.xtec.cat\/ceipjoventutcallus\/wp-content\/uploads\/usu1947\/2024\/11\/logo_radio-e1730812514382.png\" alt=\"\" class=\"wp-image-5365\"\/><\/a><\/figure><\/div>","protected":false},"excerpt":{"rendered":"<p>Continuem una setmana m\u00e9s a R\u00e0dio Escola Joventut. En aquest cas s\u00f3n els i les alumnes d\u2019Educaci\u00f3 Infantil dels grups d\u2019I3, I4 i I5, els protagonistes del programa d\u2019aquesta setmana. Aqu\u00ed el teniu, esperem que us agradi! El podreu escoltar clicant a la imatge:<\/p>\n<p><a href=\"https:\/\/drive.google.com\/file\/d\/1UYSjGBi53HB9gAiZZdk01PO11_Mf64hv\/view?usp=sharing\"&hellip;  <a href=\"https:\/\/agora.xtec.cat\/ceipjoventutcallus\/radio-escola-joventut\/radio-ei-grup-6-3r-trimestre-2026\/\" title=\"Read R\u00e0dio EI, grup 6 &#8211; 3r Trimestre 2026\">Llegeix m\u00e9s\u00bb<\/a><\/p>\n","protected":false},"author":10,"featured_media":5365,"comment_status":"open","ping_status":"open","sticky":false,"template":"","format":"standard","meta":{"_bbp_topic_count":0,"_bbp_reply_count":0,"_bbp_total_topic_count":0,"_bbp_total_reply_count":0,"_bbp_voice_count":0,"_bbp_anonymous_reply_count":0,"_bbp_topic_count_hidden":0,"_bbp_reply_count_hidden":0,"_bbp_forum_subforum_count":0,"footnotes":""},"categories":[139],"tags":[118],"class_list":["post-6233","post","type-post","status-publish","format-standard","has-post-thumbnail","hentry","category-radio-escola-joventut","tag-radio-escola"],"post_mailing_queue_ids":[],"_links":{"self":[{"href":"https:\/\/agora.xtec.cat\/ceipjoventutcallus\/wp-json\/wp\/v2\/posts\/6233","targetHints":{"allow":["GET"]}}],"collection":[{"href":"https:\/\/agora.xtec.cat\/ceipjoventutcallus\/wp-json\/wp\/v2\/posts"}],"about":[{"href":"https:\/\/agora.xtec.cat\/ceipjoventutcallus\/wp-json\/wp\/v2\/types\/post"}],"author":[{"embeddable":true,"href":"https:\/\/agora.xtec.cat\/ceipjoventutcallus\/wp-json\/wp\/v2\/users\/10"}],"replies":[{"embeddable":true,"href":"https:\/\/agora.xtec.cat\/ceipjoventutcallus\/wp-json\/wp\/v2\/comments?post=6233"}],"version-history":[{"count":1,"href":"https:\/\/agora.xtec.cat\/ceipjoventutcallus\/wp-json\/wp\/v2\/posts\/6233\/revisions"}],"predecessor-version":[{"id":6234,"href":"https:\/\/agora.xtec.cat\/ceipjoventutcallus\/wp-json\/wp\/v2\/posts\/6233\/revisions\/6234"}],"wp:featuredmedia":[{"embeddable":true,"href":"https:\/\/agora.xtec.cat\/ceipjoventutcallus\/wp-json\/wp\/v2\/media\/5365"}],"wp:attachment":[{"href":"https:\/\/agora.xtec.cat\/ceipjoventutcallus\/wp-json\/wp\/v2\/media?parent=6233"}],"wp:term":[{"taxonomy":"category","embeddable":true,"href":"https:\/\/agora.xtec.cat\/ceipjoventutcallus\/wp-json\/wp\/v2\/categories?post=6233"},{"taxonomy":"post_tag","embeddable":true,"href":"https:\/\/agora.xtec.cat\/ceipjoventutcallus\/wp-json\/wp\/v2\/tags?post=6233"}],"curies":[{"name":"wp","href":"https:\/\/api.w.org\/{rel}","templated":true}]}}