{"id":6229,"date":"2026-04-27T09:53:55","date_gmt":"2026-04-27T07:53:55","guid":{"rendered":"https:\/\/agora.xtec.cat\/ceipjoventutcallus\/?p=6229"},"modified":"2026-04-27T09:56:48","modified_gmt":"2026-04-27T07:56:48","slug":"fira-de-contes-2026","status":"publish","type":"post","link":"https:\/\/agora.xtec.cat\/ceipjoventutcallus\/general\/fira-de-contes-2026\/","title":{"rendered":"FIRA DE CONTES 2026"},"content":{"rendered":"\n<p>La Fira de Contes s&#8217;ha celebrat, un any m\u00e9s, a la pla\u00e7a Doctor Vers en motiu de la diada de Sant Jordi. A les parades s&#8217;hi han exposat els treballs literaris de tot l&#8217;alumnat de l&#8217;escola i han omplert l&#8217;espai de m\u00e0gia i imaginaci\u00f3. Un dels punts destacats ha estat l&#8217;escenari on s&#8217;hi ha pogut escoltar alguns dels treballs elaborats amb esfor\u00e7 i il.lusi\u00f3 per la canalla. Entre tots hem pogut compartir i descobrir hist\u00f2ries, contes, rodolins i poemes. Ha estat molt bonic veure com cada hist\u00f2ria era diferent i aquest treball ens ha ajudat a millorar la nostra expressi\u00f3 oral, a escoltar amb atenci\u00f3 i a gaudir del m\u00f3n dels contes. Sens dubte, ha estat una jornada ben liter\u00e0ria. Podeu veure&#8217;n un resum clicant a la imatge. <\/p>\n\n\n\n<figure class=\"wp-block-image\"><a href=\"https:\/\/drive.google.com\/file\/d\/19MvwK32T1LrQnYc58Gbds32IcZxXX0EP\/view?usp=sharing\"><img loading=\"lazy\" decoding=\"async\" width=\"549\" height=\"376\" src=\"https:\/\/agora.xtec.cat\/ceipjoventutcallus\/wp-content\/uploads\/usu1947\/2026\/04\/Captura-de-pantalla-2026-04-22-121205.png\" alt=\"\" class=\"wp-image-6230\" srcset=\"https:\/\/agora.xtec.cat\/ceipjoventutcallus\/wp-content\/uploads\/usu1947\/2026\/04\/Captura-de-pantalla-2026-04-22-121205.png 549w, https:\/\/agora.xtec.cat\/ceipjoventutcallus\/wp-content\/uploads\/usu1947\/2026\/04\/Captura-de-pantalla-2026-04-22-121205-300x205.png 300w\" sizes=\"auto, (max-width: 549px) 100vw, 549px\" \/><\/a><\/figure>\n\n\n\n<p><\/p>\n","protected":false},"excerpt":{"rendered":"<p>La Fira de Contes s&#8217;ha celebrat, un any m\u00e9s, a la pla\u00e7a Doctor Vers en motiu de la diada de Sant Jordi. A les parades s&#8217;hi han exposat els treballs literaris de tot l&#8217;alumnat de l&#8217;escola i han omplert l&#8217;espai de m\u00e0gia i imaginaci\u00f3. Un&hellip;  <a href=\"https:\/\/agora.xtec.cat\/ceipjoventutcallus\/general\/fira-de-contes-2026\/\" title=\"Read FIRA DE CONTES 2026\">Llegeix m\u00e9s\u00bb<\/a><\/p>\n","protected":false},"author":1,"featured_media":6230,"comment_status":"closed","ping_status":"closed","sticky":false,"template":"","format":"standard","meta":{"_bbp_topic_count":0,"_bbp_reply_count":0,"_bbp_total_topic_count":0,"_bbp_total_reply_count":0,"_bbp_voice_count":0,"_bbp_anonymous_reply_count":0,"_bbp_topic_count_hidden":0,"_bbp_reply_count_hidden":0,"_bbp_forum_subforum_count":0,"footnotes":""},"categories":[1,4],"tags":[],"class_list":["post-6229","post","type-post","status-publish","format-standard","has-post-thumbnail","hentry","category-general","category-portada"],"post_mailing_queue_ids":[],"_links":{"self":[{"href":"https:\/\/agora.xtec.cat\/ceipjoventutcallus\/wp-json\/wp\/v2\/posts\/6229","targetHints":{"allow":["GET"]}}],"collection":[{"href":"https:\/\/agora.xtec.cat\/ceipjoventutcallus\/wp-json\/wp\/v2\/posts"}],"about":[{"href":"https:\/\/agora.xtec.cat\/ceipjoventutcallus\/wp-json\/wp\/v2\/types\/post"}],"author":[{"embeddable":true,"href":"https:\/\/agora.xtec.cat\/ceipjoventutcallus\/wp-json\/wp\/v2\/users\/1"}],"replies":[{"embeddable":true,"href":"https:\/\/agora.xtec.cat\/ceipjoventutcallus\/wp-json\/wp\/v2\/comments?post=6229"}],"version-history":[{"count":2,"href":"https:\/\/agora.xtec.cat\/ceipjoventutcallus\/wp-json\/wp\/v2\/posts\/6229\/revisions"}],"predecessor-version":[{"id":6232,"href":"https:\/\/agora.xtec.cat\/ceipjoventutcallus\/wp-json\/wp\/v2\/posts\/6229\/revisions\/6232"}],"wp:featuredmedia":[{"embeddable":true,"href":"https:\/\/agora.xtec.cat\/ceipjoventutcallus\/wp-json\/wp\/v2\/media\/6230"}],"wp:attachment":[{"href":"https:\/\/agora.xtec.cat\/ceipjoventutcallus\/wp-json\/wp\/v2\/media?parent=6229"}],"wp:term":[{"taxonomy":"category","embeddable":true,"href":"https:\/\/agora.xtec.cat\/ceipjoventutcallus\/wp-json\/wp\/v2\/categories?post=6229"},{"taxonomy":"post_tag","embeddable":true,"href":"https:\/\/agora.xtec.cat\/ceipjoventutcallus\/wp-json\/wp\/v2\/tags?post=6229"}],"curies":[{"name":"wp","href":"https:\/\/api.w.org\/{rel}","templated":true}]}}