{"id":6204,"date":"2026-04-17T00:31:16","date_gmt":"2026-04-16T22:31:16","guid":{"rendered":"https:\/\/agora.xtec.cat\/ceipjoventutcallus\/?p=6204"},"modified":"2026-04-22T21:10:52","modified_gmt":"2026-04-22T19:10:52","slug":"3r-gimcana-de-natura","status":"publish","type":"post","link":"https:\/\/agora.xtec.cat\/ceipjoventutcallus\/cm\/3r-gimcana-de-natura\/","title":{"rendered":"3r. Gimcana de natura"},"content":{"rendered":"\n<p>Els nens i nenes de tercer van poder gaudir el dimecres 15 d&#8217;abril de l&#8217;activitat &#8216;<em>Gimcana de Natura<\/em>&#8216; que ens va oferir l&#8217;Ajuntament.<\/p>\n\n\n\n<p>Mitjan\u00e7ant diverses din\u00e0miques (endevina qui soc, rastres, puzle del bosc, busca la parella, sopa de lletres de la biodiversitat, qui es menja a qui i conserva la natura) van con\u00e8ixer els animals i plantes m\u00e9s comunes de l&#8217;entorn de Call\u00fas. <\/p>\n\n\n\n<p><a href=\"https:\/\/drive.google.com\/drive\/folders\/142TKU2gPmE5uWlLW4Xr_vIwo6NsA2jrK?usp=sharing\" target=\"_blank\" rel=\"noreferrer noopener\">Feu un clic aqu\u00ed<\/a> per veure un petit recull d&#8217;imatges de l&#8217;experi\u00e8ncia.<\/p>\n","protected":false},"excerpt":{"rendered":"<p>Els nens i nenes de tercer van poder gaudir el dimecres 15 d&#8217;abril de l&#8217;activitat &#8216;Gimcana de Natura&#8216; que ens va oferir l&#8217;Ajuntament.<\/p>\n<p>Mitjan\u00e7ant diverses din\u00e0miques (endevina qui soc, rastres, puzle del bosc, busca la parella, sopa de lletres de la biodiversitat, qui es menja a&hellip;  <a href=\"https:\/\/agora.xtec.cat\/ceipjoventutcallus\/cm\/3r-gimcana-de-natura\/\" title=\"Read 3r. Gimcana de natura\">Llegeix m\u00e9s\u00bb<\/a><\/p>\n","protected":false},"author":12,"featured_media":6205,"comment_status":"closed","ping_status":"closed","sticky":false,"template":"","format":"standard","meta":{"_bbp_topic_count":0,"_bbp_reply_count":0,"_bbp_total_topic_count":0,"_bbp_total_reply_count":0,"_bbp_voice_count":0,"_bbp_anonymous_reply_count":0,"_bbp_topic_count_hidden":0,"_bbp_reply_count_hidden":0,"_bbp_forum_subforum_count":0,"footnotes":""},"categories":[62],"tags":[159,160,161],"class_list":["post-6204","post","type-post","status-publish","format-standard","has-post-thumbnail","hentry","category-cm","tag-activitats-de-lajuntament","tag-gimcana","tag-natura"],"post_mailing_queue_ids":[],"_links":{"self":[{"href":"https:\/\/agora.xtec.cat\/ceipjoventutcallus\/wp-json\/wp\/v2\/posts\/6204","targetHints":{"allow":["GET"]}}],"collection":[{"href":"https:\/\/agora.xtec.cat\/ceipjoventutcallus\/wp-json\/wp\/v2\/posts"}],"about":[{"href":"https:\/\/agora.xtec.cat\/ceipjoventutcallus\/wp-json\/wp\/v2\/types\/post"}],"author":[{"embeddable":true,"href":"https:\/\/agora.xtec.cat\/ceipjoventutcallus\/wp-json\/wp\/v2\/users\/12"}],"replies":[{"embeddable":true,"href":"https:\/\/agora.xtec.cat\/ceipjoventutcallus\/wp-json\/wp\/v2\/comments?post=6204"}],"version-history":[{"count":4,"href":"https:\/\/agora.xtec.cat\/ceipjoventutcallus\/wp-json\/wp\/v2\/posts\/6204\/revisions"}],"predecessor-version":[{"id":6221,"href":"https:\/\/agora.xtec.cat\/ceipjoventutcallus\/wp-json\/wp\/v2\/posts\/6204\/revisions\/6221"}],"wp:featuredmedia":[{"embeddable":true,"href":"https:\/\/agora.xtec.cat\/ceipjoventutcallus\/wp-json\/wp\/v2\/media\/6205"}],"wp:attachment":[{"href":"https:\/\/agora.xtec.cat\/ceipjoventutcallus\/wp-json\/wp\/v2\/media?parent=6204"}],"wp:term":[{"taxonomy":"category","embeddable":true,"href":"https:\/\/agora.xtec.cat\/ceipjoventutcallus\/wp-json\/wp\/v2\/categories?post=6204"},{"taxonomy":"post_tag","embeddable":true,"href":"https:\/\/agora.xtec.cat\/ceipjoventutcallus\/wp-json\/wp\/v2\/tags?post=6204"}],"curies":[{"name":"wp","href":"https:\/\/api.w.org\/{rel}","templated":true}]}}