{"id":6143,"date":"2026-03-02T09:00:00","date_gmt":"2026-03-02T08:00:00","guid":{"rendered":"https:\/\/agora.xtec.cat\/ceipjoventutcallus\/?p=6143"},"modified":"2026-04-14T13:48:40","modified_gmt":"2026-04-14T11:48:40","slug":"radio-ei-4-2n-trimestre","status":"publish","type":"post","link":"https:\/\/agora.xtec.cat\/ceipjoventutcallus\/radio-escola-joventut\/radio-ei-4-2n-trimestre\/","title":{"rendered":"R\u00e0dio EI, grup 4 &#8211; 2n Trimestre 2026"},"content":{"rendered":"\n<p>Continuem una setmana m\u00e9s a R\u00e0dio Escola Joventut. En aquest cas s\u00f3n els i les alumnes d\u2019Educaci\u00f3 Infantil dels grups d\u2019I3, I4 i I5, els protagonistes del programa d\u2019aquesta setmana. Aqu\u00ed el teniu, esperem que us agradi! El podreu escoltar clicant a la imatge:<\/p>\n\n\n<div class=\"wp-block-image\">\n<figure class=\"aligncenter size-full\"><a href=\"https:\/\/drive.google.com\/file\/d\/1cT8U_eK_ycfRmpm-kZr-OktKLNjbCEN3\/view?usp=sharing\" target=\"_blank\"><img loading=\"lazy\" decoding=\"async\" width=\"300\" height=\"300\" src=\"https:\/\/agora.xtec.cat\/ceipjoventutcallus\/wp-content\/uploads\/usu1947\/2024\/11\/logo_radio-e1730812514382.png\" alt=\"\" class=\"wp-image-5365\"\/><\/a><\/figure><\/div>\n\n\n<figure class=\"wp-block-gallery has-nested-images columns-default is-cropped wp-block-gallery-1 is-layout-flex wp-block-gallery-is-layout-flex\"><\/figure>\n","protected":false},"excerpt":{"rendered":"<p>Continuem una setmana m\u00e9s a R\u00e0dio Escola Joventut. En aquest cas s\u00f3n els i les alumnes d\u2019Educaci\u00f3 Infantil dels grups d\u2019I3, I4 i I5, els protagonistes del programa d\u2019aquesta setmana. Aqu\u00ed el teniu, esperem que us agradi! El podreu escoltar clicant a la imatge:<\/p>\n<p><a href=\"https:\/\/drive.google.com\/file\/d\/1cT8U_eK_ycfRmpm-kZr-OktKLNjbCEN3\/view?usp=sharing\"&hellip;  <a href=\"https:\/\/agora.xtec.cat\/ceipjoventutcallus\/radio-escola-joventut\/radio-ei-4-2n-trimestre\/\" title=\"Read R\u00e0dio EI, grup 4 &#8211; 2n Trimestre 2026\">Llegeix m\u00e9s\u00bb<\/a><\/p>\n","protected":false},"author":10,"featured_media":5365,"comment_status":"closed","ping_status":"closed","sticky":false,"template":"","format":"standard","meta":{"_bbp_topic_count":0,"_bbp_reply_count":0,"_bbp_total_topic_count":0,"_bbp_total_reply_count":0,"_bbp_voice_count":0,"_bbp_anonymous_reply_count":0,"_bbp_topic_count_hidden":0,"_bbp_reply_count_hidden":0,"_bbp_forum_subforum_count":0,"footnotes":""},"categories":[139],"tags":[118],"class_list":["post-6143","post","type-post","status-publish","format-standard","has-post-thumbnail","hentry","category-radio-escola-joventut","tag-radio-escola"],"post_mailing_queue_ids":[],"_links":{"self":[{"href":"https:\/\/agora.xtec.cat\/ceipjoventutcallus\/wp-json\/wp\/v2\/posts\/6143","targetHints":{"allow":["GET"]}}],"collection":[{"href":"https:\/\/agora.xtec.cat\/ceipjoventutcallus\/wp-json\/wp\/v2\/posts"}],"about":[{"href":"https:\/\/agora.xtec.cat\/ceipjoventutcallus\/wp-json\/wp\/v2\/types\/post"}],"author":[{"embeddable":true,"href":"https:\/\/agora.xtec.cat\/ceipjoventutcallus\/wp-json\/wp\/v2\/users\/10"}],"replies":[{"embeddable":true,"href":"https:\/\/agora.xtec.cat\/ceipjoventutcallus\/wp-json\/wp\/v2\/comments?post=6143"}],"version-history":[{"count":5,"href":"https:\/\/agora.xtec.cat\/ceipjoventutcallus\/wp-json\/wp\/v2\/posts\/6143\/revisions"}],"predecessor-version":[{"id":6154,"href":"https:\/\/agora.xtec.cat\/ceipjoventutcallus\/wp-json\/wp\/v2\/posts\/6143\/revisions\/6154"}],"wp:featuredmedia":[{"embeddable":true,"href":"https:\/\/agora.xtec.cat\/ceipjoventutcallus\/wp-json\/wp\/v2\/media\/5365"}],"wp:attachment":[{"href":"https:\/\/agora.xtec.cat\/ceipjoventutcallus\/wp-json\/wp\/v2\/media?parent=6143"}],"wp:term":[{"taxonomy":"category","embeddable":true,"href":"https:\/\/agora.xtec.cat\/ceipjoventutcallus\/wp-json\/wp\/v2\/categories?post=6143"},{"taxonomy":"post_tag","embeddable":true,"href":"https:\/\/agora.xtec.cat\/ceipjoventutcallus\/wp-json\/wp\/v2\/tags?post=6143"}],"curies":[{"name":"wp","href":"https:\/\/api.w.org\/{rel}","templated":true}]}}