{"id":6112,"date":"2026-02-09T09:38:57","date_gmt":"2026-02-09T08:38:57","guid":{"rendered":"https:\/\/agora.xtec.cat\/ceipjoventutcallus\/?p=6112"},"modified":"2026-04-14T13:42:25","modified_gmt":"2026-04-14T11:42:25","slug":"radio-5e-b-2n-trimestre-2026","status":"publish","type":"post","link":"https:\/\/agora.xtec.cat\/ceipjoventutcallus\/radio-escola-joventut\/radio-5e-b-2n-trimestre-2026\/","title":{"rendered":"R\u00e0dio 5\u00e8 B &#8211; 2n Trimestre 2026"},"content":{"rendered":"<p>Continuem una setmana m\u00e9s a R\u00e0dio Escola Joventut. En aquest cas s\u00f3n els i les alumnes de 5\u00e8 B els protagonistes del programa d\u2019aquesta setmana. Aqu\u00ed el teniu, esperem que us agradi! El podreu escoltar clicant a la imatge:<\/p>\n<p><a href=\"https:\/\/drive.google.com\/file\/d\/1qQedhn2SgrY4JVA6ZsVogw_23GuzBq2H\/view?usp=sharing\" target=\"_blank\" rel=\"noopener\"><img loading=\"lazy\" decoding=\"async\" class=\"aligncenter size-full wp-image-5365\" src=\"https:\/\/agora.xtec.cat\/ceipjoventutcallus\/wp-content\/uploads\/usu1947\/2024\/11\/logo_radio-e1730812514382.png\" alt=\"\" width=\"300\" height=\"300\" \/><\/a><\/p>\n","protected":false},"excerpt":{"rendered":"<p>Continuem una setmana m\u00e9s a R\u00e0dio Escola Joventut. En aquest cas s\u00f3n els i les alumnes de 5\u00e8 B els protagonistes del programa d\u2019aquesta setmana. Aqu\u00ed el teniu, esperem que us agradi! El podreu escoltar clicant a la imatge:<br \/>\n<a href=\"https:\/\/drive.google.com\/file\/d\/1qQedhn2SgrY4JVA6ZsVogw_23GuzBq2H\/view?usp=sharing\" target=\"_blank\" rel=\"noopener\"><\/a><\/p>\n","protected":false},"author":13,"featured_media":5365,"comment_status":"closed","ping_status":"closed","sticky":false,"template":"","format":"standard","meta":{"_bbp_topic_count":0,"_bbp_reply_count":0,"_bbp_total_topic_count":0,"_bbp_total_reply_count":0,"_bbp_voice_count":0,"_bbp_anonymous_reply_count":0,"_bbp_topic_count_hidden":0,"_bbp_reply_count_hidden":0,"_bbp_forum_subforum_count":0,"footnotes":""},"categories":[139],"tags":[118],"class_list":["post-6112","post","type-post","status-publish","format-standard","has-post-thumbnail","hentry","category-radio-escola-joventut","tag-radio-escola"],"post_mailing_queue_ids":[],"_links":{"self":[{"href":"https:\/\/agora.xtec.cat\/ceipjoventutcallus\/wp-json\/wp\/v2\/posts\/6112","targetHints":{"allow":["GET"]}}],"collection":[{"href":"https:\/\/agora.xtec.cat\/ceipjoventutcallus\/wp-json\/wp\/v2\/posts"}],"about":[{"href":"https:\/\/agora.xtec.cat\/ceipjoventutcallus\/wp-json\/wp\/v2\/types\/post"}],"author":[{"embeddable":true,"href":"https:\/\/agora.xtec.cat\/ceipjoventutcallus\/wp-json\/wp\/v2\/users\/13"}],"replies":[{"embeddable":true,"href":"https:\/\/agora.xtec.cat\/ceipjoventutcallus\/wp-json\/wp\/v2\/comments?post=6112"}],"version-history":[{"count":1,"href":"https:\/\/agora.xtec.cat\/ceipjoventutcallus\/wp-json\/wp\/v2\/posts\/6112\/revisions"}],"predecessor-version":[{"id":6113,"href":"https:\/\/agora.xtec.cat\/ceipjoventutcallus\/wp-json\/wp\/v2\/posts\/6112\/revisions\/6113"}],"wp:featuredmedia":[{"embeddable":true,"href":"https:\/\/agora.xtec.cat\/ceipjoventutcallus\/wp-json\/wp\/v2\/media\/5365"}],"wp:attachment":[{"href":"https:\/\/agora.xtec.cat\/ceipjoventutcallus\/wp-json\/wp\/v2\/media?parent=6112"}],"wp:term":[{"taxonomy":"category","embeddable":true,"href":"https:\/\/agora.xtec.cat\/ceipjoventutcallus\/wp-json\/wp\/v2\/categories?post=6112"},{"taxonomy":"post_tag","embeddable":true,"href":"https:\/\/agora.xtec.cat\/ceipjoventutcallus\/wp-json\/wp\/v2\/tags?post=6112"}],"curies":[{"name":"wp","href":"https:\/\/api.w.org\/{rel}","templated":true}]}}