{"id":6061,"date":"2025-12-23T16:07:19","date_gmt":"2025-12-23T15:07:19","guid":{"rendered":"https:\/\/agora.xtec.cat\/ceipjoventutcallus\/?p=6061"},"modified":"2025-12-23T16:07:25","modified_gmt":"2025-12-23T15:07:25","slug":"cantades-de-nadales","status":"publish","type":"post","link":"https:\/\/agora.xtec.cat\/ceipjoventutcallus\/general\/cantades-de-nadales\/","title":{"rendered":"Cantades de nadales"},"content":{"rendered":"<p>Un any m\u00e9s, l&#8217;alumnat de l&#8217;escola ha omplert la pla\u00e7a de la millor m\u00fasica i d&#8217;esperit nadalenc amb les tradicionals Cantades de Nadales.<\/p>\n<p>Per veure els v\u00eddeos cliqueu la imatge.<\/p>\n<p><a href=\"https:\/\/drive.google.com\/drive\/folders\/1vnYaY4bAxUMWsZa-5Q-D4wCpItdjeFFQ?usp=sharing\"><img loading=\"lazy\" decoding=\"async\" class=\"wp-image-6062 alignleft\" src=\"https:\/\/agora.xtec.cat\/ceipjoventutcallus\/wp-content\/uploads\/usu1947\/2025\/12\/Disseny-sense-titol.png\" alt=\"\" width=\"235\" height=\"166\" srcset=\"https:\/\/agora.xtec.cat\/ceipjoventutcallus\/wp-content\/uploads\/usu1947\/2025\/12\/Disseny-sense-titol.png 2000w, https:\/\/agora.xtec.cat\/ceipjoventutcallus\/wp-content\/uploads\/usu1947\/2025\/12\/Disseny-sense-titol-300x212.png 300w, https:\/\/agora.xtec.cat\/ceipjoventutcallus\/wp-content\/uploads\/usu1947\/2025\/12\/Disseny-sense-titol-1024x724.png 1024w, https:\/\/agora.xtec.cat\/ceipjoventutcallus\/wp-content\/uploads\/usu1947\/2025\/12\/Disseny-sense-titol-768x543.png 768w, https:\/\/agora.xtec.cat\/ceipjoventutcallus\/wp-content\/uploads\/usu1947\/2025\/12\/Disseny-sense-titol-1536x1086.png 1536w\" sizes=\"auto, (max-width: 235px) 100vw, 235px\" \/><\/a><\/p>\n","protected":false},"excerpt":{"rendered":"<p>Un any m\u00e9s, l&#8217;alumnat de l&#8217;escola ha omplert la pla\u00e7a de la millor m\u00fasica i d&#8217;esperit nadalenc amb les tradicionals Cantades de Nadales.<br \/>\nPer veure els v\u00eddeos cliqueu la imatge.<br \/>\n<a href=\"https:\/\/drive.google.com\/drive\/folders\/1vnYaY4bAxUMWsZa-5Q-D4wCpItdjeFFQ?usp=sharing\"><\/a><\/p>\n","protected":false},"author":1,"featured_media":0,"comment_status":"closed","ping_status":"closed","sticky":false,"template":"","format":"standard","meta":{"_bbp_topic_count":0,"_bbp_reply_count":0,"_bbp_total_topic_count":0,"_bbp_total_reply_count":0,"_bbp_voice_count":0,"_bbp_anonymous_reply_count":0,"_bbp_topic_count_hidden":0,"_bbp_reply_count_hidden":0,"_bbp_forum_subforum_count":0,"footnotes":""},"categories":[1,4],"tags":[],"class_list":["post-6061","post","type-post","status-publish","format-standard","hentry","category-general","category-portada"],"post_mailing_queue_ids":[],"_links":{"self":[{"href":"https:\/\/agora.xtec.cat\/ceipjoventutcallus\/wp-json\/wp\/v2\/posts\/6061","targetHints":{"allow":["GET"]}}],"collection":[{"href":"https:\/\/agora.xtec.cat\/ceipjoventutcallus\/wp-json\/wp\/v2\/posts"}],"about":[{"href":"https:\/\/agora.xtec.cat\/ceipjoventutcallus\/wp-json\/wp\/v2\/types\/post"}],"author":[{"embeddable":true,"href":"https:\/\/agora.xtec.cat\/ceipjoventutcallus\/wp-json\/wp\/v2\/users\/1"}],"replies":[{"embeddable":true,"href":"https:\/\/agora.xtec.cat\/ceipjoventutcallus\/wp-json\/wp\/v2\/comments?post=6061"}],"version-history":[{"count":1,"href":"https:\/\/agora.xtec.cat\/ceipjoventutcallus\/wp-json\/wp\/v2\/posts\/6061\/revisions"}],"predecessor-version":[{"id":6063,"href":"https:\/\/agora.xtec.cat\/ceipjoventutcallus\/wp-json\/wp\/v2\/posts\/6061\/revisions\/6063"}],"wp:attachment":[{"href":"https:\/\/agora.xtec.cat\/ceipjoventutcallus\/wp-json\/wp\/v2\/media?parent=6061"}],"wp:term":[{"taxonomy":"category","embeddable":true,"href":"https:\/\/agora.xtec.cat\/ceipjoventutcallus\/wp-json\/wp\/v2\/categories?post=6061"},{"taxonomy":"post_tag","embeddable":true,"href":"https:\/\/agora.xtec.cat\/ceipjoventutcallus\/wp-json\/wp\/v2\/tags?post=6061"}],"curies":[{"name":"wp","href":"https:\/\/api.w.org\/{rel}","templated":true}]}}