{"id":6034,"date":"2025-12-15T09:50:29","date_gmt":"2025-12-15T08:50:29","guid":{"rendered":"https:\/\/agora.xtec.cat\/ceipjoventutcallus\/?p=6034"},"modified":"2025-12-15T09:50:33","modified_gmt":"2025-12-15T08:50:33","slug":"especial-nadal-4t","status":"publish","type":"post","link":"https:\/\/agora.xtec.cat\/ceipjoventutcallus\/radio-escola-joventut\/especial-nadal-4t\/","title":{"rendered":"Especial Nadal 4t"},"content":{"rendered":"<p>Acabem el primer trimestre amb l&#8217;\u00faltim programa de l&#8217;any 2025 de R\u00e0dio Escola Joventut! Es tracta d&#8217;un programa especial Nadal protagonitzat per l&#8217;alumnat de 4t. Aqu\u00ed el teniu, esperem que us agradi! El podreu escoltar clicant a la imatge:<\/p>\n<p><a href=\"https:\/\/drive.google.com\/file\/d\/1jg2pgJD2abextF98G5byA-uQoieOlcoR\/view?usp=sharing\" target=\"_blank\" rel=\"noopener\"><img loading=\"lazy\" decoding=\"async\" class=\"alignnone size-full wp-image-5365\" src=\"https:\/\/agora.xtec.cat\/ceipjoventutcallus\/wp-content\/uploads\/usu1947\/2024\/11\/logo_radio-e1730812514382.png\" alt=\"\" width=\"300\" height=\"300\" \/><\/a><\/p>\n","protected":false},"excerpt":{"rendered":"<p>Acabem el primer trimestre amb l&#8217;\u00faltim programa de l&#8217;any 2025 de R\u00e0dio Escola Joventut! Es tracta d&#8217;un programa especial Nadal protagonitzat per l&#8217;alumnat de 4t. Aqu\u00ed el teniu, esperem que us agradi! El podreu escoltar clicant a la imatge:<br \/>\n<a href=\"https:\/\/drive.google.com\/file\/d\/1jg2pgJD2abextF98G5byA-uQoieOlcoR\/view?usp=sharing\" target=\"_blank\" rel=\"noopener\"><\/a><\/p>\n","protected":false},"author":12,"featured_media":5365,"comment_status":"open","ping_status":"open","sticky":false,"template":"","format":"standard","meta":{"_bbp_topic_count":0,"_bbp_reply_count":0,"_bbp_total_topic_count":0,"_bbp_total_reply_count":0,"_bbp_voice_count":0,"_bbp_anonymous_reply_count":0,"_bbp_topic_count_hidden":0,"_bbp_reply_count_hidden":0,"_bbp_forum_subforum_count":0,"footnotes":""},"categories":[139],"tags":[118],"class_list":["post-6034","post","type-post","status-publish","format-standard","has-post-thumbnail","hentry","category-radio-escola-joventut","tag-radio-escola"],"post_mailing_queue_ids":[],"_links":{"self":[{"href":"https:\/\/agora.xtec.cat\/ceipjoventutcallus\/wp-json\/wp\/v2\/posts\/6034","targetHints":{"allow":["GET"]}}],"collection":[{"href":"https:\/\/agora.xtec.cat\/ceipjoventutcallus\/wp-json\/wp\/v2\/posts"}],"about":[{"href":"https:\/\/agora.xtec.cat\/ceipjoventutcallus\/wp-json\/wp\/v2\/types\/post"}],"author":[{"embeddable":true,"href":"https:\/\/agora.xtec.cat\/ceipjoventutcallus\/wp-json\/wp\/v2\/users\/12"}],"replies":[{"embeddable":true,"href":"https:\/\/agora.xtec.cat\/ceipjoventutcallus\/wp-json\/wp\/v2\/comments?post=6034"}],"version-history":[{"count":1,"href":"https:\/\/agora.xtec.cat\/ceipjoventutcallus\/wp-json\/wp\/v2\/posts\/6034\/revisions"}],"predecessor-version":[{"id":6035,"href":"https:\/\/agora.xtec.cat\/ceipjoventutcallus\/wp-json\/wp\/v2\/posts\/6034\/revisions\/6035"}],"wp:featuredmedia":[{"embeddable":true,"href":"https:\/\/agora.xtec.cat\/ceipjoventutcallus\/wp-json\/wp\/v2\/media\/5365"}],"wp:attachment":[{"href":"https:\/\/agora.xtec.cat\/ceipjoventutcallus\/wp-json\/wp\/v2\/media?parent=6034"}],"wp:term":[{"taxonomy":"category","embeddable":true,"href":"https:\/\/agora.xtec.cat\/ceipjoventutcallus\/wp-json\/wp\/v2\/categories?post=6034"},{"taxonomy":"post_tag","embeddable":true,"href":"https:\/\/agora.xtec.cat\/ceipjoventutcallus\/wp-json\/wp\/v2\/tags?post=6034"}],"curies":[{"name":"wp","href":"https:\/\/api.w.org\/{rel}","templated":true}]}}