{"id":6013,"date":"2025-12-02T13:58:22","date_gmt":"2025-12-02T12:58:22","guid":{"rendered":"https:\/\/agora.xtec.cat\/ceipjoventutcallus\/?p=6013"},"modified":"2026-03-09T15:33:23","modified_gmt":"2026-03-09T14:33:23","slug":"radio-ei-2","status":"publish","type":"post","link":"https:\/\/agora.xtec.cat\/ceipjoventutcallus\/radio-escola-joventut\/radio-ei-2\/","title":{"rendered":"R\u00e0dio EI, grup 2"},"content":{"rendered":"<p>Continuem una setmana m\u00e9s a R\u00e0dio Escola Joventut. En aquest cas s\u00f3n els i les alumnes d\u2019Educaci\u00f3 Infantil dels grups d\u2019I3, I4 i I5, els protagonistes del programa d\u2019aquesta setmana. Aqu\u00ed el teniu, esperem que us agradi! El podreu escoltar clicant a la imatge:<\/p>\n<p><a href=\"https:\/\/drive.google.com\/file\/d\/1ob57bSwHioeDM2tiegY8KpyGxi4aWcOJ\/view?usp=sharing\" target=\"_blank\" rel=\"noopener\"><img loading=\"lazy\" decoding=\"async\" class=\"alignnone size-medium wp-image-5365\" src=\"https:\/\/agora.xtec.cat\/ceipjoventutcallus\/wp-content\/uploads\/usu1947\/2024\/11\/logo_radio-300x300.png\" alt=\"\" width=\"300\" height=\"300\" \/><\/a><\/p>\n","protected":false},"excerpt":{"rendered":"<p>Continuem una setmana m\u00e9s a R\u00e0dio Escola Joventut. En aquest cas s\u00f3n els i les alumnes d\u2019Educaci\u00f3 Infantil dels grups d\u2019I3, I4 i I5, els protagonistes del programa d\u2019aquesta setmana. Aqu\u00ed el teniu, esperem que us agradi! El podreu escoltar clicant a la imatge:<br \/>\n<a href=\"https:\/\/drive.google.com\/file\/d\/1ob57bSwHioeDM2tiegY8KpyGxi4aWcOJ\/view?usp=sharing\"&hellip;  <a href=\"https:\/\/agora.xtec.cat\/ceipjoventutcallus\/radio-escola-joventut\/radio-ei-2\/\" title=\"Read R\u00e0dio EI, grup 2\">Llegeix m\u00e9s\u00bb<\/a><\/p>\n","protected":false},"author":10,"featured_media":5365,"comment_status":"open","ping_status":"open","sticky":false,"template":"","format":"standard","meta":{"_bbp_topic_count":0,"_bbp_reply_count":0,"_bbp_total_topic_count":0,"_bbp_total_reply_count":0,"_bbp_voice_count":0,"_bbp_anonymous_reply_count":0,"_bbp_topic_count_hidden":0,"_bbp_reply_count_hidden":0,"_bbp_forum_subforum_count":0,"footnotes":""},"categories":[139],"tags":[118],"class_list":["post-6013","post","type-post","status-publish","format-standard","has-post-thumbnail","hentry","category-radio-escola-joventut","tag-radio-escola"],"post_mailing_queue_ids":[],"_links":{"self":[{"href":"https:\/\/agora.xtec.cat\/ceipjoventutcallus\/wp-json\/wp\/v2\/posts\/6013","targetHints":{"allow":["GET"]}}],"collection":[{"href":"https:\/\/agora.xtec.cat\/ceipjoventutcallus\/wp-json\/wp\/v2\/posts"}],"about":[{"href":"https:\/\/agora.xtec.cat\/ceipjoventutcallus\/wp-json\/wp\/v2\/types\/post"}],"author":[{"embeddable":true,"href":"https:\/\/agora.xtec.cat\/ceipjoventutcallus\/wp-json\/wp\/v2\/users\/10"}],"replies":[{"embeddable":true,"href":"https:\/\/agora.xtec.cat\/ceipjoventutcallus\/wp-json\/wp\/v2\/comments?post=6013"}],"version-history":[{"count":2,"href":"https:\/\/agora.xtec.cat\/ceipjoventutcallus\/wp-json\/wp\/v2\/posts\/6013\/revisions"}],"predecessor-version":[{"id":6157,"href":"https:\/\/agora.xtec.cat\/ceipjoventutcallus\/wp-json\/wp\/v2\/posts\/6013\/revisions\/6157"}],"wp:featuredmedia":[{"embeddable":true,"href":"https:\/\/agora.xtec.cat\/ceipjoventutcallus\/wp-json\/wp\/v2\/media\/5365"}],"wp:attachment":[{"href":"https:\/\/agora.xtec.cat\/ceipjoventutcallus\/wp-json\/wp\/v2\/media?parent=6013"}],"wp:term":[{"taxonomy":"category","embeddable":true,"href":"https:\/\/agora.xtec.cat\/ceipjoventutcallus\/wp-json\/wp\/v2\/categories?post=6013"},{"taxonomy":"post_tag","embeddable":true,"href":"https:\/\/agora.xtec.cat\/ceipjoventutcallus\/wp-json\/wp\/v2\/tags?post=6013"}],"curies":[{"name":"wp","href":"https:\/\/api.w.org\/{rel}","templated":true}]}}